{"id":100930,"date":"2025-05-14T08:16:59","date_gmt":"2025-05-14T11:16:59","guid":{"rendered":"https:\/\/radiolifefm.com.br\/noticias\/?p=100930"},"modified":"2026-01-08T06:27:11","modified_gmt":"2026-01-08T09:27:11","slug":"naquele-outro-lado-estava-o-tempo","status":"publish","type":"post","link":"https:\/\/radiolifefm.com.br\/noticias\/naquele-outro-lado-estava-o-tempo\/","title":{"rendered":"Naquele outro LADO estava o TEMPO&#8230;"},"content":{"rendered":"<div id=\"fb-root\"><\/div>\n<p><strong><em>\u201cCada um de n\u00f3s \u00e9 uma lua e tem um lado escuro que nunca mostra a ningu\u00e9m.\u201d (<\/em><\/strong><a href=\"https:\/\/www.pensador.com\/autor\/mark_twain\/\"><strong><em>Mark Twain<\/em><\/strong><\/a><strong><em>)<\/em><\/strong><\/p>\n<p><strong><em>\u00a0<\/em><\/strong><\/p>\n<p><strong><em>\u201cO tempo \u00e9 um vest\u00edgio de eternidade.\u201d (Santo Agostinho)<\/em><\/strong><\/p>\n<p><strong><em>\u00a0<\/em><\/strong><\/p>\n<p><strong>By seb@r.<\/strong><\/p>\n<p>&nbsp;<\/p>\n<p>Faz algum TEMPO que todos os LADOS estavam em sil\u00eancio pelo mesmo motivo de sempre, portanto, cada LADO estava buscando apenas o outro TEMPO&#8230;<\/p>\n<p>No mais em meio ao tudo, talvez, o TEMPO possa estar daquele outro LADO que se perdeu em si mesmo\/a, por\u00e9m, como sempre, cada LADO deve saber como anda o seu TEMPO&#8230;<\/p>\n<p>De um jeito ou de outro, nada pode ser para sempre como disse o poeta do outro TEMPO, assim, apenas quem estava naquele LADO pode saber pra onde ir sem deixar passar este mesmo TEMPO&#8230;<\/p>\n<p>Nas profundezas do TEMPO, pode ser que as ironias estejam do mesmo LADO, por\u00e9m, apenas quem est\u00e1 deste LADO pode saber como vai ficar o TEMPO&#8230;<\/p>\n<p>As d\u00favidas continuam circulando para este ou aquele LADO, todavia, apenas quem est\u00e1 neste TEMPO pode saber as respostas que ficaram do outro LADO&#8230;<\/p>\n<p>Por isso, ainda, talvez aquilo, os detalhes que est\u00e3o neste TEMPO e continuam buscando apenas o LADO da espera e nada mais, se bem que o tudo de menos pode fazer a diferen\u00e7a&#8230;<\/p>\n<p>O universo continua do mesmo LADO neste TEMPO, haja vista que as estrelas se perderam do outro LADO daquele outro TEMPO e a escurid\u00e3o continua marcando presen\u00e7a&#8230;<\/p>\n<p>Mas, como sempre, tudo pode mudar de uma hora para outra e o cen\u00e1rio ser transferido para aquele TEMPO, por\u00e9m, nem tudo pode ser alterado de LUGAR&#8230;<\/p>\n<p>Cada qual com suas escolhas neste LADO, por isso, deve-se levar em conta que este LADO pode fazer a diferen\u00e7a em meio aos desencontros de si mesmo\/a&#8230;<\/p>\n<p>Nada pode mudar o que est\u00e1 dito pelo n\u00e3o dito, portanto, o seu LADO pode ser a marca que est\u00e1 neste registro do TEMPO&#8230;<\/p>\n<p>De que LADO pode estar o TEMPO neste momento em que tudo fica do mesmo LADO, isto ou aquilo vai de encontro com as esperan\u00e7as que se perderam no TEMPO&#8230;<\/p>\n<p>Mesmo que tudo se resolva para todos os LADOS de um mesmo LADO, pode ser que nada esteja de acordo com o TEMPO e ponto quase final&#8230;<\/p>\n<p>As incertezas de que o TEMPO continua do mesmo LADO que estava naquele outro TEMPO, ou seja, que se perdeu no abismo das palavras do m\u00e1gico&#8230;<\/p>\n<p>APENAS VOC\u00ca PODE SABER QUAL ERA O SEU LUGAR NESTE TEMPO&#8230;<\/p>\n<p>&nbsp;<\/p>\n<p><strong>e-mail: <\/strong><a href=\"mailto:barbosa.sebar@gmail.com\"><strong>barbosa.sebar@gmail.com<\/strong><\/a><\/p>\n","protected":false},"excerpt":{"rendered":"<p>\u201cCada um de n\u00f3s \u00e9 uma lua e tem um lado escuro que nunca mostra a ningu\u00e9m.\u201d (Mark Twain) \u00a0 \u201cO tempo \u00e9 um vest\u00edgio de eternidade.\u201d (Santo Agostinho) \u00a0 By seb@r. &nbsp; Faz algum TEMPO que todos os LADOS estavam em sil\u00eancio pelo mesmo motivo de sempre, portanto, cada LADO estava buscando apenas o [&hellip;]<\/p>\n","protected":false},"author":13,"featured_media":51988,"comment_status":"closed","ping_status":"open","sticky":false,"template":"","format":"standard","meta":{"_acf_changed":false,"_exactmetrics_skip_tracking":false,"_exactmetrics_sitenote_active":false,"_exactmetrics_sitenote_note":"","_exactmetrics_sitenote_category":0,"footnotes":""},"categories":[59],"tags":[],"class_list":["post-100930","post","type-post","status-publish","format-standard","has-post-thumbnail","hentry","category-opiniao"],"acf":[],"yoast_head":"<!-- This site is optimized with the Yoast SEO plugin v27.2 - https:\/\/yoast.com\/product\/yoast-seo-wordpress\/ -->\n<title>Naquele outro LADO estava o TEMPO... - R\u00e1dio Life FM<\/title>\n<meta name=\"robots\" content=\"index, follow, max-snippet:-1, max-image-preview:large, max-video-preview:-1\" \/>\n<link rel=\"canonical\" href=\"https:\/\/radiolifefm.com.br\/noticias\/naquele-outro-lado-estava-o-tempo\/\" \/>\n<meta property=\"og:locale\" content=\"pt_BR\" \/>\n<meta property=\"og:type\" content=\"article\" \/>\n<meta property=\"og:title\" content=\"Naquele outro LADO estava o TEMPO... - R\u00e1dio Life FM\" \/>\n<meta property=\"og:description\" content=\"\u201cCada um de n\u00f3s \u00e9 uma lua e tem um lado escuro que nunca mostra a ningu\u00e9m.\u201d (Mark Twain) \u00a0 \u201cO tempo \u00e9 um vest\u00edgio de eternidade.\u201d (Santo Agostinho) \u00a0 By seb@r. &nbsp; Faz algum TEMPO que todos os LADOS estavam em sil\u00eancio pelo mesmo motivo de sempre, portanto, cada LADO estava buscando apenas o [&hellip;]\" \/>\n<meta property=\"og:url\" content=\"https:\/\/radiolifefm.com.br\/noticias\/naquele-outro-lado-estava-o-tempo\/\" \/>\n<meta property=\"og:site_name\" content=\"R\u00e1dio Life FM\" \/>\n<meta property=\"article:publisher\" content=\"https:\/\/www.facebook.com\/radiolifefm\/\" \/>\n<meta property=\"article:published_time\" content=\"2025-05-14T11:16:59+00:00\" \/>\n<meta property=\"article:modified_time\" content=\"2026-01-08T09:27:11+00:00\" \/>\n<meta property=\"og:image\" content=\"https:\/\/radiolifefm.com.br\/noticias\/wp-content\/uploads\/2022\/04\/WhatsApp-Image-2022-04-10-at-18.43.02.jpeg\" \/>\n\t<meta property=\"og:image:width\" content=\"972\" \/>\n\t<meta property=\"og:image:height\" content=\"1296\" \/>\n\t<meta property=\"og:image:type\" content=\"image\/jpeg\" \/>\n<meta name=\"author\" content=\"ritanery\" \/>\n<meta name=\"twitter:card\" content=\"summary_large_image\" \/>\n<meta name=\"twitter:label1\" content=\"Escrito por\" \/>\n\t<meta name=\"twitter:data1\" content=\"ritanery\" \/>\n\t<meta name=\"twitter:label2\" content=\"Est. tempo de leitura\" \/>\n\t<meta name=\"twitter:data2\" content=\"3 minutos\" \/>\n<script type=\"application\/ld+json\" class=\"yoast-schema-graph\">{\"@context\":\"https:\/\/schema.org\",\"@graph\":[{\"@type\":\"Article\",\"@id\":\"https:\/\/radiolifefm.com.br\/noticias\/naquele-outro-lado-estava-o-tempo\/#article\",\"isPartOf\":{\"@id\":\"https:\/\/radiolifefm.com.br\/noticias\/naquele-outro-lado-estava-o-tempo\/\"},\"author\":{\"name\":\"ritanery\",\"@id\":\"https:\/\/radiolifefm.com.br\/noticias\/#\/schema\/person\/6339b9fac59d12b071dec680d7375d87\"},\"headline\":\"Naquele outro LADO estava o TEMPO&#8230;\",\"datePublished\":\"2025-05-14T11:16:59+00:00\",\"dateModified\":\"2026-01-08T09:27:11+00:00\",\"mainEntityOfPage\":{\"@id\":\"https:\/\/radiolifefm.com.br\/noticias\/naquele-outro-lado-estava-o-tempo\/\"},\"wordCount\":434,\"publisher\":{\"@id\":\"https:\/\/radiolifefm.com.br\/noticias\/#organization\"},\"image\":{\"@id\":\"https:\/\/radiolifefm.com.br\/noticias\/naquele-outro-lado-estava-o-tempo\/#primaryimage\"},\"thumbnailUrl\":\"https:\/\/radiolifefm.com.br\/noticias\/wp-content\/uploads\/2022\/04\/WhatsApp-Image-2022-04-10-at-18.43.02.jpeg\",\"articleSection\":[\"Opini\u00e3o\"],\"inLanguage\":\"pt-BR\"},{\"@type\":\"WebPage\",\"@id\":\"https:\/\/radiolifefm.com.br\/noticias\/naquele-outro-lado-estava-o-tempo\/\",\"url\":\"https:\/\/radiolifefm.com.br\/noticias\/naquele-outro-lado-estava-o-tempo\/\",\"name\":\"Naquele outro LADO estava o TEMPO... - R\u00e1dio Life FM\",\"isPartOf\":{\"@id\":\"https:\/\/radiolifefm.com.br\/noticias\/#website\"},\"primaryImageOfPage\":{\"@id\":\"https:\/\/radiolifefm.com.br\/noticias\/naquele-outro-lado-estava-o-tempo\/#primaryimage\"},\"image\":{\"@id\":\"https:\/\/radiolifefm.com.br\/noticias\/naquele-outro-lado-estava-o-tempo\/#primaryimage\"},\"thumbnailUrl\":\"https:\/\/radiolifefm.com.br\/noticias\/wp-content\/uploads\/2022\/04\/WhatsApp-Image-2022-04-10-at-18.43.02.jpeg\",\"datePublished\":\"2025-05-14T11:16:59+00:00\",\"dateModified\":\"2026-01-08T09:27:11+00:00\",\"breadcrumb\":{\"@id\":\"https:\/\/radiolifefm.com.br\/noticias\/naquele-outro-lado-estava-o-tempo\/#breadcrumb\"},\"inLanguage\":\"pt-BR\",\"potentialAction\":[{\"@type\":\"ReadAction\",\"target\":[\"https:\/\/radiolifefm.com.br\/noticias\/naquele-outro-lado-estava-o-tempo\/\"]}]},{\"@type\":\"ImageObject\",\"inLanguage\":\"pt-BR\",\"@id\":\"https:\/\/radiolifefm.com.br\/noticias\/naquele-outro-lado-estava-o-tempo\/#primaryimage\",\"url\":\"https:\/\/radiolifefm.com.br\/noticias\/wp-content\/uploads\/2022\/04\/WhatsApp-Image-2022-04-10-at-18.43.02.jpeg\",\"contentUrl\":\"https:\/\/radiolifefm.com.br\/noticias\/wp-content\/uploads\/2022\/04\/WhatsApp-Image-2022-04-10-at-18.43.02.jpeg\",\"width\":972,\"height\":1296,\"caption\":\"S\u00e9rgio Barbosa\"},{\"@type\":\"BreadcrumbList\",\"@id\":\"https:\/\/radiolifefm.com.br\/noticias\/naquele-outro-lado-estava-o-tempo\/#breadcrumb\",\"itemListElement\":[{\"@type\":\"ListItem\",\"position\":1,\"name\":\"In\u00edcio\",\"item\":\"https:\/\/radiolifefm.com.br\/noticias\/\"},{\"@type\":\"ListItem\",\"position\":2,\"name\":\"Naquele outro LADO estava o TEMPO&#8230;\"}]},{\"@type\":\"WebSite\",\"@id\":\"https:\/\/radiolifefm.com.br\/noticias\/#website\",\"url\":\"https:\/\/radiolifefm.com.br\/noticias\/\",\"name\":\"R\u00e1dio Life FM\",\"description\":\"O Portal de Not\u00edcias de Adamantina\",\"publisher\":{\"@id\":\"https:\/\/radiolifefm.com.br\/noticias\/#organization\"},\"alternateName\":\"Life FM\",\"potentialAction\":[{\"@type\":\"SearchAction\",\"target\":{\"@type\":\"EntryPoint\",\"urlTemplate\":\"https:\/\/radiolifefm.com.br\/noticias\/?s={search_term_string}\"},\"query-input\":{\"@type\":\"PropertyValueSpecification\",\"valueRequired\":true,\"valueName\":\"search_term_string\"}}],\"inLanguage\":\"pt-BR\"},{\"@type\":\"Organization\",\"@id\":\"https:\/\/radiolifefm.com.br\/noticias\/#organization\",\"name\":\"R\u00e1dio Life FM\",\"alternateName\":\"Life FM\",\"url\":\"https:\/\/radiolifefm.com.br\/noticias\/\",\"logo\":{\"@type\":\"ImageObject\",\"inLanguage\":\"pt-BR\",\"@id\":\"https:\/\/radiolifefm.com.br\/noticias\/#\/schema\/logo\/image\/\",\"url\":\"https:\/\/static.radiolifefm.com.br\/noticias\/wp-content\/uploads\/2019\/10\/logo-lifefm.png\",\"contentUrl\":\"https:\/\/static.radiolifefm.com.br\/noticias\/wp-content\/uploads\/2019\/10\/logo-lifefm.png\",\"width\":196,\"height\":47,\"caption\":\"R\u00e1dio Life FM\"},\"image\":{\"@id\":\"https:\/\/radiolifefm.com.br\/noticias\/#\/schema\/logo\/image\/\"},\"sameAs\":[\"https:\/\/www.facebook.com\/radiolifefm\/\",\"https:\/\/www.instagram.com\/life1079fm\/\"]},{\"@type\":\"Person\",\"@id\":\"https:\/\/radiolifefm.com.br\/noticias\/#\/schema\/person\/6339b9fac59d12b071dec680d7375d87\",\"name\":\"ritanery\",\"image\":{\"@type\":\"ImageObject\",\"inLanguage\":\"pt-BR\",\"@id\":\"https:\/\/secure.gravatar.com\/avatar\/0e37bb19071f47c0b8a23f62a903df117c5a0e75f65a0c2901562f97cd41cf86?s=96&d=mm&r=g\",\"url\":\"https:\/\/secure.gravatar.com\/avatar\/0e37bb19071f47c0b8a23f62a903df117c5a0e75f65a0c2901562f97cd41cf86?s=96&d=mm&r=g\",\"contentUrl\":\"https:\/\/secure.gravatar.com\/avatar\/0e37bb19071f47c0b8a23f62a903df117c5a0e75f65a0c2901562f97cd41cf86?s=96&d=mm&r=g\",\"caption\":\"ritanery\"}}]}<\/script>\n<!-- \/ Yoast SEO plugin. -->","yoast_head_json":{"title":"Naquele outro LADO estava o TEMPO... - R\u00e1dio Life FM","robots":{"index":"index","follow":"follow","max-snippet":"max-snippet:-1","max-image-preview":"max-image-preview:large","max-video-preview":"max-video-preview:-1"},"canonical":"https:\/\/radiolifefm.com.br\/noticias\/naquele-outro-lado-estava-o-tempo\/","og_locale":"pt_BR","og_type":"article","og_title":"Naquele outro LADO estava o TEMPO... - R\u00e1dio Life FM","og_description":"\u201cCada um de n\u00f3s \u00e9 uma lua e tem um lado escuro que nunca mostra a ningu\u00e9m.\u201d (Mark Twain) \u00a0 \u201cO tempo \u00e9 um vest\u00edgio de eternidade.\u201d (Santo Agostinho) \u00a0 By seb@r. &nbsp; Faz algum TEMPO que todos os LADOS estavam em sil\u00eancio pelo mesmo motivo de sempre, portanto, cada LADO estava buscando apenas o [&hellip;]","og_url":"https:\/\/radiolifefm.com.br\/noticias\/naquele-outro-lado-estava-o-tempo\/","og_site_name":"R\u00e1dio Life FM","article_publisher":"https:\/\/www.facebook.com\/radiolifefm\/","article_published_time":"2025-05-14T11:16:59+00:00","article_modified_time":"2026-01-08T09:27:11+00:00","og_image":[{"width":972,"height":1296,"url":"https:\/\/radiolifefm.com.br\/noticias\/wp-content\/uploads\/2022\/04\/WhatsApp-Image-2022-04-10-at-18.43.02.jpeg","type":"image\/jpeg"}],"author":"ritanery","twitter_card":"summary_large_image","twitter_misc":{"Escrito por":"ritanery","Est. tempo de leitura":"3 minutos"},"schema":{"@context":"https:\/\/schema.org","@graph":[{"@type":"Article","@id":"https:\/\/radiolifefm.com.br\/noticias\/naquele-outro-lado-estava-o-tempo\/#article","isPartOf":{"@id":"https:\/\/radiolifefm.com.br\/noticias\/naquele-outro-lado-estava-o-tempo\/"},"author":{"name":"ritanery","@id":"https:\/\/radiolifefm.com.br\/noticias\/#\/schema\/person\/6339b9fac59d12b071dec680d7375d87"},"headline":"Naquele outro LADO estava o TEMPO&#8230;","datePublished":"2025-05-14T11:16:59+00:00","dateModified":"2026-01-08T09:27:11+00:00","mainEntityOfPage":{"@id":"https:\/\/radiolifefm.com.br\/noticias\/naquele-outro-lado-estava-o-tempo\/"},"wordCount":434,"publisher":{"@id":"https:\/\/radiolifefm.com.br\/noticias\/#organization"},"image":{"@id":"https:\/\/radiolifefm.com.br\/noticias\/naquele-outro-lado-estava-o-tempo\/#primaryimage"},"thumbnailUrl":"https:\/\/radiolifefm.com.br\/noticias\/wp-content\/uploads\/2022\/04\/WhatsApp-Image-2022-04-10-at-18.43.02.jpeg","articleSection":["Opini\u00e3o"],"inLanguage":"pt-BR"},{"@type":"WebPage","@id":"https:\/\/radiolifefm.com.br\/noticias\/naquele-outro-lado-estava-o-tempo\/","url":"https:\/\/radiolifefm.com.br\/noticias\/naquele-outro-lado-estava-o-tempo\/","name":"Naquele outro LADO estava o TEMPO... - R\u00e1dio Life FM","isPartOf":{"@id":"https:\/\/radiolifefm.com.br\/noticias\/#website"},"primaryImageOfPage":{"@id":"https:\/\/radiolifefm.com.br\/noticias\/naquele-outro-lado-estava-o-tempo\/#primaryimage"},"image":{"@id":"https:\/\/radiolifefm.com.br\/noticias\/naquele-outro-lado-estava-o-tempo\/#primaryimage"},"thumbnailUrl":"https:\/\/radiolifefm.com.br\/noticias\/wp-content\/uploads\/2022\/04\/WhatsApp-Image-2022-04-10-at-18.43.02.jpeg","datePublished":"2025-05-14T11:16:59+00:00","dateModified":"2026-01-08T09:27:11+00:00","breadcrumb":{"@id":"https:\/\/radiolifefm.com.br\/noticias\/naquele-outro-lado-estava-o-tempo\/#breadcrumb"},"inLanguage":"pt-BR","potentialAction":[{"@type":"ReadAction","target":["https:\/\/radiolifefm.com.br\/noticias\/naquele-outro-lado-estava-o-tempo\/"]}]},{"@type":"ImageObject","inLanguage":"pt-BR","@id":"https:\/\/radiolifefm.com.br\/noticias\/naquele-outro-lado-estava-o-tempo\/#primaryimage","url":"https:\/\/radiolifefm.com.br\/noticias\/wp-content\/uploads\/2022\/04\/WhatsApp-Image-2022-04-10-at-18.43.02.jpeg","contentUrl":"https:\/\/radiolifefm.com.br\/noticias\/wp-content\/uploads\/2022\/04\/WhatsApp-Image-2022-04-10-at-18.43.02.jpeg","width":972,"height":1296,"caption":"S\u00e9rgio Barbosa"},{"@type":"BreadcrumbList","@id":"https:\/\/radiolifefm.com.br\/noticias\/naquele-outro-lado-estava-o-tempo\/#breadcrumb","itemListElement":[{"@type":"ListItem","position":1,"name":"In\u00edcio","item":"https:\/\/radiolifefm.com.br\/noticias\/"},{"@type":"ListItem","position":2,"name":"Naquele outro LADO estava o TEMPO&#8230;"}]},{"@type":"WebSite","@id":"https:\/\/radiolifefm.com.br\/noticias\/#website","url":"https:\/\/radiolifefm.com.br\/noticias\/","name":"R\u00e1dio Life FM","description":"O Portal de Not\u00edcias de Adamantina","publisher":{"@id":"https:\/\/radiolifefm.com.br\/noticias\/#organization"},"alternateName":"Life FM","potentialAction":[{"@type":"SearchAction","target":{"@type":"EntryPoint","urlTemplate":"https:\/\/radiolifefm.com.br\/noticias\/?s={search_term_string}"},"query-input":{"@type":"PropertyValueSpecification","valueRequired":true,"valueName":"search_term_string"}}],"inLanguage":"pt-BR"},{"@type":"Organization","@id":"https:\/\/radiolifefm.com.br\/noticias\/#organization","name":"R\u00e1dio Life FM","alternateName":"Life FM","url":"https:\/\/radiolifefm.com.br\/noticias\/","logo":{"@type":"ImageObject","inLanguage":"pt-BR","@id":"https:\/\/radiolifefm.com.br\/noticias\/#\/schema\/logo\/image\/","url":"https:\/\/static.radiolifefm.com.br\/noticias\/wp-content\/uploads\/2019\/10\/logo-lifefm.png","contentUrl":"https:\/\/static.radiolifefm.com.br\/noticias\/wp-content\/uploads\/2019\/10\/logo-lifefm.png","width":196,"height":47,"caption":"R\u00e1dio Life FM"},"image":{"@id":"https:\/\/radiolifefm.com.br\/noticias\/#\/schema\/logo\/image\/"},"sameAs":["https:\/\/www.facebook.com\/radiolifefm\/","https:\/\/www.instagram.com\/life1079fm\/"]},{"@type":"Person","@id":"https:\/\/radiolifefm.com.br\/noticias\/#\/schema\/person\/6339b9fac59d12b071dec680d7375d87","name":"ritanery","image":{"@type":"ImageObject","inLanguage":"pt-BR","@id":"https:\/\/secure.gravatar.com\/avatar\/0e37bb19071f47c0b8a23f62a903df117c5a0e75f65a0c2901562f97cd41cf86?s=96&d=mm&r=g","url":"https:\/\/secure.gravatar.com\/avatar\/0e37bb19071f47c0b8a23f62a903df117c5a0e75f65a0c2901562f97cd41cf86?s=96&d=mm&r=g","contentUrl":"https:\/\/secure.gravatar.com\/avatar\/0e37bb19071f47c0b8a23f62a903df117c5a0e75f65a0c2901562f97cd41cf86?s=96&d=mm&r=g","caption":"ritanery"}}]}},"amp_enabled":true,"_links":{"self":[{"href":"https:\/\/radiolifefm.com.br\/noticias\/wp-json\/wp\/v2\/posts\/100930","targetHints":{"allow":["GET"]}}],"collection":[{"href":"https:\/\/radiolifefm.com.br\/noticias\/wp-json\/wp\/v2\/posts"}],"about":[{"href":"https:\/\/radiolifefm.com.br\/noticias\/wp-json\/wp\/v2\/types\/post"}],"author":[{"embeddable":true,"href":"https:\/\/radiolifefm.com.br\/noticias\/wp-json\/wp\/v2\/users\/13"}],"replies":[{"embeddable":true,"href":"https:\/\/radiolifefm.com.br\/noticias\/wp-json\/wp\/v2\/comments?post=100930"}],"version-history":[{"count":1,"href":"https:\/\/radiolifefm.com.br\/noticias\/wp-json\/wp\/v2\/posts\/100930\/revisions"}],"predecessor-version":[{"id":100931,"href":"https:\/\/radiolifefm.com.br\/noticias\/wp-json\/wp\/v2\/posts\/100930\/revisions\/100931"}],"wp:featuredmedia":[{"embeddable":true,"href":"https:\/\/radiolifefm.com.br\/noticias\/wp-json\/wp\/v2\/media\/51988"}],"wp:attachment":[{"href":"https:\/\/radiolifefm.com.br\/noticias\/wp-json\/wp\/v2\/media?parent=100930"}],"wp:term":[{"taxonomy":"category","embeddable":true,"href":"https:\/\/radiolifefm.com.br\/noticias\/wp-json\/wp\/v2\/categories?post=100930"},{"taxonomy":"post_tag","embeddable":true,"href":"https:\/\/radiolifefm.com.br\/noticias\/wp-json\/wp\/v2\/tags?post=100930"}],"curies":[{"name":"wp","href":"https:\/\/api.w.org\/{rel}","templated":true}]}}