{"id":100809,"date":"2025-05-12T08:58:56","date_gmt":"2025-05-12T11:58:56","guid":{"rendered":"https:\/\/radiolifefm.com.br\/noticias\/?p=100809"},"modified":"2026-04-05T15:31:58","modified_gmt":"2026-04-05T18:31:58","slug":"maquinista-paredes-cinzas-e-provincia","status":"publish","type":"post","link":"https:\/\/radiolifefm.com.br\/noticias\/maquinista-paredes-cinzas-e-provincia\/","title":{"rendered":"Maquinista, \u201cParedes Cinzas\u201d e Prov\u00edncia&#8230;"},"content":{"rendered":"<div id=\"fb-root\"><\/div>\n<p><strong><em>\u201cO maquinista n\u00e3o consegue ver que o trem est\u00e1 fora dos trilhos.\u201d (<a href=\"https:\/\/www.pensador.com\/autor\/antonio_carlos_colicigno\/\">Antonio Carlos Colicigno<\/a>)<\/em><\/strong><\/p>\n<p><strong><em>\u00a0<\/em><\/strong><\/p>\n<p><strong><em>\u201cSou a maquinista, e decido quem sobe e quem desce deste trem! \u201c (<a href=\"https:\/\/www.pensador.com\/autor\/aline_de_alencar_rosa\/\">aline de alencar rosa<\/a>)<\/em><\/strong><\/p>\n<p><strong>\u00a0<\/strong><\/p>\n<p><strong>By seb@r.<\/strong><\/p>\n<p>&nbsp;<\/p>\n<p>Nesta semana, depois de algumas IDAS sem muitas VOLTAS, os nomes foram APROVADOS para a RECONDU\u00c7\u00c3O, isso \u00e9, depois de ABEN\u00c7OADOS pelo GESTOR MUNICIPAL desta SUCUPIRA PROVINCIANA e DESPACHADOS pelo LEGISLATIVO, isso \u00e9, se n\u00e3o SOLICITAREM maiores informa\u00e7\u00f5es sobre isto e mais aquilo&#8230;<\/p>\n<p>No caso descrito acima, est\u00e3o as CARTAS um tanto quanto VICIADAS que foram REFERENDADAS para mais um MANDATO ACAD\u00caMICO nas denominadas PAREDES CINZAS desta PROVINCIA DO FAZ DE CONTA&#8230;<\/p>\n<p>Como escrevi no ARTIGO da semana passada, estarei alternando entre SUCUPIRA da novela do outro tempo deste tempo, ainda, com PROV\u00cdNCIA, entretanto, pode ser que ser apare\u00e7a algum SANTEIRO para o tal do ROQUE&#8230;<\/p>\n<p>Al\u00e9m dos DESENCONTROS patrocinados pelas ETERNAS e famigeradas TROCAS NADA SIMB\u00d3LICAS mediadas pelo PODER em nome do PODER com o PODER&#8230;<\/p>\n<p>Tamb\u00e9m, espera-se que este TREM que continua sendo da ALEGRIA nas tais PAREDES CINZAS, possa ser conduzido com MAESTRIA, se bem que fica mais do que complicado quando os VAG\u00d5ES se arrastam de um lado para o outro&#8230;<\/p>\n<p>Tem aquele DITO pelo N\u00c3O DITO que afirma, a saber: EM TIME QUE EST\u00c1 GANHANDO N\u00c3O SE MEXE, por\u00e9m, neste TREM DA ALEGRIA, tudo pode ocorrer daqui pra frente em n\u00edvel de MERCADO ORGANIZACIONAL, haja vista a CONCORR\u00caNCIA em todas as \u00e1reas em n\u00edvel GLOCAL, ou seja, do GLOBAL para o LOCAL&#8230;<\/p>\n<p>Mas, a M\u00c1QUINA tem que continuar funcionando para muitas APROXIMA\u00c7\u00d5ES com o SENSO COMUM que se tornou uma MARCA mais do que registradas faz d\u00e9cadas nos lados das PAREDES CINZAS com aquele passado envolto nas outras PAREDES, ou seja, as BRANCAS&#8230;<\/p>\n<p>De novela em novela, aqui tem o ODORICO, al\u00e9m do SINHOZINHO que fica sempre do seu lado para dar aquele APOIO nas ESCOLHAS de sempre, portanto, cada PROV\u00cdNCIA tem a sua SUCUPIRA que merece, bem como, com aquele toque do ROQUE que virou SANTEIRO&#8230;<\/p>\n<p>N\u00e3o se pode deixar de lado que aquele tal do ZECA que era do DIABO pode aparecer de uma hora para outra e dar um jeito em tudo pra todos\/as&#8230;<\/p>\n<p>As MENTES MED\u00cdOCRES continuam circulando deste para o outro lado de um mesmo lado, como sempre, do LADO DIREITO para dar aquele toque a mais em suas ESCOLHAS ou em nome da tr\u00edade que envolve, a saber: DEUS, P\u00c1TRIA E FAM\u00cdLIA&#8230;<\/p>\n<p>Pra refor\u00e7ar sempre, PERDERAM MAN\u00c9S!<\/p>\n<p>Ainda, QUEM SOBREVIVER VAI SABER&#8230;<\/p>\n<p>&nbsp;<\/p>\n<p>&nbsp;<\/p>\n<p><strong>e-mail: <\/strong><a href=\"mailto:barbosa.sebar@gmail.com\"><strong>barbosa.sebar@gmail.com<\/strong><\/a><\/p>\n","protected":false},"excerpt":{"rendered":"<p>\u201cO maquinista n\u00e3o consegue ver que o trem est\u00e1 fora dos trilhos.\u201d (Antonio Carlos Colicigno) \u00a0 \u201cSou a maquinista, e decido quem sobe e quem desce deste trem! \u201c (aline de alencar rosa) \u00a0 By seb@r. &nbsp; Nesta semana, depois de algumas IDAS sem muitas VOLTAS, os nomes foram APROVADOS para a RECONDU\u00c7\u00c3O, isso \u00e9, [&hellip;]<\/p>\n","protected":false},"author":13,"featured_media":51988,"comment_status":"closed","ping_status":"open","sticky":false,"template":"","format":"standard","meta":{"_acf_changed":false,"_exactmetrics_skip_tracking":false,"_exactmetrics_sitenote_active":false,"_exactmetrics_sitenote_note":"","_exactmetrics_sitenote_category":0,"footnotes":""},"categories":[59],"tags":[],"class_list":["post-100809","post","type-post","status-publish","format-standard","has-post-thumbnail","hentry","category-opiniao"],"acf":[],"yoast_head":"<!-- This site is optimized with the Yoast SEO plugin v27.2 - https:\/\/yoast.com\/product\/yoast-seo-wordpress\/ -->\n<title>Maquinista, \u201cParedes Cinzas\u201d e Prov\u00edncia... - R\u00e1dio Life FM<\/title>\n<meta name=\"robots\" content=\"index, follow, max-snippet:-1, max-image-preview:large, max-video-preview:-1\" \/>\n<link rel=\"canonical\" href=\"https:\/\/radiolifefm.com.br\/noticias\/maquinista-paredes-cinzas-e-provincia\/\" \/>\n<meta property=\"og:locale\" content=\"pt_BR\" \/>\n<meta property=\"og:type\" content=\"article\" \/>\n<meta property=\"og:title\" content=\"Maquinista, \u201cParedes Cinzas\u201d e Prov\u00edncia... - R\u00e1dio Life FM\" \/>\n<meta property=\"og:description\" content=\"\u201cO maquinista n\u00e3o consegue ver que o trem est\u00e1 fora dos trilhos.\u201d (Antonio Carlos Colicigno) \u00a0 \u201cSou a maquinista, e decido quem sobe e quem desce deste trem! \u201c (aline de alencar rosa) \u00a0 By seb@r. &nbsp; Nesta semana, depois de algumas IDAS sem muitas VOLTAS, os nomes foram APROVADOS para a RECONDU\u00c7\u00c3O, isso \u00e9, [&hellip;]\" \/>\n<meta property=\"og:url\" content=\"https:\/\/radiolifefm.com.br\/noticias\/maquinista-paredes-cinzas-e-provincia\/\" \/>\n<meta property=\"og:site_name\" content=\"R\u00e1dio Life FM\" \/>\n<meta property=\"article:publisher\" content=\"https:\/\/www.facebook.com\/radiolifefm\/\" \/>\n<meta property=\"article:published_time\" content=\"2025-05-12T11:58:56+00:00\" \/>\n<meta property=\"article:modified_time\" content=\"2026-04-05T18:31:58+00:00\" \/>\n<meta property=\"og:image\" content=\"https:\/\/radiolifefm.com.br\/noticias\/wp-content\/uploads\/2022\/04\/WhatsApp-Image-2022-04-10-at-18.43.02.jpeg\" \/>\n\t<meta property=\"og:image:width\" content=\"972\" \/>\n\t<meta property=\"og:image:height\" content=\"1296\" \/>\n\t<meta property=\"og:image:type\" content=\"image\/jpeg\" \/>\n<meta name=\"author\" content=\"ritanery\" \/>\n<meta name=\"twitter:card\" content=\"summary_large_image\" \/>\n<meta name=\"twitter:label1\" content=\"Escrito por\" \/>\n\t<meta name=\"twitter:data1\" content=\"ritanery\" \/>\n\t<meta name=\"twitter:label2\" content=\"Est. tempo de leitura\" \/>\n\t<meta name=\"twitter:data2\" content=\"3 minutos\" \/>\n<script type=\"application\/ld+json\" class=\"yoast-schema-graph\">{\"@context\":\"https:\/\/schema.org\",\"@graph\":[{\"@type\":\"Article\",\"@id\":\"https:\/\/radiolifefm.com.br\/noticias\/maquinista-paredes-cinzas-e-provincia\/#article\",\"isPartOf\":{\"@id\":\"https:\/\/radiolifefm.com.br\/noticias\/maquinista-paredes-cinzas-e-provincia\/\"},\"author\":{\"name\":\"ritanery\",\"@id\":\"https:\/\/radiolifefm.com.br\/noticias\/#\/schema\/person\/6339b9fac59d12b071dec680d7375d87\"},\"headline\":\"Maquinista, \u201cParedes Cinzas\u201d e Prov\u00edncia&#8230;\",\"datePublished\":\"2025-05-12T11:58:56+00:00\",\"dateModified\":\"2026-04-05T18:31:58+00:00\",\"mainEntityOfPage\":{\"@id\":\"https:\/\/radiolifefm.com.br\/noticias\/maquinista-paredes-cinzas-e-provincia\/\"},\"wordCount\":461,\"publisher\":{\"@id\":\"https:\/\/radiolifefm.com.br\/noticias\/#organization\"},\"image\":{\"@id\":\"https:\/\/radiolifefm.com.br\/noticias\/maquinista-paredes-cinzas-e-provincia\/#primaryimage\"},\"thumbnailUrl\":\"https:\/\/radiolifefm.com.br\/noticias\/wp-content\/uploads\/2022\/04\/WhatsApp-Image-2022-04-10-at-18.43.02.jpeg\",\"articleSection\":[\"Opini\u00e3o\"],\"inLanguage\":\"pt-BR\"},{\"@type\":\"WebPage\",\"@id\":\"https:\/\/radiolifefm.com.br\/noticias\/maquinista-paredes-cinzas-e-provincia\/\",\"url\":\"https:\/\/radiolifefm.com.br\/noticias\/maquinista-paredes-cinzas-e-provincia\/\",\"name\":\"Maquinista, \u201cParedes Cinzas\u201d e Prov\u00edncia... - R\u00e1dio Life FM\",\"isPartOf\":{\"@id\":\"https:\/\/radiolifefm.com.br\/noticias\/#website\"},\"primaryImageOfPage\":{\"@id\":\"https:\/\/radiolifefm.com.br\/noticias\/maquinista-paredes-cinzas-e-provincia\/#primaryimage\"},\"image\":{\"@id\":\"https:\/\/radiolifefm.com.br\/noticias\/maquinista-paredes-cinzas-e-provincia\/#primaryimage\"},\"thumbnailUrl\":\"https:\/\/radiolifefm.com.br\/noticias\/wp-content\/uploads\/2022\/04\/WhatsApp-Image-2022-04-10-at-18.43.02.jpeg\",\"datePublished\":\"2025-05-12T11:58:56+00:00\",\"dateModified\":\"2026-04-05T18:31:58+00:00\",\"breadcrumb\":{\"@id\":\"https:\/\/radiolifefm.com.br\/noticias\/maquinista-paredes-cinzas-e-provincia\/#breadcrumb\"},\"inLanguage\":\"pt-BR\",\"potentialAction\":[{\"@type\":\"ReadAction\",\"target\":[\"https:\/\/radiolifefm.com.br\/noticias\/maquinista-paredes-cinzas-e-provincia\/\"]}]},{\"@type\":\"ImageObject\",\"inLanguage\":\"pt-BR\",\"@id\":\"https:\/\/radiolifefm.com.br\/noticias\/maquinista-paredes-cinzas-e-provincia\/#primaryimage\",\"url\":\"https:\/\/radiolifefm.com.br\/noticias\/wp-content\/uploads\/2022\/04\/WhatsApp-Image-2022-04-10-at-18.43.02.jpeg\",\"contentUrl\":\"https:\/\/radiolifefm.com.br\/noticias\/wp-content\/uploads\/2022\/04\/WhatsApp-Image-2022-04-10-at-18.43.02.jpeg\",\"width\":972,\"height\":1296,\"caption\":\"S\u00e9rgio Barbosa\"},{\"@type\":\"BreadcrumbList\",\"@id\":\"https:\/\/radiolifefm.com.br\/noticias\/maquinista-paredes-cinzas-e-provincia\/#breadcrumb\",\"itemListElement\":[{\"@type\":\"ListItem\",\"position\":1,\"name\":\"In\u00edcio\",\"item\":\"https:\/\/radiolifefm.com.br\/noticias\/\"},{\"@type\":\"ListItem\",\"position\":2,\"name\":\"Maquinista, \u201cParedes Cinzas\u201d e Prov\u00edncia&#8230;\"}]},{\"@type\":\"WebSite\",\"@id\":\"https:\/\/radiolifefm.com.br\/noticias\/#website\",\"url\":\"https:\/\/radiolifefm.com.br\/noticias\/\",\"name\":\"R\u00e1dio Life FM\",\"description\":\"O Portal de Not\u00edcias de Adamantina\",\"publisher\":{\"@id\":\"https:\/\/radiolifefm.com.br\/noticias\/#organization\"},\"alternateName\":\"Life FM\",\"potentialAction\":[{\"@type\":\"SearchAction\",\"target\":{\"@type\":\"EntryPoint\",\"urlTemplate\":\"https:\/\/radiolifefm.com.br\/noticias\/?s={search_term_string}\"},\"query-input\":{\"@type\":\"PropertyValueSpecification\",\"valueRequired\":true,\"valueName\":\"search_term_string\"}}],\"inLanguage\":\"pt-BR\"},{\"@type\":\"Organization\",\"@id\":\"https:\/\/radiolifefm.com.br\/noticias\/#organization\",\"name\":\"R\u00e1dio Life FM\",\"alternateName\":\"Life FM\",\"url\":\"https:\/\/radiolifefm.com.br\/noticias\/\",\"logo\":{\"@type\":\"ImageObject\",\"inLanguage\":\"pt-BR\",\"@id\":\"https:\/\/radiolifefm.com.br\/noticias\/#\/schema\/logo\/image\/\",\"url\":\"https:\/\/static.radiolifefm.com.br\/noticias\/wp-content\/uploads\/2019\/10\/logo-lifefm.png\",\"contentUrl\":\"https:\/\/static.radiolifefm.com.br\/noticias\/wp-content\/uploads\/2019\/10\/logo-lifefm.png\",\"width\":196,\"height\":47,\"caption\":\"R\u00e1dio Life FM\"},\"image\":{\"@id\":\"https:\/\/radiolifefm.com.br\/noticias\/#\/schema\/logo\/image\/\"},\"sameAs\":[\"https:\/\/www.facebook.com\/radiolifefm\/\",\"https:\/\/www.instagram.com\/life1079fm\/\"]},{\"@type\":\"Person\",\"@id\":\"https:\/\/radiolifefm.com.br\/noticias\/#\/schema\/person\/6339b9fac59d12b071dec680d7375d87\",\"name\":\"ritanery\",\"image\":{\"@type\":\"ImageObject\",\"inLanguage\":\"pt-BR\",\"@id\":\"https:\/\/secure.gravatar.com\/avatar\/0e37bb19071f47c0b8a23f62a903df117c5a0e75f65a0c2901562f97cd41cf86?s=96&d=mm&r=g\",\"url\":\"https:\/\/secure.gravatar.com\/avatar\/0e37bb19071f47c0b8a23f62a903df117c5a0e75f65a0c2901562f97cd41cf86?s=96&d=mm&r=g\",\"contentUrl\":\"https:\/\/secure.gravatar.com\/avatar\/0e37bb19071f47c0b8a23f62a903df117c5a0e75f65a0c2901562f97cd41cf86?s=96&d=mm&r=g\",\"caption\":\"ritanery\"}}]}<\/script>\n<!-- \/ Yoast SEO plugin. -->","yoast_head_json":{"title":"Maquinista, \u201cParedes Cinzas\u201d e Prov\u00edncia... - R\u00e1dio Life FM","robots":{"index":"index","follow":"follow","max-snippet":"max-snippet:-1","max-image-preview":"max-image-preview:large","max-video-preview":"max-video-preview:-1"},"canonical":"https:\/\/radiolifefm.com.br\/noticias\/maquinista-paredes-cinzas-e-provincia\/","og_locale":"pt_BR","og_type":"article","og_title":"Maquinista, \u201cParedes Cinzas\u201d e Prov\u00edncia... - R\u00e1dio Life FM","og_description":"\u201cO maquinista n\u00e3o consegue ver que o trem est\u00e1 fora dos trilhos.\u201d (Antonio Carlos Colicigno) \u00a0 \u201cSou a maquinista, e decido quem sobe e quem desce deste trem! \u201c (aline de alencar rosa) \u00a0 By seb@r. &nbsp; Nesta semana, depois de algumas IDAS sem muitas VOLTAS, os nomes foram APROVADOS para a RECONDU\u00c7\u00c3O, isso \u00e9, [&hellip;]","og_url":"https:\/\/radiolifefm.com.br\/noticias\/maquinista-paredes-cinzas-e-provincia\/","og_site_name":"R\u00e1dio Life FM","article_publisher":"https:\/\/www.facebook.com\/radiolifefm\/","article_published_time":"2025-05-12T11:58:56+00:00","article_modified_time":"2026-04-05T18:31:58+00:00","og_image":[{"width":972,"height":1296,"url":"https:\/\/radiolifefm.com.br\/noticias\/wp-content\/uploads\/2022\/04\/WhatsApp-Image-2022-04-10-at-18.43.02.jpeg","type":"image\/jpeg"}],"author":"ritanery","twitter_card":"summary_large_image","twitter_misc":{"Escrito por":"ritanery","Est. tempo de leitura":"3 minutos"},"schema":{"@context":"https:\/\/schema.org","@graph":[{"@type":"Article","@id":"https:\/\/radiolifefm.com.br\/noticias\/maquinista-paredes-cinzas-e-provincia\/#article","isPartOf":{"@id":"https:\/\/radiolifefm.com.br\/noticias\/maquinista-paredes-cinzas-e-provincia\/"},"author":{"name":"ritanery","@id":"https:\/\/radiolifefm.com.br\/noticias\/#\/schema\/person\/6339b9fac59d12b071dec680d7375d87"},"headline":"Maquinista, \u201cParedes Cinzas\u201d e Prov\u00edncia&#8230;","datePublished":"2025-05-12T11:58:56+00:00","dateModified":"2026-04-05T18:31:58+00:00","mainEntityOfPage":{"@id":"https:\/\/radiolifefm.com.br\/noticias\/maquinista-paredes-cinzas-e-provincia\/"},"wordCount":461,"publisher":{"@id":"https:\/\/radiolifefm.com.br\/noticias\/#organization"},"image":{"@id":"https:\/\/radiolifefm.com.br\/noticias\/maquinista-paredes-cinzas-e-provincia\/#primaryimage"},"thumbnailUrl":"https:\/\/radiolifefm.com.br\/noticias\/wp-content\/uploads\/2022\/04\/WhatsApp-Image-2022-04-10-at-18.43.02.jpeg","articleSection":["Opini\u00e3o"],"inLanguage":"pt-BR"},{"@type":"WebPage","@id":"https:\/\/radiolifefm.com.br\/noticias\/maquinista-paredes-cinzas-e-provincia\/","url":"https:\/\/radiolifefm.com.br\/noticias\/maquinista-paredes-cinzas-e-provincia\/","name":"Maquinista, \u201cParedes Cinzas\u201d e Prov\u00edncia... - R\u00e1dio Life FM","isPartOf":{"@id":"https:\/\/radiolifefm.com.br\/noticias\/#website"},"primaryImageOfPage":{"@id":"https:\/\/radiolifefm.com.br\/noticias\/maquinista-paredes-cinzas-e-provincia\/#primaryimage"},"image":{"@id":"https:\/\/radiolifefm.com.br\/noticias\/maquinista-paredes-cinzas-e-provincia\/#primaryimage"},"thumbnailUrl":"https:\/\/radiolifefm.com.br\/noticias\/wp-content\/uploads\/2022\/04\/WhatsApp-Image-2022-04-10-at-18.43.02.jpeg","datePublished":"2025-05-12T11:58:56+00:00","dateModified":"2026-04-05T18:31:58+00:00","breadcrumb":{"@id":"https:\/\/radiolifefm.com.br\/noticias\/maquinista-paredes-cinzas-e-provincia\/#breadcrumb"},"inLanguage":"pt-BR","potentialAction":[{"@type":"ReadAction","target":["https:\/\/radiolifefm.com.br\/noticias\/maquinista-paredes-cinzas-e-provincia\/"]}]},{"@type":"ImageObject","inLanguage":"pt-BR","@id":"https:\/\/radiolifefm.com.br\/noticias\/maquinista-paredes-cinzas-e-provincia\/#primaryimage","url":"https:\/\/radiolifefm.com.br\/noticias\/wp-content\/uploads\/2022\/04\/WhatsApp-Image-2022-04-10-at-18.43.02.jpeg","contentUrl":"https:\/\/radiolifefm.com.br\/noticias\/wp-content\/uploads\/2022\/04\/WhatsApp-Image-2022-04-10-at-18.43.02.jpeg","width":972,"height":1296,"caption":"S\u00e9rgio Barbosa"},{"@type":"BreadcrumbList","@id":"https:\/\/radiolifefm.com.br\/noticias\/maquinista-paredes-cinzas-e-provincia\/#breadcrumb","itemListElement":[{"@type":"ListItem","position":1,"name":"In\u00edcio","item":"https:\/\/radiolifefm.com.br\/noticias\/"},{"@type":"ListItem","position":2,"name":"Maquinista, \u201cParedes Cinzas\u201d e Prov\u00edncia&#8230;"}]},{"@type":"WebSite","@id":"https:\/\/radiolifefm.com.br\/noticias\/#website","url":"https:\/\/radiolifefm.com.br\/noticias\/","name":"R\u00e1dio Life FM","description":"O Portal de Not\u00edcias de Adamantina","publisher":{"@id":"https:\/\/radiolifefm.com.br\/noticias\/#organization"},"alternateName":"Life FM","potentialAction":[{"@type":"SearchAction","target":{"@type":"EntryPoint","urlTemplate":"https:\/\/radiolifefm.com.br\/noticias\/?s={search_term_string}"},"query-input":{"@type":"PropertyValueSpecification","valueRequired":true,"valueName":"search_term_string"}}],"inLanguage":"pt-BR"},{"@type":"Organization","@id":"https:\/\/radiolifefm.com.br\/noticias\/#organization","name":"R\u00e1dio Life FM","alternateName":"Life FM","url":"https:\/\/radiolifefm.com.br\/noticias\/","logo":{"@type":"ImageObject","inLanguage":"pt-BR","@id":"https:\/\/radiolifefm.com.br\/noticias\/#\/schema\/logo\/image\/","url":"https:\/\/static.radiolifefm.com.br\/noticias\/wp-content\/uploads\/2019\/10\/logo-lifefm.png","contentUrl":"https:\/\/static.radiolifefm.com.br\/noticias\/wp-content\/uploads\/2019\/10\/logo-lifefm.png","width":196,"height":47,"caption":"R\u00e1dio Life FM"},"image":{"@id":"https:\/\/radiolifefm.com.br\/noticias\/#\/schema\/logo\/image\/"},"sameAs":["https:\/\/www.facebook.com\/radiolifefm\/","https:\/\/www.instagram.com\/life1079fm\/"]},{"@type":"Person","@id":"https:\/\/radiolifefm.com.br\/noticias\/#\/schema\/person\/6339b9fac59d12b071dec680d7375d87","name":"ritanery","image":{"@type":"ImageObject","inLanguage":"pt-BR","@id":"https:\/\/secure.gravatar.com\/avatar\/0e37bb19071f47c0b8a23f62a903df117c5a0e75f65a0c2901562f97cd41cf86?s=96&d=mm&r=g","url":"https:\/\/secure.gravatar.com\/avatar\/0e37bb19071f47c0b8a23f62a903df117c5a0e75f65a0c2901562f97cd41cf86?s=96&d=mm&r=g","contentUrl":"https:\/\/secure.gravatar.com\/avatar\/0e37bb19071f47c0b8a23f62a903df117c5a0e75f65a0c2901562f97cd41cf86?s=96&d=mm&r=g","caption":"ritanery"}}]}},"amp_enabled":true,"_links":{"self":[{"href":"https:\/\/radiolifefm.com.br\/noticias\/wp-json\/wp\/v2\/posts\/100809","targetHints":{"allow":["GET"]}}],"collection":[{"href":"https:\/\/radiolifefm.com.br\/noticias\/wp-json\/wp\/v2\/posts"}],"about":[{"href":"https:\/\/radiolifefm.com.br\/noticias\/wp-json\/wp\/v2\/types\/post"}],"author":[{"embeddable":true,"href":"https:\/\/radiolifefm.com.br\/noticias\/wp-json\/wp\/v2\/users\/13"}],"replies":[{"embeddable":true,"href":"https:\/\/radiolifefm.com.br\/noticias\/wp-json\/wp\/v2\/comments?post=100809"}],"version-history":[{"count":1,"href":"https:\/\/radiolifefm.com.br\/noticias\/wp-json\/wp\/v2\/posts\/100809\/revisions"}],"predecessor-version":[{"id":100810,"href":"https:\/\/radiolifefm.com.br\/noticias\/wp-json\/wp\/v2\/posts\/100809\/revisions\/100810"}],"wp:featuredmedia":[{"embeddable":true,"href":"https:\/\/radiolifefm.com.br\/noticias\/wp-json\/wp\/v2\/media\/51988"}],"wp:attachment":[{"href":"https:\/\/radiolifefm.com.br\/noticias\/wp-json\/wp\/v2\/media?parent=100809"}],"wp:term":[{"taxonomy":"category","embeddable":true,"href":"https:\/\/radiolifefm.com.br\/noticias\/wp-json\/wp\/v2\/categories?post=100809"},{"taxonomy":"post_tag","embeddable":true,"href":"https:\/\/radiolifefm.com.br\/noticias\/wp-json\/wp\/v2\/tags?post=100809"}],"curies":[{"name":"wp","href":"https:\/\/api.w.org\/{rel}","templated":true}]}}