{"id":100741,"date":"2025-05-09T08:03:39","date_gmt":"2025-05-09T11:03:39","guid":{"rendered":"https:\/\/radiolifefm.com.br\/noticias\/?p=100741"},"modified":"2026-04-05T04:34:00","modified_gmt":"2026-04-05T07:34:00","slug":"ata-estoria-historia-e-abutres-na-provincia","status":"publish","type":"post","link":"https:\/\/radiolifefm.com.br\/noticias\/ata-estoria-historia-e-abutres-na-provincia\/","title":{"rendered":"ATA, EST\u00d3RIA, HIST\u00d3RIA E ABUTRES NA PROV\u00cdNCIA&#8230;"},"content":{"rendered":"<div id=\"fb-root\"><\/div>\n<p><em>\u00a0<\/em><\/p>\n<p><em>\u201cNa prov\u00edncia n\u00e3o \u00e9 permitido ser original: isto \u00e9, ter id\u00e9ias incompreendidas pelos demais, e o que a\u00ed se quer \u00e9 a igualdade do esp\u00edrito, assim como a igualdade dos costumes\u201d. (Balzac, escritor \u20181799-1850\u2019 in Livro: \u201cA Solteirona\u201d).<\/em><\/p>\n<p>&nbsp;<\/p>\n<p><strong><em>By seb@r.<\/em><\/strong><\/p>\n<p>&nbsp;<\/p>\n<p>Ainda bem que existe a tal da \u201cata\u201d como documento registrado para deixar as marcas pelo caminho de uma est\u00f3ria mal contada, bem como, manobrada nos bastidores com interesses escusos e objetivos atrelados aos desencontros do poder deste ou daquele outro lado&#8230;<\/p>\n<p>Os profetas do ocaso est\u00e3o de prontid\u00e3o, portanto, \u201ctodo cuidado \u00e9 pouco\u201d, bem como, para com aqueles que rondam como ratazanas os corredores institucionais em dias de neblina paulistana&#8230;<\/p>\n<p>O tempo ser\u00e1 o senhor destas manobras provincianas em tempo de p\u00f3s-globaliza\u00e7\u00e3o para um olhar cr\u00edtico frente aos manobristas de plant\u00e3o nas esquinas desertas de uma prov\u00edncia, ainda, que sonha em levar adiante um projeto afins aos interesses em \u00e1reas priorit\u00e1rias para a comunidade local em n\u00edvel regional&#8230;<\/p>\n<p>\u00c9 preciso estar atento aos traidores do passado, sendo que, os mesmos continuam com as mesmas t\u00e1ticas dos \u201canos de chumbo\u201d, golpistas com estrelas perdidas pelo uniforme tupiniquim&#8230;<\/p>\n<p>O projeto depende do trabalho em equipe, entretanto, os perdedores ficam sempre a espreita para dar o bote no peda\u00e7o de carne, neste caso, o melhor seria preparar um contragolpe com peda\u00e7os de carne podre para os abutres provincianos&#8230;<\/p>\n<p>As amea\u00e7as fazem parte deste jogo, isso pode determinar a troca de jogadores e at\u00e9 mesmo de posi\u00e7\u00e3o entre uma e outra jogada pelos interessados em assumir a cadeira do poder, inclusive, o pr\u00f3ximo ano promete em termos de elei\u00e7\u00f5es para os cargos do executivo e legislativo, al\u00e9m do mais ou de menos, como sempre, o pode pelo poder em busca do poder&#8230;<\/p>\n<p>N\u00e3o se pode ficar em cima do muro daqui pra frente, portanto, as pe\u00e7as deste tabuleiro viciadas ser\u00e3o apresentadas, todavia, faz-se necess\u00e1rio estar em conex\u00e3o com os ru\u00eddos das bocas de trombone, ou seja, aquelas pessoas que se re\u00fanem em becos e ruas sem fim para uma reflex\u00e3o manipulada pelos &#8220;donos&#8221; da prov\u00edncia&#8230;<\/p>\n<p>\u00c9 necess\u00e1rio estar de prontid\u00e3o para derrubar os sinais do apocalipse provinciano, nada contra, nada a favor, muito pelo contr\u00e1rio, bem como, nada a declarar daqui pra frente, este \u00e9 o jogo do poder supremo dos traidores de sempre, para isto, basta rever a est\u00f3ria ou hist\u00f3ria de uma prov\u00edncia qualquer do \u201cPa\u00eds do faz de conta\u201d. .<\/p>\n<p>QUEM SOBREVIVER VAI SABER&#8230;<\/p>\n<p>&nbsp;<\/p>\n<p><em>e-mail: <\/em><a href=\"mailto:barbosa.sebar@gmail.com\"><em>barbosa.sebar@gmail.com<\/em><\/a><\/p>\n","protected":false},"excerpt":{"rendered":"<p>\u00a0 \u201cNa prov\u00edncia n\u00e3o \u00e9 permitido ser original: isto \u00e9, ter id\u00e9ias incompreendidas pelos demais, e o que a\u00ed se quer \u00e9 a igualdade do esp\u00edrito, assim como a igualdade dos costumes\u201d. (Balzac, escritor \u20181799-1850\u2019 in Livro: \u201cA Solteirona\u201d). &nbsp; By seb@r. &nbsp; Ainda bem que existe a tal da \u201cata\u201d como documento registrado para [&hellip;]<\/p>\n","protected":false},"author":13,"featured_media":51988,"comment_status":"closed","ping_status":"open","sticky":false,"template":"","format":"standard","meta":{"_acf_changed":false,"_exactmetrics_skip_tracking":false,"_exactmetrics_sitenote_active":false,"_exactmetrics_sitenote_note":"","_exactmetrics_sitenote_category":0,"footnotes":""},"categories":[59],"tags":[],"class_list":["post-100741","post","type-post","status-publish","format-standard","has-post-thumbnail","hentry","category-opiniao"],"acf":[],"yoast_head":"<!-- This site is optimized with the Yoast SEO plugin v27.2 - https:\/\/yoast.com\/product\/yoast-seo-wordpress\/ -->\n<title>ATA, EST\u00d3RIA, HIST\u00d3RIA E ABUTRES NA PROV\u00cdNCIA... - R\u00e1dio Life FM<\/title>\n<meta name=\"robots\" content=\"index, follow, max-snippet:-1, max-image-preview:large, max-video-preview:-1\" \/>\n<link rel=\"canonical\" href=\"https:\/\/radiolifefm.com.br\/noticias\/ata-estoria-historia-e-abutres-na-provincia\/\" \/>\n<meta property=\"og:locale\" content=\"pt_BR\" \/>\n<meta property=\"og:type\" content=\"article\" \/>\n<meta property=\"og:title\" content=\"ATA, EST\u00d3RIA, HIST\u00d3RIA E ABUTRES NA PROV\u00cdNCIA... - R\u00e1dio Life FM\" \/>\n<meta property=\"og:description\" content=\"\u00a0 \u201cNa prov\u00edncia n\u00e3o \u00e9 permitido ser original: isto \u00e9, ter id\u00e9ias incompreendidas pelos demais, e o que a\u00ed se quer \u00e9 a igualdade do esp\u00edrito, assim como a igualdade dos costumes\u201d. (Balzac, escritor \u20181799-1850\u2019 in Livro: \u201cA Solteirona\u201d). &nbsp; By seb@r. &nbsp; Ainda bem que existe a tal da \u201cata\u201d como documento registrado para [&hellip;]\" \/>\n<meta property=\"og:url\" content=\"https:\/\/radiolifefm.com.br\/noticias\/ata-estoria-historia-e-abutres-na-provincia\/\" \/>\n<meta property=\"og:site_name\" content=\"R\u00e1dio Life FM\" \/>\n<meta property=\"article:publisher\" content=\"https:\/\/www.facebook.com\/radiolifefm\/\" \/>\n<meta property=\"article:published_time\" content=\"2025-05-09T11:03:39+00:00\" \/>\n<meta property=\"article:modified_time\" content=\"2026-04-05T07:34:00+00:00\" \/>\n<meta property=\"og:image\" content=\"https:\/\/radiolifefm.com.br\/noticias\/wp-content\/uploads\/2022\/04\/WhatsApp-Image-2022-04-10-at-18.43.02.jpeg\" \/>\n\t<meta property=\"og:image:width\" content=\"972\" \/>\n\t<meta property=\"og:image:height\" content=\"1296\" \/>\n\t<meta property=\"og:image:type\" content=\"image\/jpeg\" \/>\n<meta name=\"author\" content=\"ritanery\" \/>\n<meta name=\"twitter:card\" content=\"summary_large_image\" \/>\n<meta name=\"twitter:label1\" content=\"Escrito por\" \/>\n\t<meta name=\"twitter:data1\" content=\"ritanery\" \/>\n\t<meta name=\"twitter:label2\" content=\"Est. tempo de leitura\" \/>\n\t<meta name=\"twitter:data2\" content=\"3 minutos\" \/>\n<script type=\"application\/ld+json\" class=\"yoast-schema-graph\">{\"@context\":\"https:\/\/schema.org\",\"@graph\":[{\"@type\":\"Article\",\"@id\":\"https:\/\/radiolifefm.com.br\/noticias\/ata-estoria-historia-e-abutres-na-provincia\/#article\",\"isPartOf\":{\"@id\":\"https:\/\/radiolifefm.com.br\/noticias\/ata-estoria-historia-e-abutres-na-provincia\/\"},\"author\":{\"name\":\"ritanery\",\"@id\":\"https:\/\/radiolifefm.com.br\/noticias\/#\/schema\/person\/6339b9fac59d12b071dec680d7375d87\"},\"headline\":\"ATA, EST\u00d3RIA, HIST\u00d3RIA E ABUTRES NA PROV\u00cdNCIA&#8230;\",\"datePublished\":\"2025-05-09T11:03:39+00:00\",\"dateModified\":\"2026-04-05T07:34:00+00:00\",\"mainEntityOfPage\":{\"@id\":\"https:\/\/radiolifefm.com.br\/noticias\/ata-estoria-historia-e-abutres-na-provincia\/\"},\"wordCount\":453,\"publisher\":{\"@id\":\"https:\/\/radiolifefm.com.br\/noticias\/#organization\"},\"image\":{\"@id\":\"https:\/\/radiolifefm.com.br\/noticias\/ata-estoria-historia-e-abutres-na-provincia\/#primaryimage\"},\"thumbnailUrl\":\"https:\/\/radiolifefm.com.br\/noticias\/wp-content\/uploads\/2022\/04\/WhatsApp-Image-2022-04-10-at-18.43.02.jpeg\",\"articleSection\":[\"Opini\u00e3o\"],\"inLanguage\":\"pt-BR\"},{\"@type\":\"WebPage\",\"@id\":\"https:\/\/radiolifefm.com.br\/noticias\/ata-estoria-historia-e-abutres-na-provincia\/\",\"url\":\"https:\/\/radiolifefm.com.br\/noticias\/ata-estoria-historia-e-abutres-na-provincia\/\",\"name\":\"ATA, EST\u00d3RIA, HIST\u00d3RIA E ABUTRES NA PROV\u00cdNCIA... - R\u00e1dio Life FM\",\"isPartOf\":{\"@id\":\"https:\/\/radiolifefm.com.br\/noticias\/#website\"},\"primaryImageOfPage\":{\"@id\":\"https:\/\/radiolifefm.com.br\/noticias\/ata-estoria-historia-e-abutres-na-provincia\/#primaryimage\"},\"image\":{\"@id\":\"https:\/\/radiolifefm.com.br\/noticias\/ata-estoria-historia-e-abutres-na-provincia\/#primaryimage\"},\"thumbnailUrl\":\"https:\/\/radiolifefm.com.br\/noticias\/wp-content\/uploads\/2022\/04\/WhatsApp-Image-2022-04-10-at-18.43.02.jpeg\",\"datePublished\":\"2025-05-09T11:03:39+00:00\",\"dateModified\":\"2026-04-05T07:34:00+00:00\",\"breadcrumb\":{\"@id\":\"https:\/\/radiolifefm.com.br\/noticias\/ata-estoria-historia-e-abutres-na-provincia\/#breadcrumb\"},\"inLanguage\":\"pt-BR\",\"potentialAction\":[{\"@type\":\"ReadAction\",\"target\":[\"https:\/\/radiolifefm.com.br\/noticias\/ata-estoria-historia-e-abutres-na-provincia\/\"]}]},{\"@type\":\"ImageObject\",\"inLanguage\":\"pt-BR\",\"@id\":\"https:\/\/radiolifefm.com.br\/noticias\/ata-estoria-historia-e-abutres-na-provincia\/#primaryimage\",\"url\":\"https:\/\/radiolifefm.com.br\/noticias\/wp-content\/uploads\/2022\/04\/WhatsApp-Image-2022-04-10-at-18.43.02.jpeg\",\"contentUrl\":\"https:\/\/radiolifefm.com.br\/noticias\/wp-content\/uploads\/2022\/04\/WhatsApp-Image-2022-04-10-at-18.43.02.jpeg\",\"width\":972,\"height\":1296,\"caption\":\"S\u00e9rgio Barbosa\"},{\"@type\":\"BreadcrumbList\",\"@id\":\"https:\/\/radiolifefm.com.br\/noticias\/ata-estoria-historia-e-abutres-na-provincia\/#breadcrumb\",\"itemListElement\":[{\"@type\":\"ListItem\",\"position\":1,\"name\":\"In\u00edcio\",\"item\":\"https:\/\/radiolifefm.com.br\/noticias\/\"},{\"@type\":\"ListItem\",\"position\":2,\"name\":\"ATA, EST\u00d3RIA, HIST\u00d3RIA E ABUTRES NA PROV\u00cdNCIA&#8230;\"}]},{\"@type\":\"WebSite\",\"@id\":\"https:\/\/radiolifefm.com.br\/noticias\/#website\",\"url\":\"https:\/\/radiolifefm.com.br\/noticias\/\",\"name\":\"R\u00e1dio Life FM\",\"description\":\"O Portal de Not\u00edcias de Adamantina\",\"publisher\":{\"@id\":\"https:\/\/radiolifefm.com.br\/noticias\/#organization\"},\"alternateName\":\"Life FM\",\"potentialAction\":[{\"@type\":\"SearchAction\",\"target\":{\"@type\":\"EntryPoint\",\"urlTemplate\":\"https:\/\/radiolifefm.com.br\/noticias\/?s={search_term_string}\"},\"query-input\":{\"@type\":\"PropertyValueSpecification\",\"valueRequired\":true,\"valueName\":\"search_term_string\"}}],\"inLanguage\":\"pt-BR\"},{\"@type\":\"Organization\",\"@id\":\"https:\/\/radiolifefm.com.br\/noticias\/#organization\",\"name\":\"R\u00e1dio Life FM\",\"alternateName\":\"Life FM\",\"url\":\"https:\/\/radiolifefm.com.br\/noticias\/\",\"logo\":{\"@type\":\"ImageObject\",\"inLanguage\":\"pt-BR\",\"@id\":\"https:\/\/radiolifefm.com.br\/noticias\/#\/schema\/logo\/image\/\",\"url\":\"https:\/\/static.radiolifefm.com.br\/noticias\/wp-content\/uploads\/2019\/10\/logo-lifefm.png\",\"contentUrl\":\"https:\/\/static.radiolifefm.com.br\/noticias\/wp-content\/uploads\/2019\/10\/logo-lifefm.png\",\"width\":196,\"height\":47,\"caption\":\"R\u00e1dio Life FM\"},\"image\":{\"@id\":\"https:\/\/radiolifefm.com.br\/noticias\/#\/schema\/logo\/image\/\"},\"sameAs\":[\"https:\/\/www.facebook.com\/radiolifefm\/\",\"https:\/\/www.instagram.com\/life1079fm\/\"]},{\"@type\":\"Person\",\"@id\":\"https:\/\/radiolifefm.com.br\/noticias\/#\/schema\/person\/6339b9fac59d12b071dec680d7375d87\",\"name\":\"ritanery\",\"image\":{\"@type\":\"ImageObject\",\"inLanguage\":\"pt-BR\",\"@id\":\"https:\/\/secure.gravatar.com\/avatar\/0e37bb19071f47c0b8a23f62a903df117c5a0e75f65a0c2901562f97cd41cf86?s=96&d=mm&r=g\",\"url\":\"https:\/\/secure.gravatar.com\/avatar\/0e37bb19071f47c0b8a23f62a903df117c5a0e75f65a0c2901562f97cd41cf86?s=96&d=mm&r=g\",\"contentUrl\":\"https:\/\/secure.gravatar.com\/avatar\/0e37bb19071f47c0b8a23f62a903df117c5a0e75f65a0c2901562f97cd41cf86?s=96&d=mm&r=g\",\"caption\":\"ritanery\"}}]}<\/script>\n<!-- \/ Yoast SEO plugin. -->","yoast_head_json":{"title":"ATA, EST\u00d3RIA, HIST\u00d3RIA E ABUTRES NA PROV\u00cdNCIA... - R\u00e1dio Life FM","robots":{"index":"index","follow":"follow","max-snippet":"max-snippet:-1","max-image-preview":"max-image-preview:large","max-video-preview":"max-video-preview:-1"},"canonical":"https:\/\/radiolifefm.com.br\/noticias\/ata-estoria-historia-e-abutres-na-provincia\/","og_locale":"pt_BR","og_type":"article","og_title":"ATA, EST\u00d3RIA, HIST\u00d3RIA E ABUTRES NA PROV\u00cdNCIA... - R\u00e1dio Life FM","og_description":"\u00a0 \u201cNa prov\u00edncia n\u00e3o \u00e9 permitido ser original: isto \u00e9, ter id\u00e9ias incompreendidas pelos demais, e o que a\u00ed se quer \u00e9 a igualdade do esp\u00edrito, assim como a igualdade dos costumes\u201d. (Balzac, escritor \u20181799-1850\u2019 in Livro: \u201cA Solteirona\u201d). &nbsp; By seb@r. &nbsp; Ainda bem que existe a tal da \u201cata\u201d como documento registrado para [&hellip;]","og_url":"https:\/\/radiolifefm.com.br\/noticias\/ata-estoria-historia-e-abutres-na-provincia\/","og_site_name":"R\u00e1dio Life FM","article_publisher":"https:\/\/www.facebook.com\/radiolifefm\/","article_published_time":"2025-05-09T11:03:39+00:00","article_modified_time":"2026-04-05T07:34:00+00:00","og_image":[{"width":972,"height":1296,"url":"https:\/\/radiolifefm.com.br\/noticias\/wp-content\/uploads\/2022\/04\/WhatsApp-Image-2022-04-10-at-18.43.02.jpeg","type":"image\/jpeg"}],"author":"ritanery","twitter_card":"summary_large_image","twitter_misc":{"Escrito por":"ritanery","Est. tempo de leitura":"3 minutos"},"schema":{"@context":"https:\/\/schema.org","@graph":[{"@type":"Article","@id":"https:\/\/radiolifefm.com.br\/noticias\/ata-estoria-historia-e-abutres-na-provincia\/#article","isPartOf":{"@id":"https:\/\/radiolifefm.com.br\/noticias\/ata-estoria-historia-e-abutres-na-provincia\/"},"author":{"name":"ritanery","@id":"https:\/\/radiolifefm.com.br\/noticias\/#\/schema\/person\/6339b9fac59d12b071dec680d7375d87"},"headline":"ATA, EST\u00d3RIA, HIST\u00d3RIA E ABUTRES NA PROV\u00cdNCIA&#8230;","datePublished":"2025-05-09T11:03:39+00:00","dateModified":"2026-04-05T07:34:00+00:00","mainEntityOfPage":{"@id":"https:\/\/radiolifefm.com.br\/noticias\/ata-estoria-historia-e-abutres-na-provincia\/"},"wordCount":453,"publisher":{"@id":"https:\/\/radiolifefm.com.br\/noticias\/#organization"},"image":{"@id":"https:\/\/radiolifefm.com.br\/noticias\/ata-estoria-historia-e-abutres-na-provincia\/#primaryimage"},"thumbnailUrl":"https:\/\/radiolifefm.com.br\/noticias\/wp-content\/uploads\/2022\/04\/WhatsApp-Image-2022-04-10-at-18.43.02.jpeg","articleSection":["Opini\u00e3o"],"inLanguage":"pt-BR"},{"@type":"WebPage","@id":"https:\/\/radiolifefm.com.br\/noticias\/ata-estoria-historia-e-abutres-na-provincia\/","url":"https:\/\/radiolifefm.com.br\/noticias\/ata-estoria-historia-e-abutres-na-provincia\/","name":"ATA, EST\u00d3RIA, HIST\u00d3RIA E ABUTRES NA PROV\u00cdNCIA... - R\u00e1dio Life FM","isPartOf":{"@id":"https:\/\/radiolifefm.com.br\/noticias\/#website"},"primaryImageOfPage":{"@id":"https:\/\/radiolifefm.com.br\/noticias\/ata-estoria-historia-e-abutres-na-provincia\/#primaryimage"},"image":{"@id":"https:\/\/radiolifefm.com.br\/noticias\/ata-estoria-historia-e-abutres-na-provincia\/#primaryimage"},"thumbnailUrl":"https:\/\/radiolifefm.com.br\/noticias\/wp-content\/uploads\/2022\/04\/WhatsApp-Image-2022-04-10-at-18.43.02.jpeg","datePublished":"2025-05-09T11:03:39+00:00","dateModified":"2026-04-05T07:34:00+00:00","breadcrumb":{"@id":"https:\/\/radiolifefm.com.br\/noticias\/ata-estoria-historia-e-abutres-na-provincia\/#breadcrumb"},"inLanguage":"pt-BR","potentialAction":[{"@type":"ReadAction","target":["https:\/\/radiolifefm.com.br\/noticias\/ata-estoria-historia-e-abutres-na-provincia\/"]}]},{"@type":"ImageObject","inLanguage":"pt-BR","@id":"https:\/\/radiolifefm.com.br\/noticias\/ata-estoria-historia-e-abutres-na-provincia\/#primaryimage","url":"https:\/\/radiolifefm.com.br\/noticias\/wp-content\/uploads\/2022\/04\/WhatsApp-Image-2022-04-10-at-18.43.02.jpeg","contentUrl":"https:\/\/radiolifefm.com.br\/noticias\/wp-content\/uploads\/2022\/04\/WhatsApp-Image-2022-04-10-at-18.43.02.jpeg","width":972,"height":1296,"caption":"S\u00e9rgio Barbosa"},{"@type":"BreadcrumbList","@id":"https:\/\/radiolifefm.com.br\/noticias\/ata-estoria-historia-e-abutres-na-provincia\/#breadcrumb","itemListElement":[{"@type":"ListItem","position":1,"name":"In\u00edcio","item":"https:\/\/radiolifefm.com.br\/noticias\/"},{"@type":"ListItem","position":2,"name":"ATA, EST\u00d3RIA, HIST\u00d3RIA E ABUTRES NA PROV\u00cdNCIA&#8230;"}]},{"@type":"WebSite","@id":"https:\/\/radiolifefm.com.br\/noticias\/#website","url":"https:\/\/radiolifefm.com.br\/noticias\/","name":"R\u00e1dio Life FM","description":"O Portal de Not\u00edcias de Adamantina","publisher":{"@id":"https:\/\/radiolifefm.com.br\/noticias\/#organization"},"alternateName":"Life FM","potentialAction":[{"@type":"SearchAction","target":{"@type":"EntryPoint","urlTemplate":"https:\/\/radiolifefm.com.br\/noticias\/?s={search_term_string}"},"query-input":{"@type":"PropertyValueSpecification","valueRequired":true,"valueName":"search_term_string"}}],"inLanguage":"pt-BR"},{"@type":"Organization","@id":"https:\/\/radiolifefm.com.br\/noticias\/#organization","name":"R\u00e1dio Life FM","alternateName":"Life FM","url":"https:\/\/radiolifefm.com.br\/noticias\/","logo":{"@type":"ImageObject","inLanguage":"pt-BR","@id":"https:\/\/radiolifefm.com.br\/noticias\/#\/schema\/logo\/image\/","url":"https:\/\/static.radiolifefm.com.br\/noticias\/wp-content\/uploads\/2019\/10\/logo-lifefm.png","contentUrl":"https:\/\/static.radiolifefm.com.br\/noticias\/wp-content\/uploads\/2019\/10\/logo-lifefm.png","width":196,"height":47,"caption":"R\u00e1dio Life FM"},"image":{"@id":"https:\/\/radiolifefm.com.br\/noticias\/#\/schema\/logo\/image\/"},"sameAs":["https:\/\/www.facebook.com\/radiolifefm\/","https:\/\/www.instagram.com\/life1079fm\/"]},{"@type":"Person","@id":"https:\/\/radiolifefm.com.br\/noticias\/#\/schema\/person\/6339b9fac59d12b071dec680d7375d87","name":"ritanery","image":{"@type":"ImageObject","inLanguage":"pt-BR","@id":"https:\/\/secure.gravatar.com\/avatar\/0e37bb19071f47c0b8a23f62a903df117c5a0e75f65a0c2901562f97cd41cf86?s=96&d=mm&r=g","url":"https:\/\/secure.gravatar.com\/avatar\/0e37bb19071f47c0b8a23f62a903df117c5a0e75f65a0c2901562f97cd41cf86?s=96&d=mm&r=g","contentUrl":"https:\/\/secure.gravatar.com\/avatar\/0e37bb19071f47c0b8a23f62a903df117c5a0e75f65a0c2901562f97cd41cf86?s=96&d=mm&r=g","caption":"ritanery"}}]}},"amp_enabled":true,"_links":{"self":[{"href":"https:\/\/radiolifefm.com.br\/noticias\/wp-json\/wp\/v2\/posts\/100741","targetHints":{"allow":["GET"]}}],"collection":[{"href":"https:\/\/radiolifefm.com.br\/noticias\/wp-json\/wp\/v2\/posts"}],"about":[{"href":"https:\/\/radiolifefm.com.br\/noticias\/wp-json\/wp\/v2\/types\/post"}],"author":[{"embeddable":true,"href":"https:\/\/radiolifefm.com.br\/noticias\/wp-json\/wp\/v2\/users\/13"}],"replies":[{"embeddable":true,"href":"https:\/\/radiolifefm.com.br\/noticias\/wp-json\/wp\/v2\/comments?post=100741"}],"version-history":[{"count":1,"href":"https:\/\/radiolifefm.com.br\/noticias\/wp-json\/wp\/v2\/posts\/100741\/revisions"}],"predecessor-version":[{"id":100742,"href":"https:\/\/radiolifefm.com.br\/noticias\/wp-json\/wp\/v2\/posts\/100741\/revisions\/100742"}],"wp:featuredmedia":[{"embeddable":true,"href":"https:\/\/radiolifefm.com.br\/noticias\/wp-json\/wp\/v2\/media\/51988"}],"wp:attachment":[{"href":"https:\/\/radiolifefm.com.br\/noticias\/wp-json\/wp\/v2\/media?parent=100741"}],"wp:term":[{"taxonomy":"category","embeddable":true,"href":"https:\/\/radiolifefm.com.br\/noticias\/wp-json\/wp\/v2\/categories?post=100741"},{"taxonomy":"post_tag","embeddable":true,"href":"https:\/\/radiolifefm.com.br\/noticias\/wp-json\/wp\/v2\/tags?post=100741"}],"curies":[{"name":"wp","href":"https:\/\/api.w.org\/{rel}","templated":true}]}}