{"id":100699,"date":"2025-05-08T15:40:24","date_gmt":"2025-05-08T18:40:24","guid":{"rendered":"https:\/\/radiolifefm.com.br\/noticias\/?p=100699"},"modified":"2026-04-26T17:00:48","modified_gmt":"2026-04-26T20:00:48","slug":"robert-francis-prevost-e-eleito-papa-e-adotara-o-nome-leao-xiv","status":"publish","type":"post","link":"https:\/\/radiolifefm.com.br\/noticias\/robert-francis-prevost-e-eleito-papa-e-adotara-o-nome-leao-xiv\/","title":{"rendered":"Habemus Papam: Robert Francis Prevost \u00e9 eleito papa Le\u00e3o XIV"},"content":{"rendered":"<div id=\"fb-root\"><\/div>\n<p>Com a tradicional frase <em data-start=\"317\" data-end=\"332\">Habemus Papam<\/em>, o cardeal norte-americano Robert Francis Prevost foi apresentado nesta quinta-feira (8) como o novo l\u00edder da Igreja Cat\u00f3lica. Ele \u00e9 o 267\u00ba papa da hist\u00f3ria e adotou o nome Le\u00e3o XIV. A apresenta\u00e7\u00e3o oficial aconteceu na sacada central da Bas\u00edlica de S\u00e3o Pedro, no Vaticano. Prevost sucede o papa Francisco, falecido no \u00faltimo dia 21.<\/p>\n<p data-start=\"667\" data-end=\"1016\">A elei\u00e7\u00e3o foi confirmada pouco mais de uma hora ap\u00f3s a fuma\u00e7a branca emergir da chamin\u00e9 da Capela Sistina, indicando que os 133 cardeais eleitores haviam chegado a um consenso. A decis\u00e3o veio na terceira vota\u00e7\u00e3o do dia e quarta desde o in\u00edcio do conclave, na quarta-feira (7), provocando grande como\u00e7\u00e3o entre os fi\u00e9is reunidos na Pra\u00e7a de S\u00e3o Pedro.<\/p>\n<h3 data-start=\"1018\" data-end=\"1043\"><strong data-start=\"1022\" data-end=\"1043\">Ritos p\u00f3s-elei\u00e7\u00e3o<\/strong><\/h3>\n<p data-start=\"1045\" data-end=\"1452\">Segundo o protocolo do Vaticano, ap\u00f3s a b\u00ean\u00e7\u00e3o inicial, o novo papa retornou \u00e0 Capela Sistina para uma breve cerim\u00f4nia. O cardeal mais antigo da Ordem dos Bispos d\u00e1 in\u00edcio \u00e0 celebra\u00e7\u00e3o, seguido pela leitura de uma passagem do Evangelho pelo cardeal-sacerdote mais experiente. S\u00e3o tradicionalmente usadas as frases \u201cTu \u00e9s Pedro, e sobre esta pedra edificarei a minha Igreja\u201d ou \u201cApascenta as minhas ovelhas\u201d.<\/p>\n<p data-start=\"1454\" data-end=\"1701\">Logo ap\u00f3s, o protodi\u00e1cono conduz uma ora\u00e7\u00e3o pelo novo pont\u00edfice. Em seguida, os cardeais eleitores o sa\u00fadam e prestam juramento de obedi\u00eancia, em ordem de preced\u00eancia. A cerim\u00f4nia se encerra com o c\u00e2ntico do <em data-start=\"1662\" data-end=\"1671\">Te Deum<\/em>, conduzido pelo pr\u00f3prio papa.<\/p>\n<p>&nbsp;<\/p>\n<h3 data-start=\"1703\" data-end=\"1726\"><strong data-start=\"1707\" data-end=\"1726\">Quem \u00e9 Le\u00e3o XIV<\/strong><\/h3>\n<p data-start=\"1728\" data-end=\"2040\">Nascido em Chicago, nos Estados Unidos, Robert Francis Prevost pertence \u00e0 Ordem de Santo Agostinho. Ele desenvolveu boa parte de sua miss\u00e3o pastoral na Am\u00e9rica Latina, especialmente no Peru, onde atuou como mission\u00e1rio, bispo e representante em \u00f3rg\u00e3os eclesiais, ganhando respeito entre o clero latino-americano.<\/p>\n<p data-start=\"2042\" data-end=\"2276\">Antes de sua elei\u00e7\u00e3o, Prevost liderava dois dos principais \u00f3rg\u00e3os da C\u00faria Romana: era prefeito do Dicast\u00e9rio para os Bispos \u2014 respons\u00e1vel pela nomea\u00e7\u00e3o episcopal no mundo todo \u2014 e presidia a Comiss\u00e3o Pontif\u00edcia para a Am\u00e9rica Latina.<\/p>\n<p data-start=\"2278\" data-end=\"2659\">Discreto, de fala calma e avesso \u00e0 exposi\u00e7\u00e3o, \u00e9 considerado um reformista moderado, alinhado \u00e0s diretrizes pastorais promovidas por Francisco. Com s\u00f3lida forma\u00e7\u00e3o acad\u00eamica, \u00e9 especialista em teologia e direito can\u00f4nico. Ingressou na vida religiosa aos 22 anos, estudou na Uni\u00e3o Teol\u00f3gica Cat\u00f3lica de Chicago e concluiu seus estudos em Roma, na Universidade de S\u00e3o Tom\u00e1s de Aquino.<\/p>\n<p data-start=\"2661\" data-end=\"2923\">Ordenado sacerdote em 1982, iniciou sua miss\u00e3o no Peru dois anos depois. Trabalhou nas regi\u00f5es de Piura e Trujillo por mais de uma d\u00e9cada. Durante o governo de Alberto Fujimori, cobrou retrata\u00e7\u00f5es p\u00fablicas por viola\u00e7\u00f5es de direitos humanos cometidas pelo regime.<\/p>\n<p data-start=\"2955\" data-end=\"3565\">Em 2014, foi nomeado administrador da Diocese de Chiclayo, onde permaneceu por nove anos. Nesse per\u00edodo, enfrentou um epis\u00f3dio delicado: em 2023, foi acusado por tr\u00eas mulheres de ter acobertado casos de abuso sexual cometidos por dois padres durante a inf\u00e2ncia delas. Segundo as den\u00fancias, Prevost teria sido alertado em 2020, recebido formalmente os relatos em 2022 e encaminhado os casos \u00e0 Santa S\u00e9. Um dos acusados foi afastado preventivamente e o outro j\u00e1 estava fora das fun\u00e7\u00f5es por raz\u00f5es m\u00e9dicas. A diocese negou qualquer omiss\u00e3o, afirmando ter seguido os protocolos. O Vaticano segue apurando os fatos.<\/p>\n<p data-start=\"3567\" data-end=\"3845\">Al\u00e9m de sua trajet\u00f3ria pastoral, Prevost teve papel de destaque na Confer\u00eancia Episcopal Peruana e participou de importantes congrega\u00e7\u00f5es do Vaticano. Foi nomeado cardeal em 2023 \u2014 t\u00edtulo que ocupou por menos de dois anos antes de ser eleito papa, algo raro nos tempos recentes.<\/p>\n<p data-start=\"3847\" data-end=\"4025\">Durante uma interna\u00e7\u00e3o do papa Francisco, Prevost liderou uma ora\u00e7\u00e3o p\u00fablica por sua recupera\u00e7\u00e3o, gesto simb\u00f3lico que refor\u00e7ou sua proximidade com o centro do poder eclesi\u00e1stico.<\/p>\n<p data-start=\"4027\" data-end=\"4226\">Com a elei\u00e7\u00e3o de Le\u00e3o XIV, a Igreja Cat\u00f3lica inicia uma nova etapa sob o comando de um pont\u00edfice americano, com ra\u00edzes profundas na Am\u00e9rica Latina e forma\u00e7\u00e3o inspirada na espiritualidade agostiniana.<\/p>\n<p>Da reda\u00e7\u00e3o com informa\u00e7\u00f5es da internet<\/p>\n","protected":false},"excerpt":{"rendered":"<p>Com a tradicional frase Habemus Papam, o cardeal norte-americano Robert Francis Prevost foi apresentado nesta quinta-feira (8) como o novo l\u00edder da Igreja Cat\u00f3lica. Ele \u00e9 o 267\u00ba papa da hist\u00f3ria e adotou o nome Le\u00e3o XIV. A apresenta\u00e7\u00e3o oficial aconteceu na sacada central da Bas\u00edlica de S\u00e3o Pedro, no Vaticano. Prevost sucede o papa [&hellip;]<\/p>\n","protected":false},"author":13,"featured_media":100700,"comment_status":"closed","ping_status":"open","sticky":false,"template":"","format":"standard","meta":{"_acf_changed":false,"_exactmetrics_skip_tracking":false,"_exactmetrics_sitenote_active":false,"_exactmetrics_sitenote_note":"","_exactmetrics_sitenote_category":0,"footnotes":""},"categories":[57],"tags":[],"class_list":["post-100699","post","type-post","status-publish","format-standard","has-post-thumbnail","hentry","category-fe"],"acf":[],"yoast_head":"<!-- This site is optimized with the Yoast SEO plugin v27.2 - https:\/\/yoast.com\/product\/yoast-seo-wordpress\/ -->\n<title>Habemus Papam: Robert Francis Prevost \u00e9 eleito papa Le\u00e3o XIV - R\u00e1dio Life FM<\/title>\n<meta name=\"robots\" content=\"index, follow, max-snippet:-1, max-image-preview:large, max-video-preview:-1\" \/>\n<link rel=\"canonical\" href=\"https:\/\/radiolifefm.com.br\/noticias\/robert-francis-prevost-e-eleito-papa-e-adotara-o-nome-leao-xiv\/\" \/>\n<meta property=\"og:locale\" content=\"pt_BR\" \/>\n<meta property=\"og:type\" content=\"article\" \/>\n<meta property=\"og:title\" content=\"Habemus Papam: Robert Francis Prevost \u00e9 eleito papa Le\u00e3o XIV - R\u00e1dio Life FM\" \/>\n<meta property=\"og:description\" content=\"Com a tradicional frase Habemus Papam, o cardeal norte-americano Robert Francis Prevost foi apresentado nesta quinta-feira (8) como o novo l\u00edder da Igreja Cat\u00f3lica. Ele \u00e9 o 267\u00ba papa da hist\u00f3ria e adotou o nome Le\u00e3o XIV. A apresenta\u00e7\u00e3o oficial aconteceu na sacada central da Bas\u00edlica de S\u00e3o Pedro, no Vaticano. Prevost sucede o papa [&hellip;]\" \/>\n<meta property=\"og:url\" content=\"https:\/\/radiolifefm.com.br\/noticias\/robert-francis-prevost-e-eleito-papa-e-adotara-o-nome-leao-xiv\/\" \/>\n<meta property=\"og:site_name\" content=\"R\u00e1dio Life FM\" \/>\n<meta property=\"article:publisher\" content=\"https:\/\/www.facebook.com\/radiolifefm\/\" \/>\n<meta property=\"article:published_time\" content=\"2025-05-08T18:40:24+00:00\" \/>\n<meta property=\"article:modified_time\" content=\"2026-04-26T20:00:48+00:00\" \/>\n<meta property=\"og:image\" content=\"https:\/\/radiolifefm.com.br\/noticias\/wp-content\/uploads\/2025\/05\/images.jpg\" \/>\n\t<meta property=\"og:image:width\" content=\"275\" \/>\n\t<meta property=\"og:image:height\" content=\"183\" \/>\n\t<meta property=\"og:image:type\" content=\"image\/jpeg\" \/>\n<meta name=\"author\" content=\"ritanery\" \/>\n<meta name=\"twitter:card\" content=\"summary_large_image\" \/>\n<meta name=\"twitter:label1\" content=\"Escrito por\" \/>\n\t<meta name=\"twitter:data1\" content=\"ritanery\" \/>\n\t<meta name=\"twitter:label2\" content=\"Est. tempo de leitura\" \/>\n\t<meta name=\"twitter:data2\" content=\"4 minutos\" \/>\n<script type=\"application\/ld+json\" class=\"yoast-schema-graph\">{\"@context\":\"https:\/\/schema.org\",\"@graph\":[{\"@type\":\"Article\",\"@id\":\"https:\/\/radiolifefm.com.br\/noticias\/robert-francis-prevost-e-eleito-papa-e-adotara-o-nome-leao-xiv\/#article\",\"isPartOf\":{\"@id\":\"https:\/\/radiolifefm.com.br\/noticias\/robert-francis-prevost-e-eleito-papa-e-adotara-o-nome-leao-xiv\/\"},\"author\":{\"name\":\"ritanery\",\"@id\":\"https:\/\/radiolifefm.com.br\/noticias\/#\/schema\/person\/6339b9fac59d12b071dec680d7375d87\"},\"headline\":\"Habemus Papam: Robert Francis Prevost \u00e9 eleito papa Le\u00e3o XIV\",\"datePublished\":\"2025-05-08T18:40:24+00:00\",\"dateModified\":\"2026-04-26T20:00:48+00:00\",\"mainEntityOfPage\":{\"@id\":\"https:\/\/radiolifefm.com.br\/noticias\/robert-francis-prevost-e-eleito-papa-e-adotara-o-nome-leao-xiv\/\"},\"wordCount\":703,\"publisher\":{\"@id\":\"https:\/\/radiolifefm.com.br\/noticias\/#organization\"},\"image\":{\"@id\":\"https:\/\/radiolifefm.com.br\/noticias\/robert-francis-prevost-e-eleito-papa-e-adotara-o-nome-leao-xiv\/#primaryimage\"},\"thumbnailUrl\":\"https:\/\/radiolifefm.com.br\/noticias\/wp-content\/uploads\/2025\/05\/images.jpg\",\"articleSection\":[\"F\u00e9\"],\"inLanguage\":\"pt-BR\"},{\"@type\":\"WebPage\",\"@id\":\"https:\/\/radiolifefm.com.br\/noticias\/robert-francis-prevost-e-eleito-papa-e-adotara-o-nome-leao-xiv\/\",\"url\":\"https:\/\/radiolifefm.com.br\/noticias\/robert-francis-prevost-e-eleito-papa-e-adotara-o-nome-leao-xiv\/\",\"name\":\"Habemus Papam: Robert Francis Prevost \u00e9 eleito papa Le\u00e3o XIV - R\u00e1dio Life FM\",\"isPartOf\":{\"@id\":\"https:\/\/radiolifefm.com.br\/noticias\/#website\"},\"primaryImageOfPage\":{\"@id\":\"https:\/\/radiolifefm.com.br\/noticias\/robert-francis-prevost-e-eleito-papa-e-adotara-o-nome-leao-xiv\/#primaryimage\"},\"image\":{\"@id\":\"https:\/\/radiolifefm.com.br\/noticias\/robert-francis-prevost-e-eleito-papa-e-adotara-o-nome-leao-xiv\/#primaryimage\"},\"thumbnailUrl\":\"https:\/\/radiolifefm.com.br\/noticias\/wp-content\/uploads\/2025\/05\/images.jpg\",\"datePublished\":\"2025-05-08T18:40:24+00:00\",\"dateModified\":\"2026-04-26T20:00:48+00:00\",\"breadcrumb\":{\"@id\":\"https:\/\/radiolifefm.com.br\/noticias\/robert-francis-prevost-e-eleito-papa-e-adotara-o-nome-leao-xiv\/#breadcrumb\"},\"inLanguage\":\"pt-BR\",\"potentialAction\":[{\"@type\":\"ReadAction\",\"target\":[\"https:\/\/radiolifefm.com.br\/noticias\/robert-francis-prevost-e-eleito-papa-e-adotara-o-nome-leao-xiv\/\"]}]},{\"@type\":\"ImageObject\",\"inLanguage\":\"pt-BR\",\"@id\":\"https:\/\/radiolifefm.com.br\/noticias\/robert-francis-prevost-e-eleito-papa-e-adotara-o-nome-leao-xiv\/#primaryimage\",\"url\":\"https:\/\/radiolifefm.com.br\/noticias\/wp-content\/uploads\/2025\/05\/images.jpg\",\"contentUrl\":\"https:\/\/radiolifefm.com.br\/noticias\/wp-content\/uploads\/2025\/05\/images.jpg\",\"width\":275,\"height\":183,\"caption\":\"Cardeal norte-americano Robert Francis Prevost.\"},{\"@type\":\"BreadcrumbList\",\"@id\":\"https:\/\/radiolifefm.com.br\/noticias\/robert-francis-prevost-e-eleito-papa-e-adotara-o-nome-leao-xiv\/#breadcrumb\",\"itemListElement\":[{\"@type\":\"ListItem\",\"position\":1,\"name\":\"In\u00edcio\",\"item\":\"https:\/\/radiolifefm.com.br\/noticias\/\"},{\"@type\":\"ListItem\",\"position\":2,\"name\":\"Habemus Papam: Robert Francis Prevost \u00e9 eleito papa Le\u00e3o XIV\"}]},{\"@type\":\"WebSite\",\"@id\":\"https:\/\/radiolifefm.com.br\/noticias\/#website\",\"url\":\"https:\/\/radiolifefm.com.br\/noticias\/\",\"name\":\"R\u00e1dio Life FM\",\"description\":\"O Portal de Not\u00edcias de Adamantina\",\"publisher\":{\"@id\":\"https:\/\/radiolifefm.com.br\/noticias\/#organization\"},\"alternateName\":\"Life FM\",\"potentialAction\":[{\"@type\":\"SearchAction\",\"target\":{\"@type\":\"EntryPoint\",\"urlTemplate\":\"https:\/\/radiolifefm.com.br\/noticias\/?s={search_term_string}\"},\"query-input\":{\"@type\":\"PropertyValueSpecification\",\"valueRequired\":true,\"valueName\":\"search_term_string\"}}],\"inLanguage\":\"pt-BR\"},{\"@type\":\"Organization\",\"@id\":\"https:\/\/radiolifefm.com.br\/noticias\/#organization\",\"name\":\"R\u00e1dio Life FM\",\"alternateName\":\"Life FM\",\"url\":\"https:\/\/radiolifefm.com.br\/noticias\/\",\"logo\":{\"@type\":\"ImageObject\",\"inLanguage\":\"pt-BR\",\"@id\":\"https:\/\/radiolifefm.com.br\/noticias\/#\/schema\/logo\/image\/\",\"url\":\"https:\/\/static.radiolifefm.com.br\/noticias\/wp-content\/uploads\/2019\/10\/logo-lifefm.png\",\"contentUrl\":\"https:\/\/static.radiolifefm.com.br\/noticias\/wp-content\/uploads\/2019\/10\/logo-lifefm.png\",\"width\":196,\"height\":47,\"caption\":\"R\u00e1dio Life FM\"},\"image\":{\"@id\":\"https:\/\/radiolifefm.com.br\/noticias\/#\/schema\/logo\/image\/\"},\"sameAs\":[\"https:\/\/www.facebook.com\/radiolifefm\/\",\"https:\/\/www.instagram.com\/life1079fm\/\"]},{\"@type\":\"Person\",\"@id\":\"https:\/\/radiolifefm.com.br\/noticias\/#\/schema\/person\/6339b9fac59d12b071dec680d7375d87\",\"name\":\"ritanery\",\"image\":{\"@type\":\"ImageObject\",\"inLanguage\":\"pt-BR\",\"@id\":\"https:\/\/secure.gravatar.com\/avatar\/0e37bb19071f47c0b8a23f62a903df117c5a0e75f65a0c2901562f97cd41cf86?s=96&d=mm&r=g\",\"url\":\"https:\/\/secure.gravatar.com\/avatar\/0e37bb19071f47c0b8a23f62a903df117c5a0e75f65a0c2901562f97cd41cf86?s=96&d=mm&r=g\",\"contentUrl\":\"https:\/\/secure.gravatar.com\/avatar\/0e37bb19071f47c0b8a23f62a903df117c5a0e75f65a0c2901562f97cd41cf86?s=96&d=mm&r=g\",\"caption\":\"ritanery\"}}]}<\/script>\n<!-- \/ Yoast SEO plugin. -->","yoast_head_json":{"title":"Habemus Papam: Robert Francis Prevost \u00e9 eleito papa Le\u00e3o XIV - R\u00e1dio Life FM","robots":{"index":"index","follow":"follow","max-snippet":"max-snippet:-1","max-image-preview":"max-image-preview:large","max-video-preview":"max-video-preview:-1"},"canonical":"https:\/\/radiolifefm.com.br\/noticias\/robert-francis-prevost-e-eleito-papa-e-adotara-o-nome-leao-xiv\/","og_locale":"pt_BR","og_type":"article","og_title":"Habemus Papam: Robert Francis Prevost \u00e9 eleito papa Le\u00e3o XIV - R\u00e1dio Life FM","og_description":"Com a tradicional frase Habemus Papam, o cardeal norte-americano Robert Francis Prevost foi apresentado nesta quinta-feira (8) como o novo l\u00edder da Igreja Cat\u00f3lica. Ele \u00e9 o 267\u00ba papa da hist\u00f3ria e adotou o nome Le\u00e3o XIV. A apresenta\u00e7\u00e3o oficial aconteceu na sacada central da Bas\u00edlica de S\u00e3o Pedro, no Vaticano. Prevost sucede o papa [&hellip;]","og_url":"https:\/\/radiolifefm.com.br\/noticias\/robert-francis-prevost-e-eleito-papa-e-adotara-o-nome-leao-xiv\/","og_site_name":"R\u00e1dio Life FM","article_publisher":"https:\/\/www.facebook.com\/radiolifefm\/","article_published_time":"2025-05-08T18:40:24+00:00","article_modified_time":"2026-04-26T20:00:48+00:00","og_image":[{"width":275,"height":183,"url":"https:\/\/radiolifefm.com.br\/noticias\/wp-content\/uploads\/2025\/05\/images.jpg","type":"image\/jpeg"}],"author":"ritanery","twitter_card":"summary_large_image","twitter_misc":{"Escrito por":"ritanery","Est. tempo de leitura":"4 minutos"},"schema":{"@context":"https:\/\/schema.org","@graph":[{"@type":"Article","@id":"https:\/\/radiolifefm.com.br\/noticias\/robert-francis-prevost-e-eleito-papa-e-adotara-o-nome-leao-xiv\/#article","isPartOf":{"@id":"https:\/\/radiolifefm.com.br\/noticias\/robert-francis-prevost-e-eleito-papa-e-adotara-o-nome-leao-xiv\/"},"author":{"name":"ritanery","@id":"https:\/\/radiolifefm.com.br\/noticias\/#\/schema\/person\/6339b9fac59d12b071dec680d7375d87"},"headline":"Habemus Papam: Robert Francis Prevost \u00e9 eleito papa Le\u00e3o XIV","datePublished":"2025-05-08T18:40:24+00:00","dateModified":"2026-04-26T20:00:48+00:00","mainEntityOfPage":{"@id":"https:\/\/radiolifefm.com.br\/noticias\/robert-francis-prevost-e-eleito-papa-e-adotara-o-nome-leao-xiv\/"},"wordCount":703,"publisher":{"@id":"https:\/\/radiolifefm.com.br\/noticias\/#organization"},"image":{"@id":"https:\/\/radiolifefm.com.br\/noticias\/robert-francis-prevost-e-eleito-papa-e-adotara-o-nome-leao-xiv\/#primaryimage"},"thumbnailUrl":"https:\/\/radiolifefm.com.br\/noticias\/wp-content\/uploads\/2025\/05\/images.jpg","articleSection":["F\u00e9"],"inLanguage":"pt-BR"},{"@type":"WebPage","@id":"https:\/\/radiolifefm.com.br\/noticias\/robert-francis-prevost-e-eleito-papa-e-adotara-o-nome-leao-xiv\/","url":"https:\/\/radiolifefm.com.br\/noticias\/robert-francis-prevost-e-eleito-papa-e-adotara-o-nome-leao-xiv\/","name":"Habemus Papam: Robert Francis Prevost \u00e9 eleito papa Le\u00e3o XIV - R\u00e1dio Life FM","isPartOf":{"@id":"https:\/\/radiolifefm.com.br\/noticias\/#website"},"primaryImageOfPage":{"@id":"https:\/\/radiolifefm.com.br\/noticias\/robert-francis-prevost-e-eleito-papa-e-adotara-o-nome-leao-xiv\/#primaryimage"},"image":{"@id":"https:\/\/radiolifefm.com.br\/noticias\/robert-francis-prevost-e-eleito-papa-e-adotara-o-nome-leao-xiv\/#primaryimage"},"thumbnailUrl":"https:\/\/radiolifefm.com.br\/noticias\/wp-content\/uploads\/2025\/05\/images.jpg","datePublished":"2025-05-08T18:40:24+00:00","dateModified":"2026-04-26T20:00:48+00:00","breadcrumb":{"@id":"https:\/\/radiolifefm.com.br\/noticias\/robert-francis-prevost-e-eleito-papa-e-adotara-o-nome-leao-xiv\/#breadcrumb"},"inLanguage":"pt-BR","potentialAction":[{"@type":"ReadAction","target":["https:\/\/radiolifefm.com.br\/noticias\/robert-francis-prevost-e-eleito-papa-e-adotara-o-nome-leao-xiv\/"]}]},{"@type":"ImageObject","inLanguage":"pt-BR","@id":"https:\/\/radiolifefm.com.br\/noticias\/robert-francis-prevost-e-eleito-papa-e-adotara-o-nome-leao-xiv\/#primaryimage","url":"https:\/\/radiolifefm.com.br\/noticias\/wp-content\/uploads\/2025\/05\/images.jpg","contentUrl":"https:\/\/radiolifefm.com.br\/noticias\/wp-content\/uploads\/2025\/05\/images.jpg","width":275,"height":183,"caption":"Cardeal norte-americano Robert Francis Prevost."},{"@type":"BreadcrumbList","@id":"https:\/\/radiolifefm.com.br\/noticias\/robert-francis-prevost-e-eleito-papa-e-adotara-o-nome-leao-xiv\/#breadcrumb","itemListElement":[{"@type":"ListItem","position":1,"name":"In\u00edcio","item":"https:\/\/radiolifefm.com.br\/noticias\/"},{"@type":"ListItem","position":2,"name":"Habemus Papam: Robert Francis Prevost \u00e9 eleito papa Le\u00e3o XIV"}]},{"@type":"WebSite","@id":"https:\/\/radiolifefm.com.br\/noticias\/#website","url":"https:\/\/radiolifefm.com.br\/noticias\/","name":"R\u00e1dio Life FM","description":"O Portal de Not\u00edcias de Adamantina","publisher":{"@id":"https:\/\/radiolifefm.com.br\/noticias\/#organization"},"alternateName":"Life FM","potentialAction":[{"@type":"SearchAction","target":{"@type":"EntryPoint","urlTemplate":"https:\/\/radiolifefm.com.br\/noticias\/?s={search_term_string}"},"query-input":{"@type":"PropertyValueSpecification","valueRequired":true,"valueName":"search_term_string"}}],"inLanguage":"pt-BR"},{"@type":"Organization","@id":"https:\/\/radiolifefm.com.br\/noticias\/#organization","name":"R\u00e1dio Life FM","alternateName":"Life FM","url":"https:\/\/radiolifefm.com.br\/noticias\/","logo":{"@type":"ImageObject","inLanguage":"pt-BR","@id":"https:\/\/radiolifefm.com.br\/noticias\/#\/schema\/logo\/image\/","url":"https:\/\/static.radiolifefm.com.br\/noticias\/wp-content\/uploads\/2019\/10\/logo-lifefm.png","contentUrl":"https:\/\/static.radiolifefm.com.br\/noticias\/wp-content\/uploads\/2019\/10\/logo-lifefm.png","width":196,"height":47,"caption":"R\u00e1dio Life FM"},"image":{"@id":"https:\/\/radiolifefm.com.br\/noticias\/#\/schema\/logo\/image\/"},"sameAs":["https:\/\/www.facebook.com\/radiolifefm\/","https:\/\/www.instagram.com\/life1079fm\/"]},{"@type":"Person","@id":"https:\/\/radiolifefm.com.br\/noticias\/#\/schema\/person\/6339b9fac59d12b071dec680d7375d87","name":"ritanery","image":{"@type":"ImageObject","inLanguage":"pt-BR","@id":"https:\/\/secure.gravatar.com\/avatar\/0e37bb19071f47c0b8a23f62a903df117c5a0e75f65a0c2901562f97cd41cf86?s=96&d=mm&r=g","url":"https:\/\/secure.gravatar.com\/avatar\/0e37bb19071f47c0b8a23f62a903df117c5a0e75f65a0c2901562f97cd41cf86?s=96&d=mm&r=g","contentUrl":"https:\/\/secure.gravatar.com\/avatar\/0e37bb19071f47c0b8a23f62a903df117c5a0e75f65a0c2901562f97cd41cf86?s=96&d=mm&r=g","caption":"ritanery"}}]}},"amp_enabled":true,"_links":{"self":[{"href":"https:\/\/radiolifefm.com.br\/noticias\/wp-json\/wp\/v2\/posts\/100699","targetHints":{"allow":["GET"]}}],"collection":[{"href":"https:\/\/radiolifefm.com.br\/noticias\/wp-json\/wp\/v2\/posts"}],"about":[{"href":"https:\/\/radiolifefm.com.br\/noticias\/wp-json\/wp\/v2\/types\/post"}],"author":[{"embeddable":true,"href":"https:\/\/radiolifefm.com.br\/noticias\/wp-json\/wp\/v2\/users\/13"}],"replies":[{"embeddable":true,"href":"https:\/\/radiolifefm.com.br\/noticias\/wp-json\/wp\/v2\/comments?post=100699"}],"version-history":[{"count":5,"href":"https:\/\/radiolifefm.com.br\/noticias\/wp-json\/wp\/v2\/posts\/100699\/revisions"}],"predecessor-version":[{"id":100705,"href":"https:\/\/radiolifefm.com.br\/noticias\/wp-json\/wp\/v2\/posts\/100699\/revisions\/100705"}],"wp:featuredmedia":[{"embeddable":true,"href":"https:\/\/radiolifefm.com.br\/noticias\/wp-json\/wp\/v2\/media\/100700"}],"wp:attachment":[{"href":"https:\/\/radiolifefm.com.br\/noticias\/wp-json\/wp\/v2\/media?parent=100699"}],"wp:term":[{"taxonomy":"category","embeddable":true,"href":"https:\/\/radiolifefm.com.br\/noticias\/wp-json\/wp\/v2\/categories?post=100699"},{"taxonomy":"post_tag","embeddable":true,"href":"https:\/\/radiolifefm.com.br\/noticias\/wp-json\/wp\/v2\/tags?post=100699"}],"curies":[{"name":"wp","href":"https:\/\/api.w.org\/{rel}","templated":true}]}}