{"id":100632,"date":"2025-05-07T09:15:04","date_gmt":"2025-05-07T12:15:04","guid":{"rendered":"https:\/\/radiolifefm.com.br\/noticias\/?p=100632"},"modified":"2026-03-24T16:28:18","modified_gmt":"2026-03-24T19:28:18","slug":"john-lennon-live-in-new-york-city","status":"publish","type":"post","link":"https:\/\/radiolifefm.com.br\/noticias\/john-lennon-live-in-new-york-city\/","title":{"rendered":"JOHN LENNON: \u201cLIVE IN NEW YORK CITY\u201d"},"content":{"rendered":"<div id=\"fb-root\"><\/div>\n<p><em>\u201cGravado ao vivo no dia 30 de agosto de 1972 no Madison Square Garden em New York City, EUA\u201d.<\/em><\/p>\n<p><strong>BY SEB@R.<\/strong><\/p>\n<p>&nbsp;<\/p>\n<p>Escrever\u00a0 artigos sobre temas relacionados com a \u00e1rea musical neste novo tempo podem proporcionar momentos sublimes para os sonhadores e sonhadoras de plant\u00e3o, tendo em vista as necessidades do ser humano frente \u00e0s mudan\u00e7as deste novo tempo&#8230;<\/p>\n<p>Dizem que na vida tudo passa, mais um daqueles ad\u00e1gios populares para o homem do outro mundo por meio dos chamados ditos populares numa comunidade qualquer por meio dos processos midi\u00e1ticos entre emissor, mensagem e receptor&#8230;<\/p>\n<p>A pauta neste processo comunicacional pode representar o direcionamento da mensagem em foco, claro, pode-se pensar em outras possibilidades, por\u00e9m, \u00e9 necess\u00e1ria, antes de tudo, uma reflex\u00e3o sobre as quest\u00f5es do momento, aqui, um olhar sobre o artista e seu mundo&#8230;<\/p>\n<p>O homem e seu tempo, um poeta contempor\u00e2neo, portanto, \u201chonra a quem honra\u201d, JOHN ONO LENNON sempre esteve \u00e0 frente do seu tempo, foi um questionador em nome de uma causa imagin\u00e1vel para o artista em suas andan\u00e7as pelo Planeta Terra&#8230;<\/p>\n<p>A morte, ou melhor, o assassinato de JOHN ONO LENNON ocorrido em solo norte-americano, na capital global, \u201cNew York City\u201d, em 1980, deixou milh\u00f5es de f\u00e3s em estado de choque em n\u00edvel mundial&#8230;<\/p>\n<p>Por\u00e9m, alguns anos antes, nesta mesma cidade que JOHN ONO LENNON amava e residia, apesar da oposi\u00e7\u00e3o do governo norte-americano por causa da posi\u00e7\u00e3o ideol\u00f3gica do mesmo frente \u00e0s inger\u00eancias pol\u00edticas dos EUA &#8211; Estados Unidos da Am\u00e9rica em outros pa\u00edses como invasor ou opressor nas \u00e1reas econ\u00f4mica e militar, JOHN LENNON, realizou um show que marcou \u00e9poca&#8230;<\/p>\n<p>O encontro aconteceu no dia 30 de agosto de 1972, no Templo Sagrado do \u201cMadison Square Garden\u201d e reuniu v\u00e1rios artistas no apoio ao \u00eddolo maior, JOHN LENNON, juntamente com YOKO ONNO, sua esposa na \u00e9poca, estiveram numa \u201cperformance\u201d musical mais do que perfeita, num encontro que marcou os anos 70 em todos os aspectos como uma d\u00e9cada sublime para a Hist\u00f3ria do Rock and Roll em n\u00edvel internacional&#8230;<\/p>\n<p>O contexto mundial era de incerteza para a maioria dos pa\u00edses, inclusive para o \u201cPa\u00eds do faz de conta\u201d que nesta d\u00e9cada conheceu o tal \u201cMilagre brasileiro\u201d pelas botas do regime militar como forma de express\u00e3o ditatorial, reprimindo tudo e todos ao mesmo tempo como forma mostrar o poder pelo poder&#8230;<\/p>\n<p>As m\u00fasicas deste show causaram repercuss\u00e3o na m\u00eddia, bem como, no mundo art\u00edstico como uma proposta de contesta\u00e7\u00e3o do mito JOHN ONO LENNON em meio aos desencontros da d\u00e9cada de 70&#8230;<\/p>\n<p>Registra-se neste encontro musical, cl\u00e1ssicos como: IMAGINE, considerada a melhor m\u00fasica do outro s\u00e9culo pela BBC de Londres, tamb\u00e9m, WOMAN IS THE NIGGER OF THE WORLD, al\u00e9m da INSTANT KARMA&#8230;<\/p>\n<p>N\u00e3o se pode deixar de lado, outras, entre as quais: MOTHER, COME TOGETHER, COLD TURKEY e o Hino da Paz: GIVE PEACE A CHANCE&#8230;<\/p>\n<p>Ave JOHN ONO LENNON!<\/p>\n<p><strong>___________________________________________<\/strong><\/p>\n<p><strong>e-mail: <\/strong><a href=\"mailto:barbosa.sebar@gmail.com\"><strong>barbosa.sebar@gmail.com<\/strong><\/a><\/p>\n<p><em>.<\/em><\/p>\n<p>&nbsp;<\/p>\n","protected":false},"excerpt":{"rendered":"<p>\u201cGravado ao vivo no dia 30 de agosto de 1972 no Madison Square Garden em New York City, EUA\u201d. BY SEB@R. &nbsp; Escrever\u00a0 artigos sobre temas relacionados com a \u00e1rea musical neste novo tempo podem proporcionar momentos sublimes para os sonhadores e sonhadoras de plant\u00e3o, tendo em vista as necessidades do ser humano frente \u00e0s [&hellip;]<\/p>\n","protected":false},"author":13,"featured_media":51988,"comment_status":"closed","ping_status":"open","sticky":false,"template":"","format":"standard","meta":{"_acf_changed":false,"_exactmetrics_skip_tracking":false,"_exactmetrics_sitenote_active":false,"_exactmetrics_sitenote_note":"","_exactmetrics_sitenote_category":0,"footnotes":""},"categories":[59],"tags":[],"class_list":["post-100632","post","type-post","status-publish","format-standard","has-post-thumbnail","hentry","category-opiniao"],"acf":[],"yoast_head":"<!-- This site is optimized with the Yoast SEO plugin v27.2 - https:\/\/yoast.com\/product\/yoast-seo-wordpress\/ -->\n<title>JOHN LENNON: \u201cLIVE IN NEW YORK CITY\u201d - R\u00e1dio Life FM<\/title>\n<meta name=\"robots\" content=\"index, follow, max-snippet:-1, max-image-preview:large, max-video-preview:-1\" \/>\n<link rel=\"canonical\" href=\"https:\/\/radiolifefm.com.br\/noticias\/john-lennon-live-in-new-york-city\/\" \/>\n<meta property=\"og:locale\" content=\"pt_BR\" \/>\n<meta property=\"og:type\" content=\"article\" \/>\n<meta property=\"og:title\" content=\"JOHN LENNON: \u201cLIVE IN NEW YORK CITY\u201d - R\u00e1dio Life FM\" \/>\n<meta property=\"og:description\" content=\"\u201cGravado ao vivo no dia 30 de agosto de 1972 no Madison Square Garden em New York City, EUA\u201d. BY SEB@R. &nbsp; Escrever\u00a0 artigos sobre temas relacionados com a \u00e1rea musical neste novo tempo podem proporcionar momentos sublimes para os sonhadores e sonhadoras de plant\u00e3o, tendo em vista as necessidades do ser humano frente \u00e0s [&hellip;]\" \/>\n<meta property=\"og:url\" content=\"https:\/\/radiolifefm.com.br\/noticias\/john-lennon-live-in-new-york-city\/\" \/>\n<meta property=\"og:site_name\" content=\"R\u00e1dio Life FM\" \/>\n<meta property=\"article:publisher\" content=\"https:\/\/www.facebook.com\/radiolifefm\/\" \/>\n<meta property=\"article:published_time\" content=\"2025-05-07T12:15:04+00:00\" \/>\n<meta property=\"article:modified_time\" content=\"2026-03-24T19:28:18+00:00\" \/>\n<meta property=\"og:image\" content=\"https:\/\/radiolifefm.com.br\/noticias\/wp-content\/uploads\/2022\/04\/WhatsApp-Image-2022-04-10-at-18.43.02.jpeg\" \/>\n\t<meta property=\"og:image:width\" content=\"972\" \/>\n\t<meta property=\"og:image:height\" content=\"1296\" \/>\n\t<meta property=\"og:image:type\" content=\"image\/jpeg\" \/>\n<meta name=\"author\" content=\"ritanery\" \/>\n<meta name=\"twitter:card\" content=\"summary_large_image\" \/>\n<meta name=\"twitter:label1\" content=\"Escrito por\" \/>\n\t<meta name=\"twitter:data1\" content=\"ritanery\" \/>\n\t<meta name=\"twitter:label2\" content=\"Est. tempo de leitura\" \/>\n\t<meta name=\"twitter:data2\" content=\"3 minutos\" \/>\n<script type=\"application\/ld+json\" class=\"yoast-schema-graph\">{\"@context\":\"https:\/\/schema.org\",\"@graph\":[{\"@type\":\"Article\",\"@id\":\"https:\/\/radiolifefm.com.br\/noticias\/john-lennon-live-in-new-york-city\/#article\",\"isPartOf\":{\"@id\":\"https:\/\/radiolifefm.com.br\/noticias\/john-lennon-live-in-new-york-city\/\"},\"author\":{\"name\":\"ritanery\",\"@id\":\"https:\/\/radiolifefm.com.br\/noticias\/#\/schema\/person\/6339b9fac59d12b071dec680d7375d87\"},\"headline\":\"JOHN LENNON: \u201cLIVE IN NEW YORK CITY\u201d\",\"datePublished\":\"2025-05-07T12:15:04+00:00\",\"dateModified\":\"2026-03-24T19:28:18+00:00\",\"mainEntityOfPage\":{\"@id\":\"https:\/\/radiolifefm.com.br\/noticias\/john-lennon-live-in-new-york-city\/\"},\"wordCount\":525,\"publisher\":{\"@id\":\"https:\/\/radiolifefm.com.br\/noticias\/#organization\"},\"image\":{\"@id\":\"https:\/\/radiolifefm.com.br\/noticias\/john-lennon-live-in-new-york-city\/#primaryimage\"},\"thumbnailUrl\":\"https:\/\/radiolifefm.com.br\/noticias\/wp-content\/uploads\/2022\/04\/WhatsApp-Image-2022-04-10-at-18.43.02.jpeg\",\"articleSection\":[\"Opini\u00e3o\"],\"inLanguage\":\"pt-BR\"},{\"@type\":\"WebPage\",\"@id\":\"https:\/\/radiolifefm.com.br\/noticias\/john-lennon-live-in-new-york-city\/\",\"url\":\"https:\/\/radiolifefm.com.br\/noticias\/john-lennon-live-in-new-york-city\/\",\"name\":\"JOHN LENNON: \u201cLIVE IN NEW YORK CITY\u201d - R\u00e1dio Life FM\",\"isPartOf\":{\"@id\":\"https:\/\/radiolifefm.com.br\/noticias\/#website\"},\"primaryImageOfPage\":{\"@id\":\"https:\/\/radiolifefm.com.br\/noticias\/john-lennon-live-in-new-york-city\/#primaryimage\"},\"image\":{\"@id\":\"https:\/\/radiolifefm.com.br\/noticias\/john-lennon-live-in-new-york-city\/#primaryimage\"},\"thumbnailUrl\":\"https:\/\/radiolifefm.com.br\/noticias\/wp-content\/uploads\/2022\/04\/WhatsApp-Image-2022-04-10-at-18.43.02.jpeg\",\"datePublished\":\"2025-05-07T12:15:04+00:00\",\"dateModified\":\"2026-03-24T19:28:18+00:00\",\"breadcrumb\":{\"@id\":\"https:\/\/radiolifefm.com.br\/noticias\/john-lennon-live-in-new-york-city\/#breadcrumb\"},\"inLanguage\":\"pt-BR\",\"potentialAction\":[{\"@type\":\"ReadAction\",\"target\":[\"https:\/\/radiolifefm.com.br\/noticias\/john-lennon-live-in-new-york-city\/\"]}]},{\"@type\":\"ImageObject\",\"inLanguage\":\"pt-BR\",\"@id\":\"https:\/\/radiolifefm.com.br\/noticias\/john-lennon-live-in-new-york-city\/#primaryimage\",\"url\":\"https:\/\/radiolifefm.com.br\/noticias\/wp-content\/uploads\/2022\/04\/WhatsApp-Image-2022-04-10-at-18.43.02.jpeg\",\"contentUrl\":\"https:\/\/radiolifefm.com.br\/noticias\/wp-content\/uploads\/2022\/04\/WhatsApp-Image-2022-04-10-at-18.43.02.jpeg\",\"width\":972,\"height\":1296,\"caption\":\"S\u00e9rgio Barbosa\"},{\"@type\":\"BreadcrumbList\",\"@id\":\"https:\/\/radiolifefm.com.br\/noticias\/john-lennon-live-in-new-york-city\/#breadcrumb\",\"itemListElement\":[{\"@type\":\"ListItem\",\"position\":1,\"name\":\"In\u00edcio\",\"item\":\"https:\/\/radiolifefm.com.br\/noticias\/\"},{\"@type\":\"ListItem\",\"position\":2,\"name\":\"JOHN LENNON: \u201cLIVE IN NEW YORK CITY\u201d\"}]},{\"@type\":\"WebSite\",\"@id\":\"https:\/\/radiolifefm.com.br\/noticias\/#website\",\"url\":\"https:\/\/radiolifefm.com.br\/noticias\/\",\"name\":\"R\u00e1dio Life FM\",\"description\":\"O Portal de Not\u00edcias de Adamantina\",\"publisher\":{\"@id\":\"https:\/\/radiolifefm.com.br\/noticias\/#organization\"},\"alternateName\":\"Life FM\",\"potentialAction\":[{\"@type\":\"SearchAction\",\"target\":{\"@type\":\"EntryPoint\",\"urlTemplate\":\"https:\/\/radiolifefm.com.br\/noticias\/?s={search_term_string}\"},\"query-input\":{\"@type\":\"PropertyValueSpecification\",\"valueRequired\":true,\"valueName\":\"search_term_string\"}}],\"inLanguage\":\"pt-BR\"},{\"@type\":\"Organization\",\"@id\":\"https:\/\/radiolifefm.com.br\/noticias\/#organization\",\"name\":\"R\u00e1dio Life FM\",\"alternateName\":\"Life FM\",\"url\":\"https:\/\/radiolifefm.com.br\/noticias\/\",\"logo\":{\"@type\":\"ImageObject\",\"inLanguage\":\"pt-BR\",\"@id\":\"https:\/\/radiolifefm.com.br\/noticias\/#\/schema\/logo\/image\/\",\"url\":\"https:\/\/static.radiolifefm.com.br\/noticias\/wp-content\/uploads\/2019\/10\/logo-lifefm.png\",\"contentUrl\":\"https:\/\/static.radiolifefm.com.br\/noticias\/wp-content\/uploads\/2019\/10\/logo-lifefm.png\",\"width\":196,\"height\":47,\"caption\":\"R\u00e1dio Life FM\"},\"image\":{\"@id\":\"https:\/\/radiolifefm.com.br\/noticias\/#\/schema\/logo\/image\/\"},\"sameAs\":[\"https:\/\/www.facebook.com\/radiolifefm\/\",\"https:\/\/www.instagram.com\/life1079fm\/\"]},{\"@type\":\"Person\",\"@id\":\"https:\/\/radiolifefm.com.br\/noticias\/#\/schema\/person\/6339b9fac59d12b071dec680d7375d87\",\"name\":\"ritanery\",\"image\":{\"@type\":\"ImageObject\",\"inLanguage\":\"pt-BR\",\"@id\":\"https:\/\/secure.gravatar.com\/avatar\/0e37bb19071f47c0b8a23f62a903df117c5a0e75f65a0c2901562f97cd41cf86?s=96&d=mm&r=g\",\"url\":\"https:\/\/secure.gravatar.com\/avatar\/0e37bb19071f47c0b8a23f62a903df117c5a0e75f65a0c2901562f97cd41cf86?s=96&d=mm&r=g\",\"contentUrl\":\"https:\/\/secure.gravatar.com\/avatar\/0e37bb19071f47c0b8a23f62a903df117c5a0e75f65a0c2901562f97cd41cf86?s=96&d=mm&r=g\",\"caption\":\"ritanery\"}}]}<\/script>\n<!-- \/ Yoast SEO plugin. -->","yoast_head_json":{"title":"JOHN LENNON: \u201cLIVE IN NEW YORK CITY\u201d - R\u00e1dio Life FM","robots":{"index":"index","follow":"follow","max-snippet":"max-snippet:-1","max-image-preview":"max-image-preview:large","max-video-preview":"max-video-preview:-1"},"canonical":"https:\/\/radiolifefm.com.br\/noticias\/john-lennon-live-in-new-york-city\/","og_locale":"pt_BR","og_type":"article","og_title":"JOHN LENNON: \u201cLIVE IN NEW YORK CITY\u201d - R\u00e1dio Life FM","og_description":"\u201cGravado ao vivo no dia 30 de agosto de 1972 no Madison Square Garden em New York City, EUA\u201d. BY SEB@R. &nbsp; Escrever\u00a0 artigos sobre temas relacionados com a \u00e1rea musical neste novo tempo podem proporcionar momentos sublimes para os sonhadores e sonhadoras de plant\u00e3o, tendo em vista as necessidades do ser humano frente \u00e0s [&hellip;]","og_url":"https:\/\/radiolifefm.com.br\/noticias\/john-lennon-live-in-new-york-city\/","og_site_name":"R\u00e1dio Life FM","article_publisher":"https:\/\/www.facebook.com\/radiolifefm\/","article_published_time":"2025-05-07T12:15:04+00:00","article_modified_time":"2026-03-24T19:28:18+00:00","og_image":[{"width":972,"height":1296,"url":"https:\/\/radiolifefm.com.br\/noticias\/wp-content\/uploads\/2022\/04\/WhatsApp-Image-2022-04-10-at-18.43.02.jpeg","type":"image\/jpeg"}],"author":"ritanery","twitter_card":"summary_large_image","twitter_misc":{"Escrito por":"ritanery","Est. tempo de leitura":"3 minutos"},"schema":{"@context":"https:\/\/schema.org","@graph":[{"@type":"Article","@id":"https:\/\/radiolifefm.com.br\/noticias\/john-lennon-live-in-new-york-city\/#article","isPartOf":{"@id":"https:\/\/radiolifefm.com.br\/noticias\/john-lennon-live-in-new-york-city\/"},"author":{"name":"ritanery","@id":"https:\/\/radiolifefm.com.br\/noticias\/#\/schema\/person\/6339b9fac59d12b071dec680d7375d87"},"headline":"JOHN LENNON: \u201cLIVE IN NEW YORK CITY\u201d","datePublished":"2025-05-07T12:15:04+00:00","dateModified":"2026-03-24T19:28:18+00:00","mainEntityOfPage":{"@id":"https:\/\/radiolifefm.com.br\/noticias\/john-lennon-live-in-new-york-city\/"},"wordCount":525,"publisher":{"@id":"https:\/\/radiolifefm.com.br\/noticias\/#organization"},"image":{"@id":"https:\/\/radiolifefm.com.br\/noticias\/john-lennon-live-in-new-york-city\/#primaryimage"},"thumbnailUrl":"https:\/\/radiolifefm.com.br\/noticias\/wp-content\/uploads\/2022\/04\/WhatsApp-Image-2022-04-10-at-18.43.02.jpeg","articleSection":["Opini\u00e3o"],"inLanguage":"pt-BR"},{"@type":"WebPage","@id":"https:\/\/radiolifefm.com.br\/noticias\/john-lennon-live-in-new-york-city\/","url":"https:\/\/radiolifefm.com.br\/noticias\/john-lennon-live-in-new-york-city\/","name":"JOHN LENNON: \u201cLIVE IN NEW YORK CITY\u201d - R\u00e1dio Life FM","isPartOf":{"@id":"https:\/\/radiolifefm.com.br\/noticias\/#website"},"primaryImageOfPage":{"@id":"https:\/\/radiolifefm.com.br\/noticias\/john-lennon-live-in-new-york-city\/#primaryimage"},"image":{"@id":"https:\/\/radiolifefm.com.br\/noticias\/john-lennon-live-in-new-york-city\/#primaryimage"},"thumbnailUrl":"https:\/\/radiolifefm.com.br\/noticias\/wp-content\/uploads\/2022\/04\/WhatsApp-Image-2022-04-10-at-18.43.02.jpeg","datePublished":"2025-05-07T12:15:04+00:00","dateModified":"2026-03-24T19:28:18+00:00","breadcrumb":{"@id":"https:\/\/radiolifefm.com.br\/noticias\/john-lennon-live-in-new-york-city\/#breadcrumb"},"inLanguage":"pt-BR","potentialAction":[{"@type":"ReadAction","target":["https:\/\/radiolifefm.com.br\/noticias\/john-lennon-live-in-new-york-city\/"]}]},{"@type":"ImageObject","inLanguage":"pt-BR","@id":"https:\/\/radiolifefm.com.br\/noticias\/john-lennon-live-in-new-york-city\/#primaryimage","url":"https:\/\/radiolifefm.com.br\/noticias\/wp-content\/uploads\/2022\/04\/WhatsApp-Image-2022-04-10-at-18.43.02.jpeg","contentUrl":"https:\/\/radiolifefm.com.br\/noticias\/wp-content\/uploads\/2022\/04\/WhatsApp-Image-2022-04-10-at-18.43.02.jpeg","width":972,"height":1296,"caption":"S\u00e9rgio Barbosa"},{"@type":"BreadcrumbList","@id":"https:\/\/radiolifefm.com.br\/noticias\/john-lennon-live-in-new-york-city\/#breadcrumb","itemListElement":[{"@type":"ListItem","position":1,"name":"In\u00edcio","item":"https:\/\/radiolifefm.com.br\/noticias\/"},{"@type":"ListItem","position":2,"name":"JOHN LENNON: \u201cLIVE IN NEW YORK CITY\u201d"}]},{"@type":"WebSite","@id":"https:\/\/radiolifefm.com.br\/noticias\/#website","url":"https:\/\/radiolifefm.com.br\/noticias\/","name":"R\u00e1dio Life FM","description":"O Portal de Not\u00edcias de Adamantina","publisher":{"@id":"https:\/\/radiolifefm.com.br\/noticias\/#organization"},"alternateName":"Life FM","potentialAction":[{"@type":"SearchAction","target":{"@type":"EntryPoint","urlTemplate":"https:\/\/radiolifefm.com.br\/noticias\/?s={search_term_string}"},"query-input":{"@type":"PropertyValueSpecification","valueRequired":true,"valueName":"search_term_string"}}],"inLanguage":"pt-BR"},{"@type":"Organization","@id":"https:\/\/radiolifefm.com.br\/noticias\/#organization","name":"R\u00e1dio Life FM","alternateName":"Life FM","url":"https:\/\/radiolifefm.com.br\/noticias\/","logo":{"@type":"ImageObject","inLanguage":"pt-BR","@id":"https:\/\/radiolifefm.com.br\/noticias\/#\/schema\/logo\/image\/","url":"https:\/\/static.radiolifefm.com.br\/noticias\/wp-content\/uploads\/2019\/10\/logo-lifefm.png","contentUrl":"https:\/\/static.radiolifefm.com.br\/noticias\/wp-content\/uploads\/2019\/10\/logo-lifefm.png","width":196,"height":47,"caption":"R\u00e1dio Life FM"},"image":{"@id":"https:\/\/radiolifefm.com.br\/noticias\/#\/schema\/logo\/image\/"},"sameAs":["https:\/\/www.facebook.com\/radiolifefm\/","https:\/\/www.instagram.com\/life1079fm\/"]},{"@type":"Person","@id":"https:\/\/radiolifefm.com.br\/noticias\/#\/schema\/person\/6339b9fac59d12b071dec680d7375d87","name":"ritanery","image":{"@type":"ImageObject","inLanguage":"pt-BR","@id":"https:\/\/secure.gravatar.com\/avatar\/0e37bb19071f47c0b8a23f62a903df117c5a0e75f65a0c2901562f97cd41cf86?s=96&d=mm&r=g","url":"https:\/\/secure.gravatar.com\/avatar\/0e37bb19071f47c0b8a23f62a903df117c5a0e75f65a0c2901562f97cd41cf86?s=96&d=mm&r=g","contentUrl":"https:\/\/secure.gravatar.com\/avatar\/0e37bb19071f47c0b8a23f62a903df117c5a0e75f65a0c2901562f97cd41cf86?s=96&d=mm&r=g","caption":"ritanery"}}]}},"amp_enabled":true,"_links":{"self":[{"href":"https:\/\/radiolifefm.com.br\/noticias\/wp-json\/wp\/v2\/posts\/100632","targetHints":{"allow":["GET"]}}],"collection":[{"href":"https:\/\/radiolifefm.com.br\/noticias\/wp-json\/wp\/v2\/posts"}],"about":[{"href":"https:\/\/radiolifefm.com.br\/noticias\/wp-json\/wp\/v2\/types\/post"}],"author":[{"embeddable":true,"href":"https:\/\/radiolifefm.com.br\/noticias\/wp-json\/wp\/v2\/users\/13"}],"replies":[{"embeddable":true,"href":"https:\/\/radiolifefm.com.br\/noticias\/wp-json\/wp\/v2\/comments?post=100632"}],"version-history":[{"count":1,"href":"https:\/\/radiolifefm.com.br\/noticias\/wp-json\/wp\/v2\/posts\/100632\/revisions"}],"predecessor-version":[{"id":100633,"href":"https:\/\/radiolifefm.com.br\/noticias\/wp-json\/wp\/v2\/posts\/100632\/revisions\/100633"}],"wp:featuredmedia":[{"embeddable":true,"href":"https:\/\/radiolifefm.com.br\/noticias\/wp-json\/wp\/v2\/media\/51988"}],"wp:attachment":[{"href":"https:\/\/radiolifefm.com.br\/noticias\/wp-json\/wp\/v2\/media?parent=100632"}],"wp:term":[{"taxonomy":"category","embeddable":true,"href":"https:\/\/radiolifefm.com.br\/noticias\/wp-json\/wp\/v2\/categories?post=100632"},{"taxonomy":"post_tag","embeddable":true,"href":"https:\/\/radiolifefm.com.br\/noticias\/wp-json\/wp\/v2\/tags?post=100632"}],"curies":[{"name":"wp","href":"https:\/\/api.w.org\/{rel}","templated":true}]}}