{"id":100582,"date":"2025-05-06T15:58:04","date_gmt":"2025-05-06T18:58:04","guid":{"rendered":"https:\/\/radiolifefm.com.br\/noticias\/?p=100582"},"modified":"2026-02-13T07:42:14","modified_gmt":"2026-02-13T10:42:14","slug":"turismo-rural-ganha-forca-com-novo-programa-explica-roberto-de-lucena-em-entrevista-na-life-fm","status":"publish","type":"post","link":"https:\/\/radiolifefm.com.br\/noticias\/turismo-rural-ganha-forca-com-novo-programa-explica-roberto-de-lucena-em-entrevista-na-life-fm\/","title":{"rendered":"Turismo Rural ganha for\u00e7a com novo programa, explica Roberto de Lucena em entrevista na Life FM."},"content":{"rendered":"<div id=\"fb-root\"><\/div>\n<p>&nbsp;<\/p>\n<p>Na \u00faltima segunda-feira (5 de maio), \u00e0s 17h, a Life FM trouxe uma edi\u00e7\u00e3o especial do programa Prosa do Campo, com destaque para o futuro do Turismo Rural no estado de S\u00e3o Paulo. A entrevista conduzida pelo pecuarista Cristiano do Mour\u00e3o contou com a presen\u00e7a ilustre do Secret\u00e1rio de Turismo e Viagens do Estado de S\u00e3o Paulo, Roberto de Lucena, al\u00e9m da jornalista e presidente do COMTUR (Conselho Municipal de Turismo), Lucia Prado.<\/p>\n<div class='flex flex-wrap items-center -mx-1'>\r\n<a class='thumbnail gallery p-1 w-1\/2 md:w-1\/4' href='https:\/\/radiolifefm.com.br\/noticias\/wp-content\/uploads\/2025\/05\/Marca-dagua-PROSA-DO-CAMPO-25-1.jpg'><img class='border border-white' src='https:\/\/radiolifefm.com.br\/noticias\/wp-content\/uploads\/2025\/05\/Marca-dagua-PROSA-DO-CAMPO-25-1-200x200.jpg' alt='Marca D'agua PROSA DO CAMPO (25)' \/><\/a><a class='thumbnail gallery p-1 w-1\/2 md:w-1\/4' href='https:\/\/radiolifefm.com.br\/noticias\/wp-content\/uploads\/2025\/05\/Marca-dagua-PROSA-DO-CAMPO-10.jpg'><img class='border border-white' src='https:\/\/radiolifefm.com.br\/noticias\/wp-content\/uploads\/2025\/05\/Marca-dagua-PROSA-DO-CAMPO-10-200x200.jpg' alt='Marca D'agua PROSA DO CAMPO (10)' \/><\/a><a class='thumbnail gallery p-1 w-1\/2 md:w-1\/4' href='https:\/\/radiolifefm.com.br\/noticias\/wp-content\/uploads\/2025\/05\/Marca-dagua-PROSA-DO-CAMPO-9.jpg'><img class='border border-white' src='https:\/\/radiolifefm.com.br\/noticias\/wp-content\/uploads\/2025\/05\/Marca-dagua-PROSA-DO-CAMPO-9-200x200.jpg' alt='Marca D'agua PROSA DO CAMPO (9)' \/><\/a><a class='thumbnail gallery p-1 w-1\/2 md:w-1\/4' href='https:\/\/radiolifefm.com.br\/noticias\/wp-content\/uploads\/2025\/05\/Marca-dagua-PROSA-DO-CAMPO-13.jpg'><img class='border border-white' src='https:\/\/radiolifefm.com.br\/noticias\/wp-content\/uploads\/2025\/05\/Marca-dagua-PROSA-DO-CAMPO-13-200x200.jpg' alt='Marca D'agua PROSA DO CAMPO (13)' \/><\/a><\/div>\n<p>Durante a conversa, foi abordado o lan\u00e7amento do Programa Turismo Rural, realizado na Agrishow 2025. Segundo Lucena, o projeto visa fomentar a cadeia agropecu\u00e1ria e fortalecer o turismo em \u00e1reas rurais, impactando diretamente o desenvolvimento econ\u00f4mico e cultural dos munic\u00edpios paulistas. O turismo no estado representa 10% do PIB (Produto Interno Bruto), e iniciativas como essa contribuem para impulsionar ainda mais o setor.<\/p>\n<div class='flex flex-wrap items-center -mx-1'>\r\n<a class='thumbnail gallery p-1 w-1\/2 md:w-1\/4' href='https:\/\/radiolifefm.com.br\/noticias\/wp-content\/uploads\/2025\/05\/Marca-dagua-PROSA-DO-CAMPO-11.jpg'><img class='border border-white' src='https:\/\/radiolifefm.com.br\/noticias\/wp-content\/uploads\/2025\/05\/Marca-dagua-PROSA-DO-CAMPO-11-200x200.jpg' alt='Marca D'agua PROSA DO CAMPO (11)' \/><\/a><a class='thumbnail gallery p-1 w-1\/2 md:w-1\/4' href='https:\/\/radiolifefm.com.br\/noticias\/wp-content\/uploads\/2025\/05\/Marca-dagua-PROSA-DO-CAMPO-12.jpg'><img class='border border-white' src='https:\/\/radiolifefm.com.br\/noticias\/wp-content\/uploads\/2025\/05\/Marca-dagua-PROSA-DO-CAMPO-12-200x200.jpg' alt='Marca D'agua PROSA DO CAMPO (12)' \/><\/a><a class='thumbnail gallery p-1 w-1\/2 md:w-1\/4' href='https:\/\/radiolifefm.com.br\/noticias\/wp-content\/uploads\/2025\/05\/Marca-dagua-PROSA-DO-CAMPO-15.jpg'><img class='border border-white' src='https:\/\/radiolifefm.com.br\/noticias\/wp-content\/uploads\/2025\/05\/Marca-dagua-PROSA-DO-CAMPO-15-200x200.jpg' alt='Marca D'agua PROSA DO CAMPO (15)' \/><\/a><a class='thumbnail gallery p-1 w-1\/2 md:w-1\/4' href='https:\/\/radiolifefm.com.br\/noticias\/wp-content\/uploads\/2025\/05\/Marca-dagua-PROSA-DO-CAMPO-16.jpg'><img class='border border-white' src='https:\/\/radiolifefm.com.br\/noticias\/wp-content\/uploads\/2025\/05\/Marca-dagua-PROSA-DO-CAMPO-16-200x200.jpg' alt='Marca D'agua PROSA DO CAMPO (16)' \/><\/a><a class='thumbnail gallery p-1 w-1\/2 md:w-1\/4' href='https:\/\/radiolifefm.com.br\/noticias\/wp-content\/uploads\/2025\/05\/Marca-dagua-PROSA-DO-CAMPO-17.jpg'><img class='border border-white' src='https:\/\/radiolifefm.com.br\/noticias\/wp-content\/uploads\/2025\/05\/Marca-dagua-PROSA-DO-CAMPO-17-200x200.jpg' alt='Marca D'agua PROSA DO CAMPO (17)' \/><\/a><\/div>\n<p>Adamantina no mapa do turismo<\/p>\n<p>O novo programa \u00e9 uma oportunidade significativa para munic\u00edpios tur\u00edsticos como Adamantina, que faz parte da categoria MIT (Munic\u00edpio de Interesse Tur\u00edstico). Com 214 cidades tur\u00edsticas no estado, a iniciativa promete incentivar novos projetos e expandir o potencial rural da regi\u00e3o.<\/p>\n<div class='flex flex-wrap items-center -mx-1'>\r\n<a class='thumbnail gallery p-1 w-1\/2 md:w-1\/4' href='https:\/\/radiolifefm.com.br\/noticias\/wp-content\/uploads\/2025\/05\/Marca-dagua-PROSA-DO-CAMPO-18.jpg'><img class='border border-white' src='https:\/\/radiolifefm.com.br\/noticias\/wp-content\/uploads\/2025\/05\/Marca-dagua-PROSA-DO-CAMPO-18-200x200.jpg' alt='Marca D'agua PROSA DO CAMPO (18)' \/><\/a><a class='thumbnail gallery p-1 w-1\/2 md:w-1\/4' href='https:\/\/radiolifefm.com.br\/noticias\/wp-content\/uploads\/2025\/05\/Marca-dagua-PROSA-DO-CAMPO-20.jpg'><img class='border border-white' src='https:\/\/radiolifefm.com.br\/noticias\/wp-content\/uploads\/2025\/05\/Marca-dagua-PROSA-DO-CAMPO-20-200x200.jpg' alt='Marca D'agua PROSA DO CAMPO (20)' \/><\/a><a class='thumbnail gallery p-1 w-1\/2 md:w-1\/4' href='https:\/\/radiolifefm.com.br\/noticias\/wp-content\/uploads\/2025\/05\/Marca-dagua-PROSA-DO-CAMPO-19.jpg'><img class='border border-white' src='https:\/\/radiolifefm.com.br\/noticias\/wp-content\/uploads\/2025\/05\/Marca-dagua-PROSA-DO-CAMPO-19-200x200.jpg' alt='Marca D'agua PROSA DO CAMPO (19)' \/><\/a><\/div>\n<p>Al\u00e9m disso, Lucena enfatizou que o Programa Turismo Rural ser\u00e1 oficializado nas pr\u00f3ximas semanas e contar\u00e1 com a parceria da ,FAESP, SENAR e munic\u00edpios tur\u00edsticos para garantir sua implementa\u00e7\u00e3o eficaz. A iniciativa refor\u00e7a o papel estrat\u00e9gico do turismo no estado e abre caminhos para novas experi\u00eancias imersivas no campo.<\/p>\n<div class='flex flex-wrap items-center -mx-1'>\r\n<a class='thumbnail gallery p-1 w-1\/2 md:w-1\/4' href='https:\/\/radiolifefm.com.br\/noticias\/wp-content\/uploads\/2025\/05\/Marca-dagua-PROSA-DO-CAMPO-21.jpg'><img class='border border-white' src='https:\/\/radiolifefm.com.br\/noticias\/wp-content\/uploads\/2025\/05\/Marca-dagua-PROSA-DO-CAMPO-21-200x200.jpg' alt='Marca D'agua PROSA DO CAMPO (21)' \/><\/a><a class='thumbnail gallery p-1 w-1\/2 md:w-1\/4' href='https:\/\/radiolifefm.com.br\/noticias\/wp-content\/uploads\/2025\/05\/Marca-dagua-PROSA-DO-CAMPO-22.jpg'><img class='border border-white' src='https:\/\/radiolifefm.com.br\/noticias\/wp-content\/uploads\/2025\/05\/Marca-dagua-PROSA-DO-CAMPO-22-200x200.jpg' alt='Marca D'agua PROSA DO CAMPO (22)' \/><\/a><a class='thumbnail gallery p-1 w-1\/2 md:w-1\/4' href='https:\/\/radiolifefm.com.br\/noticias\/wp-content\/uploads\/2025\/05\/Marca-dagua-PROSA-DO-CAMPO-23.jpg'><img class='border border-white' src='https:\/\/radiolifefm.com.br\/noticias\/wp-content\/uploads\/2025\/05\/Marca-dagua-PROSA-DO-CAMPO-23-200x200.jpg' alt='Marca D'agua PROSA DO CAMPO (23)' \/><\/a><\/div>\n<p>A entrevista foi realizada, online, com o secret\u00e1rio no evento important\u00edssimo, reservou um momento na agenda e participou da entrevista durante o Prosa do Campo especial. trazendo informa\u00e7\u00f5es e conhecimento de grande relev\u00e2ncia para o desenvolvimento tur\u00edstico do estado. Com essa edi\u00e7\u00e3o especial do Prosa do Campo, a Life reafirma seu compromisso em informar e valorizar temas que impactam diretamente a vida dos cidad\u00e3os.<\/p>\n<div class='flex flex-wrap items-center -mx-1'>\r\n<a class='thumbnail gallery p-1 w-1\/2 md:w-1\/4' href='https:\/\/radiolifefm.com.br\/noticias\/wp-content\/uploads\/2025\/05\/Marca-dagua-PROSA-DO-CAMPO-24.jpg'><img class='border border-white' src='https:\/\/radiolifefm.com.br\/noticias\/wp-content\/uploads\/2025\/05\/Marca-dagua-PROSA-DO-CAMPO-24-200x200.jpg' alt='Marca D'agua PROSA DO CAMPO (24)' \/><\/a><a class='thumbnail gallery p-1 w-1\/2 md:w-1\/4' href='https:\/\/radiolifefm.com.br\/noticias\/wp-content\/uploads\/2025\/05\/Marca-dagua-PROSA-DO-CAMPO-25.jpg'><img class='border border-white' src='https:\/\/radiolifefm.com.br\/noticias\/wp-content\/uploads\/2025\/05\/Marca-dagua-PROSA-DO-CAMPO-25-200x200.jpg' alt='Marca D'agua PROSA DO CAMPO (25)' \/><\/a><a class='thumbnail gallery p-1 w-1\/2 md:w-1\/4' href='https:\/\/radiolifefm.com.br\/noticias\/wp-content\/uploads\/2025\/05\/Marca-dagua-PROSA-DO-CAMPO-11.jpg'><img class='border border-white' src='https:\/\/radiolifefm.com.br\/noticias\/wp-content\/uploads\/2025\/05\/Marca-dagua-PROSA-DO-CAMPO-11-200x200.jpg' alt='Marca D'agua PROSA DO CAMPO (11)' \/><\/a><\/div>\n<p>O turismo rural est\u00e1 em ascens\u00e3o, e Adamantina se destaca como um dos munic\u00edpios que podem colher os frutos desse incentivo. Para conhecer mais sobre o programa e seus benef\u00edcios, acompanhe a Life FM e fique por dentro das novidades!<\/p>\n<p><a href=\"https:\/\/www.youtube.com\/watch?v=taFC_VUUeC0\">https:\/\/www.youtube.com\/watch?v=taFC_VUUeC0<\/a><\/p>\n","protected":false},"excerpt":{"rendered":"<p>&nbsp; Na \u00faltima segunda-feira (5 de maio), \u00e0s 17h, a Life FM trouxe uma edi\u00e7\u00e3o especial do programa Prosa do Campo, com destaque para o futuro do Turismo Rural no estado de S\u00e3o Paulo. A entrevista conduzida pelo pecuarista Cristiano do Mour\u00e3o contou com a presen\u00e7a ilustre do Secret\u00e1rio de Turismo e Viagens do Estado [&hellip;]<\/p>\n","protected":false},"author":8,"featured_media":100611,"comment_status":"closed","ping_status":"open","sticky":false,"template":"","format":"standard","meta":{"_acf_changed":false,"_exactmetrics_skip_tracking":false,"_exactmetrics_sitenote_active":false,"_exactmetrics_sitenote_note":"","_exactmetrics_sitenote_category":0,"footnotes":""},"categories":[191],"tags":[],"class_list":["post-100582","post","type-post","status-publish","format-standard","has-post-thumbnail","hentry","category-prosa-do-campo"],"acf":[],"yoast_head":"<!-- This site is optimized with the Yoast SEO plugin v27.2 - https:\/\/yoast.com\/product\/yoast-seo-wordpress\/ -->\n<title>Turismo Rural ganha for\u00e7a com novo programa, explica Roberto de Lucena em entrevista na Life FM. - R\u00e1dio Life FM<\/title>\n<meta name=\"robots\" content=\"index, follow, max-snippet:-1, max-image-preview:large, max-video-preview:-1\" \/>\n<link rel=\"canonical\" href=\"https:\/\/radiolifefm.com.br\/noticias\/turismo-rural-ganha-forca-com-novo-programa-explica-roberto-de-lucena-em-entrevista-na-life-fm\/\" \/>\n<meta property=\"og:locale\" content=\"pt_BR\" \/>\n<meta property=\"og:type\" content=\"article\" \/>\n<meta property=\"og:title\" content=\"Turismo Rural ganha for\u00e7a com novo programa, explica Roberto de Lucena em entrevista na Life FM. - R\u00e1dio Life FM\" \/>\n<meta property=\"og:description\" content=\"&nbsp; Na \u00faltima segunda-feira (5 de maio), \u00e0s 17h, a Life FM trouxe uma edi\u00e7\u00e3o especial do programa Prosa do Campo, com destaque para o futuro do Turismo Rural no estado de S\u00e3o Paulo. A entrevista conduzida pelo pecuarista Cristiano do Mour\u00e3o contou com a presen\u00e7a ilustre do Secret\u00e1rio de Turismo e Viagens do Estado [&hellip;]\" \/>\n<meta property=\"og:url\" content=\"https:\/\/radiolifefm.com.br\/noticias\/turismo-rural-ganha-forca-com-novo-programa-explica-roberto-de-lucena-em-entrevista-na-life-fm\/\" \/>\n<meta property=\"og:site_name\" content=\"R\u00e1dio Life FM\" \/>\n<meta property=\"article:publisher\" content=\"https:\/\/www.facebook.com\/radiolifefm\/\" \/>\n<meta property=\"article:published_time\" content=\"2025-05-06T18:58:04+00:00\" \/>\n<meta property=\"article:modified_time\" content=\"2026-02-13T10:42:14+00:00\" \/>\n<meta property=\"og:image\" content=\"https:\/\/radiolifefm.com.br\/noticias\/wp-content\/uploads\/2025\/05\/WhatsApp-Image-2025-05-06-at-15.59.15-e1746558266468.jpeg\" \/>\n\t<meta property=\"og:image:width\" content=\"739\" \/>\n\t<meta property=\"og:image:height\" content=\"1147\" \/>\n\t<meta property=\"og:image:type\" content=\"image\/jpeg\" \/>\n<meta name=\"author\" content=\"joaograndao\" \/>\n<meta name=\"twitter:card\" content=\"summary_large_image\" \/>\n<meta name=\"twitter:label1\" content=\"Escrito por\" \/>\n\t<meta name=\"twitter:data1\" content=\"joaograndao\" \/>\n\t<meta name=\"twitter:label2\" content=\"Est. tempo de leitura\" \/>\n\t<meta name=\"twitter:data2\" content=\"3 minutos\" \/>\n<script type=\"application\/ld+json\" class=\"yoast-schema-graph\">{\"@context\":\"https:\/\/schema.org\",\"@graph\":[{\"@type\":\"Article\",\"@id\":\"https:\/\/radiolifefm.com.br\/noticias\/turismo-rural-ganha-forca-com-novo-programa-explica-roberto-de-lucena-em-entrevista-na-life-fm\/#article\",\"isPartOf\":{\"@id\":\"https:\/\/radiolifefm.com.br\/noticias\/turismo-rural-ganha-forca-com-novo-programa-explica-roberto-de-lucena-em-entrevista-na-life-fm\/\"},\"author\":{\"name\":\"joaograndao\",\"@id\":\"https:\/\/radiolifefm.com.br\/noticias\/#\/schema\/person\/6876e1240feffe6e1b63fd5cb85abf28\"},\"headline\":\"Turismo Rural ganha for\u00e7a com novo programa, explica Roberto de Lucena em entrevista na Life FM.\",\"datePublished\":\"2025-05-06T18:58:04+00:00\",\"dateModified\":\"2026-02-13T10:42:14+00:00\",\"mainEntityOfPage\":{\"@id\":\"https:\/\/radiolifefm.com.br\/noticias\/turismo-rural-ganha-forca-com-novo-programa-explica-roberto-de-lucena-em-entrevista-na-life-fm\/\"},\"wordCount\":403,\"publisher\":{\"@id\":\"https:\/\/radiolifefm.com.br\/noticias\/#organization\"},\"image\":{\"@id\":\"https:\/\/radiolifefm.com.br\/noticias\/turismo-rural-ganha-forca-com-novo-programa-explica-roberto-de-lucena-em-entrevista-na-life-fm\/#primaryimage\"},\"thumbnailUrl\":\"https:\/\/radiolifefm.com.br\/noticias\/wp-content\/uploads\/2025\/05\/WhatsApp-Image-2025-05-06-at-15.59.15-e1746558266468.jpeg\",\"articleSection\":[\"Prosa do Campo\"],\"inLanguage\":\"pt-BR\"},{\"@type\":\"WebPage\",\"@id\":\"https:\/\/radiolifefm.com.br\/noticias\/turismo-rural-ganha-forca-com-novo-programa-explica-roberto-de-lucena-em-entrevista-na-life-fm\/\",\"url\":\"https:\/\/radiolifefm.com.br\/noticias\/turismo-rural-ganha-forca-com-novo-programa-explica-roberto-de-lucena-em-entrevista-na-life-fm\/\",\"name\":\"Turismo Rural ganha for\u00e7a com novo programa, explica Roberto de Lucena em entrevista na Life FM. - R\u00e1dio Life FM\",\"isPartOf\":{\"@id\":\"https:\/\/radiolifefm.com.br\/noticias\/#website\"},\"primaryImageOfPage\":{\"@id\":\"https:\/\/radiolifefm.com.br\/noticias\/turismo-rural-ganha-forca-com-novo-programa-explica-roberto-de-lucena-em-entrevista-na-life-fm\/#primaryimage\"},\"image\":{\"@id\":\"https:\/\/radiolifefm.com.br\/noticias\/turismo-rural-ganha-forca-com-novo-programa-explica-roberto-de-lucena-em-entrevista-na-life-fm\/#primaryimage\"},\"thumbnailUrl\":\"https:\/\/radiolifefm.com.br\/noticias\/wp-content\/uploads\/2025\/05\/WhatsApp-Image-2025-05-06-at-15.59.15-e1746558266468.jpeg\",\"datePublished\":\"2025-05-06T18:58:04+00:00\",\"dateModified\":\"2026-02-13T10:42:14+00:00\",\"breadcrumb\":{\"@id\":\"https:\/\/radiolifefm.com.br\/noticias\/turismo-rural-ganha-forca-com-novo-programa-explica-roberto-de-lucena-em-entrevista-na-life-fm\/#breadcrumb\"},\"inLanguage\":\"pt-BR\",\"potentialAction\":[{\"@type\":\"ReadAction\",\"target\":[\"https:\/\/radiolifefm.com.br\/noticias\/turismo-rural-ganha-forca-com-novo-programa-explica-roberto-de-lucena-em-entrevista-na-life-fm\/\"]}]},{\"@type\":\"ImageObject\",\"inLanguage\":\"pt-BR\",\"@id\":\"https:\/\/radiolifefm.com.br\/noticias\/turismo-rural-ganha-forca-com-novo-programa-explica-roberto-de-lucena-em-entrevista-na-life-fm\/#primaryimage\",\"url\":\"https:\/\/radiolifefm.com.br\/noticias\/wp-content\/uploads\/2025\/05\/WhatsApp-Image-2025-05-06-at-15.59.15-e1746558266468.jpeg\",\"contentUrl\":\"https:\/\/radiolifefm.com.br\/noticias\/wp-content\/uploads\/2025\/05\/WhatsApp-Image-2025-05-06-at-15.59.15-e1746558266468.jpeg\",\"width\":739,\"height\":1147},{\"@type\":\"BreadcrumbList\",\"@id\":\"https:\/\/radiolifefm.com.br\/noticias\/turismo-rural-ganha-forca-com-novo-programa-explica-roberto-de-lucena-em-entrevista-na-life-fm\/#breadcrumb\",\"itemListElement\":[{\"@type\":\"ListItem\",\"position\":1,\"name\":\"In\u00edcio\",\"item\":\"https:\/\/radiolifefm.com.br\/noticias\/\"},{\"@type\":\"ListItem\",\"position\":2,\"name\":\"Turismo Rural ganha for\u00e7a com novo programa, explica Roberto de Lucena em entrevista na Life FM.\"}]},{\"@type\":\"WebSite\",\"@id\":\"https:\/\/radiolifefm.com.br\/noticias\/#website\",\"url\":\"https:\/\/radiolifefm.com.br\/noticias\/\",\"name\":\"R\u00e1dio Life FM\",\"description\":\"O Portal de Not\u00edcias de Adamantina\",\"publisher\":{\"@id\":\"https:\/\/radiolifefm.com.br\/noticias\/#organization\"},\"alternateName\":\"Life FM\",\"potentialAction\":[{\"@type\":\"SearchAction\",\"target\":{\"@type\":\"EntryPoint\",\"urlTemplate\":\"https:\/\/radiolifefm.com.br\/noticias\/?s={search_term_string}\"},\"query-input\":{\"@type\":\"PropertyValueSpecification\",\"valueRequired\":true,\"valueName\":\"search_term_string\"}}],\"inLanguage\":\"pt-BR\"},{\"@type\":\"Organization\",\"@id\":\"https:\/\/radiolifefm.com.br\/noticias\/#organization\",\"name\":\"R\u00e1dio Life FM\",\"alternateName\":\"Life FM\",\"url\":\"https:\/\/radiolifefm.com.br\/noticias\/\",\"logo\":{\"@type\":\"ImageObject\",\"inLanguage\":\"pt-BR\",\"@id\":\"https:\/\/radiolifefm.com.br\/noticias\/#\/schema\/logo\/image\/\",\"url\":\"https:\/\/static.radiolifefm.com.br\/noticias\/wp-content\/uploads\/2019\/10\/logo-lifefm.png\",\"contentUrl\":\"https:\/\/static.radiolifefm.com.br\/noticias\/wp-content\/uploads\/2019\/10\/logo-lifefm.png\",\"width\":196,\"height\":47,\"caption\":\"R\u00e1dio Life FM\"},\"image\":{\"@id\":\"https:\/\/radiolifefm.com.br\/noticias\/#\/schema\/logo\/image\/\"},\"sameAs\":[\"https:\/\/www.facebook.com\/radiolifefm\/\",\"https:\/\/www.instagram.com\/life1079fm\/\"]},{\"@type\":\"Person\",\"@id\":\"https:\/\/radiolifefm.com.br\/noticias\/#\/schema\/person\/6876e1240feffe6e1b63fd5cb85abf28\",\"name\":\"joaograndao\",\"image\":{\"@type\":\"ImageObject\",\"inLanguage\":\"pt-BR\",\"@id\":\"https:\/\/secure.gravatar.com\/avatar\/d5b1a3cf357ed9c50404e256a1294083aa8ab5d2a994001567302786016cb32c?s=96&d=mm&r=g\",\"url\":\"https:\/\/secure.gravatar.com\/avatar\/d5b1a3cf357ed9c50404e256a1294083aa8ab5d2a994001567302786016cb32c?s=96&d=mm&r=g\",\"contentUrl\":\"https:\/\/secure.gravatar.com\/avatar\/d5b1a3cf357ed9c50404e256a1294083aa8ab5d2a994001567302786016cb32c?s=96&d=mm&r=g\",\"caption\":\"joaograndao\"}}]}<\/script>\n<!-- \/ Yoast SEO plugin. -->","yoast_head_json":{"title":"Turismo Rural ganha for\u00e7a com novo programa, explica Roberto de Lucena em entrevista na Life FM. - R\u00e1dio Life FM","robots":{"index":"index","follow":"follow","max-snippet":"max-snippet:-1","max-image-preview":"max-image-preview:large","max-video-preview":"max-video-preview:-1"},"canonical":"https:\/\/radiolifefm.com.br\/noticias\/turismo-rural-ganha-forca-com-novo-programa-explica-roberto-de-lucena-em-entrevista-na-life-fm\/","og_locale":"pt_BR","og_type":"article","og_title":"Turismo Rural ganha for\u00e7a com novo programa, explica Roberto de Lucena em entrevista na Life FM. - R\u00e1dio Life FM","og_description":"&nbsp; Na \u00faltima segunda-feira (5 de maio), \u00e0s 17h, a Life FM trouxe uma edi\u00e7\u00e3o especial do programa Prosa do Campo, com destaque para o futuro do Turismo Rural no estado de S\u00e3o Paulo. A entrevista conduzida pelo pecuarista Cristiano do Mour\u00e3o contou com a presen\u00e7a ilustre do Secret\u00e1rio de Turismo e Viagens do Estado [&hellip;]","og_url":"https:\/\/radiolifefm.com.br\/noticias\/turismo-rural-ganha-forca-com-novo-programa-explica-roberto-de-lucena-em-entrevista-na-life-fm\/","og_site_name":"R\u00e1dio Life FM","article_publisher":"https:\/\/www.facebook.com\/radiolifefm\/","article_published_time":"2025-05-06T18:58:04+00:00","article_modified_time":"2026-02-13T10:42:14+00:00","og_image":[{"width":739,"height":1147,"url":"https:\/\/radiolifefm.com.br\/noticias\/wp-content\/uploads\/2025\/05\/WhatsApp-Image-2025-05-06-at-15.59.15-e1746558266468.jpeg","type":"image\/jpeg"}],"author":"joaograndao","twitter_card":"summary_large_image","twitter_misc":{"Escrito por":"joaograndao","Est. tempo de leitura":"3 minutos"},"schema":{"@context":"https:\/\/schema.org","@graph":[{"@type":"Article","@id":"https:\/\/radiolifefm.com.br\/noticias\/turismo-rural-ganha-forca-com-novo-programa-explica-roberto-de-lucena-em-entrevista-na-life-fm\/#article","isPartOf":{"@id":"https:\/\/radiolifefm.com.br\/noticias\/turismo-rural-ganha-forca-com-novo-programa-explica-roberto-de-lucena-em-entrevista-na-life-fm\/"},"author":{"name":"joaograndao","@id":"https:\/\/radiolifefm.com.br\/noticias\/#\/schema\/person\/6876e1240feffe6e1b63fd5cb85abf28"},"headline":"Turismo Rural ganha for\u00e7a com novo programa, explica Roberto de Lucena em entrevista na Life FM.","datePublished":"2025-05-06T18:58:04+00:00","dateModified":"2026-02-13T10:42:14+00:00","mainEntityOfPage":{"@id":"https:\/\/radiolifefm.com.br\/noticias\/turismo-rural-ganha-forca-com-novo-programa-explica-roberto-de-lucena-em-entrevista-na-life-fm\/"},"wordCount":403,"publisher":{"@id":"https:\/\/radiolifefm.com.br\/noticias\/#organization"},"image":{"@id":"https:\/\/radiolifefm.com.br\/noticias\/turismo-rural-ganha-forca-com-novo-programa-explica-roberto-de-lucena-em-entrevista-na-life-fm\/#primaryimage"},"thumbnailUrl":"https:\/\/radiolifefm.com.br\/noticias\/wp-content\/uploads\/2025\/05\/WhatsApp-Image-2025-05-06-at-15.59.15-e1746558266468.jpeg","articleSection":["Prosa do Campo"],"inLanguage":"pt-BR"},{"@type":"WebPage","@id":"https:\/\/radiolifefm.com.br\/noticias\/turismo-rural-ganha-forca-com-novo-programa-explica-roberto-de-lucena-em-entrevista-na-life-fm\/","url":"https:\/\/radiolifefm.com.br\/noticias\/turismo-rural-ganha-forca-com-novo-programa-explica-roberto-de-lucena-em-entrevista-na-life-fm\/","name":"Turismo Rural ganha for\u00e7a com novo programa, explica Roberto de Lucena em entrevista na Life FM. - R\u00e1dio Life FM","isPartOf":{"@id":"https:\/\/radiolifefm.com.br\/noticias\/#website"},"primaryImageOfPage":{"@id":"https:\/\/radiolifefm.com.br\/noticias\/turismo-rural-ganha-forca-com-novo-programa-explica-roberto-de-lucena-em-entrevista-na-life-fm\/#primaryimage"},"image":{"@id":"https:\/\/radiolifefm.com.br\/noticias\/turismo-rural-ganha-forca-com-novo-programa-explica-roberto-de-lucena-em-entrevista-na-life-fm\/#primaryimage"},"thumbnailUrl":"https:\/\/radiolifefm.com.br\/noticias\/wp-content\/uploads\/2025\/05\/WhatsApp-Image-2025-05-06-at-15.59.15-e1746558266468.jpeg","datePublished":"2025-05-06T18:58:04+00:00","dateModified":"2026-02-13T10:42:14+00:00","breadcrumb":{"@id":"https:\/\/radiolifefm.com.br\/noticias\/turismo-rural-ganha-forca-com-novo-programa-explica-roberto-de-lucena-em-entrevista-na-life-fm\/#breadcrumb"},"inLanguage":"pt-BR","potentialAction":[{"@type":"ReadAction","target":["https:\/\/radiolifefm.com.br\/noticias\/turismo-rural-ganha-forca-com-novo-programa-explica-roberto-de-lucena-em-entrevista-na-life-fm\/"]}]},{"@type":"ImageObject","inLanguage":"pt-BR","@id":"https:\/\/radiolifefm.com.br\/noticias\/turismo-rural-ganha-forca-com-novo-programa-explica-roberto-de-lucena-em-entrevista-na-life-fm\/#primaryimage","url":"https:\/\/radiolifefm.com.br\/noticias\/wp-content\/uploads\/2025\/05\/WhatsApp-Image-2025-05-06-at-15.59.15-e1746558266468.jpeg","contentUrl":"https:\/\/radiolifefm.com.br\/noticias\/wp-content\/uploads\/2025\/05\/WhatsApp-Image-2025-05-06-at-15.59.15-e1746558266468.jpeg","width":739,"height":1147},{"@type":"BreadcrumbList","@id":"https:\/\/radiolifefm.com.br\/noticias\/turismo-rural-ganha-forca-com-novo-programa-explica-roberto-de-lucena-em-entrevista-na-life-fm\/#breadcrumb","itemListElement":[{"@type":"ListItem","position":1,"name":"In\u00edcio","item":"https:\/\/radiolifefm.com.br\/noticias\/"},{"@type":"ListItem","position":2,"name":"Turismo Rural ganha for\u00e7a com novo programa, explica Roberto de Lucena em entrevista na Life FM."}]},{"@type":"WebSite","@id":"https:\/\/radiolifefm.com.br\/noticias\/#website","url":"https:\/\/radiolifefm.com.br\/noticias\/","name":"R\u00e1dio Life FM","description":"O Portal de Not\u00edcias de Adamantina","publisher":{"@id":"https:\/\/radiolifefm.com.br\/noticias\/#organization"},"alternateName":"Life FM","potentialAction":[{"@type":"SearchAction","target":{"@type":"EntryPoint","urlTemplate":"https:\/\/radiolifefm.com.br\/noticias\/?s={search_term_string}"},"query-input":{"@type":"PropertyValueSpecification","valueRequired":true,"valueName":"search_term_string"}}],"inLanguage":"pt-BR"},{"@type":"Organization","@id":"https:\/\/radiolifefm.com.br\/noticias\/#organization","name":"R\u00e1dio Life FM","alternateName":"Life FM","url":"https:\/\/radiolifefm.com.br\/noticias\/","logo":{"@type":"ImageObject","inLanguage":"pt-BR","@id":"https:\/\/radiolifefm.com.br\/noticias\/#\/schema\/logo\/image\/","url":"https:\/\/static.radiolifefm.com.br\/noticias\/wp-content\/uploads\/2019\/10\/logo-lifefm.png","contentUrl":"https:\/\/static.radiolifefm.com.br\/noticias\/wp-content\/uploads\/2019\/10\/logo-lifefm.png","width":196,"height":47,"caption":"R\u00e1dio Life FM"},"image":{"@id":"https:\/\/radiolifefm.com.br\/noticias\/#\/schema\/logo\/image\/"},"sameAs":["https:\/\/www.facebook.com\/radiolifefm\/","https:\/\/www.instagram.com\/life1079fm\/"]},{"@type":"Person","@id":"https:\/\/radiolifefm.com.br\/noticias\/#\/schema\/person\/6876e1240feffe6e1b63fd5cb85abf28","name":"joaograndao","image":{"@type":"ImageObject","inLanguage":"pt-BR","@id":"https:\/\/secure.gravatar.com\/avatar\/d5b1a3cf357ed9c50404e256a1294083aa8ab5d2a994001567302786016cb32c?s=96&d=mm&r=g","url":"https:\/\/secure.gravatar.com\/avatar\/d5b1a3cf357ed9c50404e256a1294083aa8ab5d2a994001567302786016cb32c?s=96&d=mm&r=g","contentUrl":"https:\/\/secure.gravatar.com\/avatar\/d5b1a3cf357ed9c50404e256a1294083aa8ab5d2a994001567302786016cb32c?s=96&d=mm&r=g","caption":"joaograndao"}}]}},"amp_enabled":true,"_links":{"self":[{"href":"https:\/\/radiolifefm.com.br\/noticias\/wp-json\/wp\/v2\/posts\/100582","targetHints":{"allow":["GET"]}}],"collection":[{"href":"https:\/\/radiolifefm.com.br\/noticias\/wp-json\/wp\/v2\/posts"}],"about":[{"href":"https:\/\/radiolifefm.com.br\/noticias\/wp-json\/wp\/v2\/types\/post"}],"author":[{"embeddable":true,"href":"https:\/\/radiolifefm.com.br\/noticias\/wp-json\/wp\/v2\/users\/8"}],"replies":[{"embeddable":true,"href":"https:\/\/radiolifefm.com.br\/noticias\/wp-json\/wp\/v2\/comments?post=100582"}],"version-history":[{"count":1,"href":"https:\/\/radiolifefm.com.br\/noticias\/wp-json\/wp\/v2\/posts\/100582\/revisions"}],"predecessor-version":[{"id":100610,"href":"https:\/\/radiolifefm.com.br\/noticias\/wp-json\/wp\/v2\/posts\/100582\/revisions\/100610"}],"wp:featuredmedia":[{"embeddable":true,"href":"https:\/\/radiolifefm.com.br\/noticias\/wp-json\/wp\/v2\/media\/100611"}],"wp:attachment":[{"href":"https:\/\/radiolifefm.com.br\/noticias\/wp-json\/wp\/v2\/media?parent=100582"}],"wp:term":[{"taxonomy":"category","embeddable":true,"href":"https:\/\/radiolifefm.com.br\/noticias\/wp-json\/wp\/v2\/categories?post=100582"},{"taxonomy":"post_tag","embeddable":true,"href":"https:\/\/radiolifefm.com.br\/noticias\/wp-json\/wp\/v2\/tags?post=100582"}],"curies":[{"name":"wp","href":"https:\/\/api.w.org\/{rel}","templated":true}]}}