{"id":100494,"date":"2025-05-05T08:55:24","date_gmt":"2025-05-05T11:55:24","guid":{"rendered":"https:\/\/radiolifefm.com.br\/noticias\/?p=100494"},"modified":"2026-04-01T17:26:19","modified_gmt":"2026-04-01T20:26:19","slug":"artigo-cajazeiras-provincia-e-paredes-cinzas","status":"publish","type":"post","link":"https:\/\/radiolifefm.com.br\/noticias\/artigo-cajazeiras-provincia-e-paredes-cinzas\/","title":{"rendered":"Cajazeiras, Prov\u00edncia e Paredes \u201ccinzas\u201d\u2026"},"content":{"rendered":"<div id=\"fb-root\"><\/div>\n<p><strong><em>\u201cTodas as cores concordam no escuro.\u201d (<\/em><\/strong><a href=\"https:\/\/www.pensador.com\/autor\/francis_bacon\/\"><strong><em>Francis Bacon<\/em><\/strong><\/a><strong><em>)<\/em><\/strong><\/p>\n<p><strong><em>\u00a0<\/em><\/strong><\/p>\n<p><strong><em>\u201cVamos dar uma salva de palmas a esta figura trepidante e dinamitosa que foi o Seu Nono.\u201d (<\/em><\/strong><a href=\"https:\/\/www.pensador.com\/autor\/odorico_paraguacu\/\"><strong><em>Odorico Paragua\u00e7u<\/em><\/strong><\/a><strong><em>)<\/em><\/strong><\/p>\n<p><strong><em>\u00a0<\/em><\/strong><\/p>\n<p><strong>\u00a0<\/strong><\/p>\n<p><strong>By seb@r.<\/strong><\/p>\n<p>&nbsp;<\/p>\n<p>Ent\u00e3o, fiquei sabendo que n\u00e3o s\u00e3o mais PAREDES ALVAS, agora as cores s\u00e3o na tonalidade CINZA, por\u00e9m, com outros itens nas paredes na cor PRETA, tudo indica que o visual naqueles lados est\u00e3o mais pr\u00f3ximos de outra coisa desta mesma coisa\u2026<\/p>\n<p>Desta forma, daqui pra frente sai o BRANCO que predominou nas \u00faltimas d\u00e9cadas naqueles lados, por isso e mais aquilo, fica a marca mais do que registrada como PAREDES CINZAS e ponto quase final\u2026<\/p>\n<p>Neste caso em especial, registra-se que foram 3 CHAPAS as inscritas para o veredito, primeiro em n\u00edvel interno com as respectivas INDICA\u00c7\u00d5ES por ordem disto e mais aquilo, depois, a escolha dos NOMES\/CHAPA pelo GESTOR PROVINCIANO e APROVA\u00c7\u00c3O pelo LEGISLATIVO\u2026<\/p>\n<p>Nestes OCASOS DE UM TALVEZ, tudo indica que vai haver a tal CONTINUIDADE nas PAREDES CINZAS, haja vista que tudo pode ocorrer daqui pra frente, por\u00e9m, MUDAN\u00c7AS S\u00c3O NECESS\u00c1RIAS em n\u00edvel de URG\u00caNCIA, caso contr\u00e1rio, como sempre, a CONCORR\u00caNCIA n\u00e3o perdoa tais DESENCONTROS ACAD\u00caMICOS na perspectiva ORGANIZACIONAL\u2026<\/p>\n<p>Quanto as denominadas CAJAZEIRAS PROVINCIANAS, pelo jeito que as coisas dessas coisas est\u00e3o caminhando nesta SUCUPIRA com o seu ODORICO de araque, tal GRUPO j\u00e1 conta com mais um NOME neste PACOTE\u2026<\/p>\n<p>N\u00e3o se pode deixar de lado, o tal COLLORZINHO PROVINCIANO, assim, acredito que esta PROV\u00cdNCIA DO FAZ DE CONTA que est\u00e1 daqui pra frente com mais uma proposta, ou seja, SUCUPIRA PROVINCIANA\u2026<\/p>\n<p>Acredito que outros PERSONAGENS devem aparecer de um jeito ou de outro, todavia, pode ser que tenha que recorrer a uma outra NOVELA, talvez, aquela denominada de ROQUE SANTEIRO, tendo em vista as famigeradas MENTES MED\u00cdOCRES travestidas de PATRIOT\u00c1RIOS\/AS e ponto quase final\u2026<\/p>\n<p>Teve um outro TEMPO deste TEMPO neste cen\u00e1rio com uma PUBLICA\u00c7\u00c3O MENSAL que apresentava a proposta editorial por meio de REVISTA, ainda, tal publica\u00e7\u00e3o oferecia uma COLUNA mais do que interessante, a saber: CAPIT\u00c3O CODORNA\u2026<\/p>\n<p>De um jeito ou de outro, pode-se tentar RESSUSCITAR tal COLUNA para muitos OLHARES sobre os desencontros que ocorreram e continuam acontecendo nesta SUCUPIRA PROVINCIANA\u2026<\/p>\n<p>Estou imaginando aqui com os meus BOT\u00d5ES, se bem que s\u00f3 usto e abuso das CAMISETAS, uma SINTONIA (sic) entre SUCUPIRA e ROQUE, ambos na perspectiva PROVINCIANA\u2026<\/p>\n<p>Ah! Estava esquecendo daquela figura que disse que era pra BOIADA PASSAR no GOVERNO DO GENOCIDA, por\u00e9m, n\u00e3o se pode esperar NADA DE NADA desta cambada da DIREITA VOLVER\u2026<\/p>\n<p>Pra n\u00e3o esquecerem, PERDERAM MAN\u00c9S!<\/p>\n<p>Tamb\u00e9m, QUEM SOBREVIVER VAI SABER\u2026<\/p>\n<p>&nbsp;<\/p>\n<p><strong>e-mail:\u00a0<\/strong><a href=\"mailto:barbosa.sebar@gmail.com\"><strong>barbosa.sebar@gmail.com<\/strong><\/a><\/p>\n","protected":false},"excerpt":{"rendered":"<p>\u201cTodas as cores concordam no escuro.\u201d (Francis Bacon) \u00a0 \u201cVamos dar uma salva de palmas a esta figura trepidante e dinamitosa que foi o Seu Nono.\u201d (Odorico Paragua\u00e7u) \u00a0 \u00a0 By seb@r. &nbsp; Ent\u00e3o, fiquei sabendo que n\u00e3o s\u00e3o mais PAREDES ALVAS, agora as cores s\u00e3o na tonalidade CINZA, por\u00e9m, com outros itens nas paredes [&hellip;]<\/p>\n","protected":false},"author":13,"featured_media":51988,"comment_status":"closed","ping_status":"open","sticky":false,"template":"","format":"standard","meta":{"_acf_changed":false,"_exactmetrics_skip_tracking":false,"_exactmetrics_sitenote_active":false,"_exactmetrics_sitenote_note":"","_exactmetrics_sitenote_category":0,"footnotes":""},"categories":[59],"tags":[],"class_list":["post-100494","post","type-post","status-publish","format-standard","has-post-thumbnail","hentry","category-opiniao"],"acf":[],"yoast_head":"<!-- This site is optimized with the Yoast SEO plugin v27.2 - https:\/\/yoast.com\/product\/yoast-seo-wordpress\/ -->\n<title>Cajazeiras, Prov\u00edncia e Paredes \u201ccinzas\u201d\u2026 - R\u00e1dio Life FM<\/title>\n<meta name=\"robots\" content=\"index, follow, max-snippet:-1, max-image-preview:large, max-video-preview:-1\" \/>\n<link rel=\"canonical\" href=\"https:\/\/radiolifefm.com.br\/noticias\/artigo-cajazeiras-provincia-e-paredes-cinzas\/\" \/>\n<meta property=\"og:locale\" content=\"pt_BR\" \/>\n<meta property=\"og:type\" content=\"article\" \/>\n<meta property=\"og:title\" content=\"Cajazeiras, Prov\u00edncia e Paredes \u201ccinzas\u201d\u2026 - R\u00e1dio Life FM\" \/>\n<meta property=\"og:description\" content=\"\u201cTodas as cores concordam no escuro.\u201d (Francis Bacon) \u00a0 \u201cVamos dar uma salva de palmas a esta figura trepidante e dinamitosa que foi o Seu Nono.\u201d (Odorico Paragua\u00e7u) \u00a0 \u00a0 By seb@r. &nbsp; Ent\u00e3o, fiquei sabendo que n\u00e3o s\u00e3o mais PAREDES ALVAS, agora as cores s\u00e3o na tonalidade CINZA, por\u00e9m, com outros itens nas paredes [&hellip;]\" \/>\n<meta property=\"og:url\" content=\"https:\/\/radiolifefm.com.br\/noticias\/artigo-cajazeiras-provincia-e-paredes-cinzas\/\" \/>\n<meta property=\"og:site_name\" content=\"R\u00e1dio Life FM\" \/>\n<meta property=\"article:publisher\" content=\"https:\/\/www.facebook.com\/radiolifefm\/\" \/>\n<meta property=\"article:published_time\" content=\"2025-05-05T11:55:24+00:00\" \/>\n<meta property=\"article:modified_time\" content=\"2026-04-01T20:26:19+00:00\" \/>\n<meta property=\"og:image\" content=\"https:\/\/radiolifefm.com.br\/noticias\/wp-content\/uploads\/2022\/04\/WhatsApp-Image-2022-04-10-at-18.43.02.jpeg\" \/>\n\t<meta property=\"og:image:width\" content=\"972\" \/>\n\t<meta property=\"og:image:height\" content=\"1296\" \/>\n\t<meta property=\"og:image:type\" content=\"image\/jpeg\" \/>\n<meta name=\"author\" content=\"ritanery\" \/>\n<meta name=\"twitter:card\" content=\"summary_large_image\" \/>\n<meta name=\"twitter:label1\" content=\"Escrito por\" \/>\n\t<meta name=\"twitter:data1\" content=\"ritanery\" \/>\n\t<meta name=\"twitter:label2\" content=\"Est. tempo de leitura\" \/>\n\t<meta name=\"twitter:data2\" content=\"3 minutos\" \/>\n<script type=\"application\/ld+json\" class=\"yoast-schema-graph\">{\"@context\":\"https:\/\/schema.org\",\"@graph\":[{\"@type\":\"Article\",\"@id\":\"https:\/\/radiolifefm.com.br\/noticias\/artigo-cajazeiras-provincia-e-paredes-cinzas\/#article\",\"isPartOf\":{\"@id\":\"https:\/\/radiolifefm.com.br\/noticias\/artigo-cajazeiras-provincia-e-paredes-cinzas\/\"},\"author\":{\"name\":\"ritanery\",\"@id\":\"https:\/\/radiolifefm.com.br\/noticias\/#\/schema\/person\/6339b9fac59d12b071dec680d7375d87\"},\"headline\":\"Cajazeiras, Prov\u00edncia e Paredes \u201ccinzas\u201d\u2026\",\"datePublished\":\"2025-05-05T11:55:24+00:00\",\"dateModified\":\"2026-04-01T20:26:19+00:00\",\"mainEntityOfPage\":{\"@id\":\"https:\/\/radiolifefm.com.br\/noticias\/artigo-cajazeiras-provincia-e-paredes-cinzas\/\"},\"wordCount\":476,\"publisher\":{\"@id\":\"https:\/\/radiolifefm.com.br\/noticias\/#organization\"},\"image\":{\"@id\":\"https:\/\/radiolifefm.com.br\/noticias\/artigo-cajazeiras-provincia-e-paredes-cinzas\/#primaryimage\"},\"thumbnailUrl\":\"https:\/\/radiolifefm.com.br\/noticias\/wp-content\/uploads\/2022\/04\/WhatsApp-Image-2022-04-10-at-18.43.02.jpeg\",\"articleSection\":[\"Opini\u00e3o\"],\"inLanguage\":\"pt-BR\"},{\"@type\":\"WebPage\",\"@id\":\"https:\/\/radiolifefm.com.br\/noticias\/artigo-cajazeiras-provincia-e-paredes-cinzas\/\",\"url\":\"https:\/\/radiolifefm.com.br\/noticias\/artigo-cajazeiras-provincia-e-paredes-cinzas\/\",\"name\":\"Cajazeiras, Prov\u00edncia e Paredes \u201ccinzas\u201d\u2026 - R\u00e1dio Life FM\",\"isPartOf\":{\"@id\":\"https:\/\/radiolifefm.com.br\/noticias\/#website\"},\"primaryImageOfPage\":{\"@id\":\"https:\/\/radiolifefm.com.br\/noticias\/artigo-cajazeiras-provincia-e-paredes-cinzas\/#primaryimage\"},\"image\":{\"@id\":\"https:\/\/radiolifefm.com.br\/noticias\/artigo-cajazeiras-provincia-e-paredes-cinzas\/#primaryimage\"},\"thumbnailUrl\":\"https:\/\/radiolifefm.com.br\/noticias\/wp-content\/uploads\/2022\/04\/WhatsApp-Image-2022-04-10-at-18.43.02.jpeg\",\"datePublished\":\"2025-05-05T11:55:24+00:00\",\"dateModified\":\"2026-04-01T20:26:19+00:00\",\"breadcrumb\":{\"@id\":\"https:\/\/radiolifefm.com.br\/noticias\/artigo-cajazeiras-provincia-e-paredes-cinzas\/#breadcrumb\"},\"inLanguage\":\"pt-BR\",\"potentialAction\":[{\"@type\":\"ReadAction\",\"target\":[\"https:\/\/radiolifefm.com.br\/noticias\/artigo-cajazeiras-provincia-e-paredes-cinzas\/\"]}]},{\"@type\":\"ImageObject\",\"inLanguage\":\"pt-BR\",\"@id\":\"https:\/\/radiolifefm.com.br\/noticias\/artigo-cajazeiras-provincia-e-paredes-cinzas\/#primaryimage\",\"url\":\"https:\/\/radiolifefm.com.br\/noticias\/wp-content\/uploads\/2022\/04\/WhatsApp-Image-2022-04-10-at-18.43.02.jpeg\",\"contentUrl\":\"https:\/\/radiolifefm.com.br\/noticias\/wp-content\/uploads\/2022\/04\/WhatsApp-Image-2022-04-10-at-18.43.02.jpeg\",\"width\":972,\"height\":1296,\"caption\":\"S\u00e9rgio Barbosa\"},{\"@type\":\"BreadcrumbList\",\"@id\":\"https:\/\/radiolifefm.com.br\/noticias\/artigo-cajazeiras-provincia-e-paredes-cinzas\/#breadcrumb\",\"itemListElement\":[{\"@type\":\"ListItem\",\"position\":1,\"name\":\"In\u00edcio\",\"item\":\"https:\/\/radiolifefm.com.br\/noticias\/\"},{\"@type\":\"ListItem\",\"position\":2,\"name\":\"Cajazeiras, Prov\u00edncia e Paredes \u201ccinzas\u201d\u2026\"}]},{\"@type\":\"WebSite\",\"@id\":\"https:\/\/radiolifefm.com.br\/noticias\/#website\",\"url\":\"https:\/\/radiolifefm.com.br\/noticias\/\",\"name\":\"R\u00e1dio Life FM\",\"description\":\"O Portal de Not\u00edcias de Adamantina\",\"publisher\":{\"@id\":\"https:\/\/radiolifefm.com.br\/noticias\/#organization\"},\"alternateName\":\"Life FM\",\"potentialAction\":[{\"@type\":\"SearchAction\",\"target\":{\"@type\":\"EntryPoint\",\"urlTemplate\":\"https:\/\/radiolifefm.com.br\/noticias\/?s={search_term_string}\"},\"query-input\":{\"@type\":\"PropertyValueSpecification\",\"valueRequired\":true,\"valueName\":\"search_term_string\"}}],\"inLanguage\":\"pt-BR\"},{\"@type\":\"Organization\",\"@id\":\"https:\/\/radiolifefm.com.br\/noticias\/#organization\",\"name\":\"R\u00e1dio Life FM\",\"alternateName\":\"Life FM\",\"url\":\"https:\/\/radiolifefm.com.br\/noticias\/\",\"logo\":{\"@type\":\"ImageObject\",\"inLanguage\":\"pt-BR\",\"@id\":\"https:\/\/radiolifefm.com.br\/noticias\/#\/schema\/logo\/image\/\",\"url\":\"https:\/\/static.radiolifefm.com.br\/noticias\/wp-content\/uploads\/2019\/10\/logo-lifefm.png\",\"contentUrl\":\"https:\/\/static.radiolifefm.com.br\/noticias\/wp-content\/uploads\/2019\/10\/logo-lifefm.png\",\"width\":196,\"height\":47,\"caption\":\"R\u00e1dio Life FM\"},\"image\":{\"@id\":\"https:\/\/radiolifefm.com.br\/noticias\/#\/schema\/logo\/image\/\"},\"sameAs\":[\"https:\/\/www.facebook.com\/radiolifefm\/\",\"https:\/\/www.instagram.com\/life1079fm\/\"]},{\"@type\":\"Person\",\"@id\":\"https:\/\/radiolifefm.com.br\/noticias\/#\/schema\/person\/6339b9fac59d12b071dec680d7375d87\",\"name\":\"ritanery\",\"image\":{\"@type\":\"ImageObject\",\"inLanguage\":\"pt-BR\",\"@id\":\"https:\/\/secure.gravatar.com\/avatar\/0e37bb19071f47c0b8a23f62a903df117c5a0e75f65a0c2901562f97cd41cf86?s=96&d=mm&r=g\",\"url\":\"https:\/\/secure.gravatar.com\/avatar\/0e37bb19071f47c0b8a23f62a903df117c5a0e75f65a0c2901562f97cd41cf86?s=96&d=mm&r=g\",\"contentUrl\":\"https:\/\/secure.gravatar.com\/avatar\/0e37bb19071f47c0b8a23f62a903df117c5a0e75f65a0c2901562f97cd41cf86?s=96&d=mm&r=g\",\"caption\":\"ritanery\"}}]}<\/script>\n<!-- \/ Yoast SEO plugin. -->","yoast_head_json":{"title":"Cajazeiras, Prov\u00edncia e Paredes \u201ccinzas\u201d\u2026 - R\u00e1dio Life FM","robots":{"index":"index","follow":"follow","max-snippet":"max-snippet:-1","max-image-preview":"max-image-preview:large","max-video-preview":"max-video-preview:-1"},"canonical":"https:\/\/radiolifefm.com.br\/noticias\/artigo-cajazeiras-provincia-e-paredes-cinzas\/","og_locale":"pt_BR","og_type":"article","og_title":"Cajazeiras, Prov\u00edncia e Paredes \u201ccinzas\u201d\u2026 - R\u00e1dio Life FM","og_description":"\u201cTodas as cores concordam no escuro.\u201d (Francis Bacon) \u00a0 \u201cVamos dar uma salva de palmas a esta figura trepidante e dinamitosa que foi o Seu Nono.\u201d (Odorico Paragua\u00e7u) \u00a0 \u00a0 By seb@r. &nbsp; Ent\u00e3o, fiquei sabendo que n\u00e3o s\u00e3o mais PAREDES ALVAS, agora as cores s\u00e3o na tonalidade CINZA, por\u00e9m, com outros itens nas paredes [&hellip;]","og_url":"https:\/\/radiolifefm.com.br\/noticias\/artigo-cajazeiras-provincia-e-paredes-cinzas\/","og_site_name":"R\u00e1dio Life FM","article_publisher":"https:\/\/www.facebook.com\/radiolifefm\/","article_published_time":"2025-05-05T11:55:24+00:00","article_modified_time":"2026-04-01T20:26:19+00:00","og_image":[{"width":972,"height":1296,"url":"https:\/\/radiolifefm.com.br\/noticias\/wp-content\/uploads\/2022\/04\/WhatsApp-Image-2022-04-10-at-18.43.02.jpeg","type":"image\/jpeg"}],"author":"ritanery","twitter_card":"summary_large_image","twitter_misc":{"Escrito por":"ritanery","Est. tempo de leitura":"3 minutos"},"schema":{"@context":"https:\/\/schema.org","@graph":[{"@type":"Article","@id":"https:\/\/radiolifefm.com.br\/noticias\/artigo-cajazeiras-provincia-e-paredes-cinzas\/#article","isPartOf":{"@id":"https:\/\/radiolifefm.com.br\/noticias\/artigo-cajazeiras-provincia-e-paredes-cinzas\/"},"author":{"name":"ritanery","@id":"https:\/\/radiolifefm.com.br\/noticias\/#\/schema\/person\/6339b9fac59d12b071dec680d7375d87"},"headline":"Cajazeiras, Prov\u00edncia e Paredes \u201ccinzas\u201d\u2026","datePublished":"2025-05-05T11:55:24+00:00","dateModified":"2026-04-01T20:26:19+00:00","mainEntityOfPage":{"@id":"https:\/\/radiolifefm.com.br\/noticias\/artigo-cajazeiras-provincia-e-paredes-cinzas\/"},"wordCount":476,"publisher":{"@id":"https:\/\/radiolifefm.com.br\/noticias\/#organization"},"image":{"@id":"https:\/\/radiolifefm.com.br\/noticias\/artigo-cajazeiras-provincia-e-paredes-cinzas\/#primaryimage"},"thumbnailUrl":"https:\/\/radiolifefm.com.br\/noticias\/wp-content\/uploads\/2022\/04\/WhatsApp-Image-2022-04-10-at-18.43.02.jpeg","articleSection":["Opini\u00e3o"],"inLanguage":"pt-BR"},{"@type":"WebPage","@id":"https:\/\/radiolifefm.com.br\/noticias\/artigo-cajazeiras-provincia-e-paredes-cinzas\/","url":"https:\/\/radiolifefm.com.br\/noticias\/artigo-cajazeiras-provincia-e-paredes-cinzas\/","name":"Cajazeiras, Prov\u00edncia e Paredes \u201ccinzas\u201d\u2026 - R\u00e1dio Life FM","isPartOf":{"@id":"https:\/\/radiolifefm.com.br\/noticias\/#website"},"primaryImageOfPage":{"@id":"https:\/\/radiolifefm.com.br\/noticias\/artigo-cajazeiras-provincia-e-paredes-cinzas\/#primaryimage"},"image":{"@id":"https:\/\/radiolifefm.com.br\/noticias\/artigo-cajazeiras-provincia-e-paredes-cinzas\/#primaryimage"},"thumbnailUrl":"https:\/\/radiolifefm.com.br\/noticias\/wp-content\/uploads\/2022\/04\/WhatsApp-Image-2022-04-10-at-18.43.02.jpeg","datePublished":"2025-05-05T11:55:24+00:00","dateModified":"2026-04-01T20:26:19+00:00","breadcrumb":{"@id":"https:\/\/radiolifefm.com.br\/noticias\/artigo-cajazeiras-provincia-e-paredes-cinzas\/#breadcrumb"},"inLanguage":"pt-BR","potentialAction":[{"@type":"ReadAction","target":["https:\/\/radiolifefm.com.br\/noticias\/artigo-cajazeiras-provincia-e-paredes-cinzas\/"]}]},{"@type":"ImageObject","inLanguage":"pt-BR","@id":"https:\/\/radiolifefm.com.br\/noticias\/artigo-cajazeiras-provincia-e-paredes-cinzas\/#primaryimage","url":"https:\/\/radiolifefm.com.br\/noticias\/wp-content\/uploads\/2022\/04\/WhatsApp-Image-2022-04-10-at-18.43.02.jpeg","contentUrl":"https:\/\/radiolifefm.com.br\/noticias\/wp-content\/uploads\/2022\/04\/WhatsApp-Image-2022-04-10-at-18.43.02.jpeg","width":972,"height":1296,"caption":"S\u00e9rgio Barbosa"},{"@type":"BreadcrumbList","@id":"https:\/\/radiolifefm.com.br\/noticias\/artigo-cajazeiras-provincia-e-paredes-cinzas\/#breadcrumb","itemListElement":[{"@type":"ListItem","position":1,"name":"In\u00edcio","item":"https:\/\/radiolifefm.com.br\/noticias\/"},{"@type":"ListItem","position":2,"name":"Cajazeiras, Prov\u00edncia e Paredes \u201ccinzas\u201d\u2026"}]},{"@type":"WebSite","@id":"https:\/\/radiolifefm.com.br\/noticias\/#website","url":"https:\/\/radiolifefm.com.br\/noticias\/","name":"R\u00e1dio Life FM","description":"O Portal de Not\u00edcias de Adamantina","publisher":{"@id":"https:\/\/radiolifefm.com.br\/noticias\/#organization"},"alternateName":"Life FM","potentialAction":[{"@type":"SearchAction","target":{"@type":"EntryPoint","urlTemplate":"https:\/\/radiolifefm.com.br\/noticias\/?s={search_term_string}"},"query-input":{"@type":"PropertyValueSpecification","valueRequired":true,"valueName":"search_term_string"}}],"inLanguage":"pt-BR"},{"@type":"Organization","@id":"https:\/\/radiolifefm.com.br\/noticias\/#organization","name":"R\u00e1dio Life FM","alternateName":"Life FM","url":"https:\/\/radiolifefm.com.br\/noticias\/","logo":{"@type":"ImageObject","inLanguage":"pt-BR","@id":"https:\/\/radiolifefm.com.br\/noticias\/#\/schema\/logo\/image\/","url":"https:\/\/static.radiolifefm.com.br\/noticias\/wp-content\/uploads\/2019\/10\/logo-lifefm.png","contentUrl":"https:\/\/static.radiolifefm.com.br\/noticias\/wp-content\/uploads\/2019\/10\/logo-lifefm.png","width":196,"height":47,"caption":"R\u00e1dio Life FM"},"image":{"@id":"https:\/\/radiolifefm.com.br\/noticias\/#\/schema\/logo\/image\/"},"sameAs":["https:\/\/www.facebook.com\/radiolifefm\/","https:\/\/www.instagram.com\/life1079fm\/"]},{"@type":"Person","@id":"https:\/\/radiolifefm.com.br\/noticias\/#\/schema\/person\/6339b9fac59d12b071dec680d7375d87","name":"ritanery","image":{"@type":"ImageObject","inLanguage":"pt-BR","@id":"https:\/\/secure.gravatar.com\/avatar\/0e37bb19071f47c0b8a23f62a903df117c5a0e75f65a0c2901562f97cd41cf86?s=96&d=mm&r=g","url":"https:\/\/secure.gravatar.com\/avatar\/0e37bb19071f47c0b8a23f62a903df117c5a0e75f65a0c2901562f97cd41cf86?s=96&d=mm&r=g","contentUrl":"https:\/\/secure.gravatar.com\/avatar\/0e37bb19071f47c0b8a23f62a903df117c5a0e75f65a0c2901562f97cd41cf86?s=96&d=mm&r=g","caption":"ritanery"}}]}},"amp_enabled":true,"_links":{"self":[{"href":"https:\/\/radiolifefm.com.br\/noticias\/wp-json\/wp\/v2\/posts\/100494","targetHints":{"allow":["GET"]}}],"collection":[{"href":"https:\/\/radiolifefm.com.br\/noticias\/wp-json\/wp\/v2\/posts"}],"about":[{"href":"https:\/\/radiolifefm.com.br\/noticias\/wp-json\/wp\/v2\/types\/post"}],"author":[{"embeddable":true,"href":"https:\/\/radiolifefm.com.br\/noticias\/wp-json\/wp\/v2\/users\/13"}],"replies":[{"embeddable":true,"href":"https:\/\/radiolifefm.com.br\/noticias\/wp-json\/wp\/v2\/comments?post=100494"}],"version-history":[{"count":2,"href":"https:\/\/radiolifefm.com.br\/noticias\/wp-json\/wp\/v2\/posts\/100494\/revisions"}],"predecessor-version":[{"id":100496,"href":"https:\/\/radiolifefm.com.br\/noticias\/wp-json\/wp\/v2\/posts\/100494\/revisions\/100496"}],"wp:featuredmedia":[{"embeddable":true,"href":"https:\/\/radiolifefm.com.br\/noticias\/wp-json\/wp\/v2\/media\/51988"}],"wp:attachment":[{"href":"https:\/\/radiolifefm.com.br\/noticias\/wp-json\/wp\/v2\/media?parent=100494"}],"wp:term":[{"taxonomy":"category","embeddable":true,"href":"https:\/\/radiolifefm.com.br\/noticias\/wp-json\/wp\/v2\/categories?post=100494"},{"taxonomy":"post_tag","embeddable":true,"href":"https:\/\/radiolifefm.com.br\/noticias\/wp-json\/wp\/v2\/tags?post=100494"}],"curies":[{"name":"wp","href":"https:\/\/api.w.org\/{rel}","templated":true}]}}