{"id":100473,"date":"2025-05-02T09:22:14","date_gmt":"2025-05-02T12:22:14","guid":{"rendered":"https:\/\/radiolifefm.com.br\/noticias\/?p=100473"},"modified":"2026-04-17T05:26:39","modified_gmt":"2026-04-17T08:26:39","slug":"desencontros-provincianos-com-alguns-bancos-no-parque-dos-pioneiros-1","status":"publish","type":"post","link":"https:\/\/radiolifefm.com.br\/noticias\/desencontros-provincianos-com-alguns-bancos-no-parque-dos-pioneiros-1\/","title":{"rendered":"Desencontros provincianos com alguns &#8220;bancos&#8221; no Parque dos Pioneiros&#8230; (1)"},"content":{"rendered":"<div id=\"fb-root\"><\/div>\n<p><strong><em>&#8220;Quando o sol se vai sumir no ocaso, \u00e9 esse o momento em que mais admiramos a sua magnific\u00eancia.&#8221; (Prov\u00e9rbio Chin\u00eas)<\/em><\/strong><\/p>\n<p><strong><em>By seb@r. <\/em><\/strong><\/p>\n<p>N\u00e3o sei quantas pessoas, ainda, daquelas que circulam diariamente pelo Parque dos Pioneiros, tamb\u00e9m, conhecido aqui e ali como &#8220;burac\u00e3o&#8221;, pois, este local proporciona diversas possibilidades de lazer para todos e todas&#8230;<\/p>\n<p>O lament\u00e1vel naqueles lados do parque, isso em quase todos os lugares disponibilizados para o p\u00fablico em geral, s\u00e3o os v\u00e2ndalos que est\u00e3o destruindo esses locais que s\u00e3o disponibilizados para a comunidade provinciana&#8230;<\/p>\n<p>Mesmo assim, apesar dos pesares, pode-se escrever que o local em pauta, ou seja, o &#8220;Parque dos Pioneiros&#8221; continua proporcionando momentos de entretenimento e lazer para pessoas que buscam a divers\u00e3o, fazerem caminhadas e exerc\u00edcios, passear com os animais, tomar um sol da manh\u00e3 ou da tarde, beber um suco, \u00e1gua de coco ou garapa na esquina e assim por diante&#8230;<\/p>\n<p>Sempre que consigo, estou marcando presen\u00e7a no local para &#8220;caminhar&#8221;, se poss\u00edvel, todos os dias, ainda, sempre no sentido contr\u00e1rio aos demais caminhantes, tendo em vista que procuro seguir aquele dito popular tupiniquim, a saber; &#8220;antes s\u00f3 do que mal acompanhado&#8221;&#8230;<\/p>\n<p>Entretanto, nem sempre tais possibilidades s\u00e3o poss\u00edveis, pois, pra variar, de vez em quando aparece algu\u00e9m pra complicar o meio de campo para o meu lado, mesmo assim, vamos que vamos, ainda, de um jeito ou de outro&#8230;<\/p>\n<p>Tamb\u00e9m, quando n\u00e3o encontramos aqueles personagens que apesar dos pesares, teimam em estar naqueles lados do Parque para atrapalhar os outros, melhor fariam se ficassem escondidos em seus lugares mais do que comuns em terras provincianas&#8230;<\/p>\n<p>Mas, o motivo deste registro sobre os &#8220;Pioneiros&#8221;, uma homenagem \u00e0queles que desbravaram as matas em nome da bandeira do desenvolvimento regional com ares de conquista acima do bem e do mal, assim, muitas marcas continuam presentes no local para um olhar acima dos outros olhares mediados pelo &#8220;senso comum&#8221;&#8230;<\/p>\n<p>Portanto, o local disponibiliza muitas op\u00e7\u00f5es quanto aos &#8220;bancos&#8221; para um descanso depois disto ou daquilo, se bem que estas op\u00e7\u00f5es est\u00e3o disponibilizadas em sua maioria na parte interna do &#8220;parque&#8221; pr\u00f3ximo dos &#8220;brinquedos&#8221; das crian\u00e7as em forma de um semic\u00edrculo&#8230;<\/p>\n<p>Existem diversas marcas que est\u00e3o presentes como um registro que teima em resistir ao tempo, bem como, ao vandalismo que ocorre nos finais de semana no per\u00edodo noturno e de madrugada, quando esses personagens do &#8220;alheio&#8221; buscam a destrui\u00e7\u00e3o do patrim\u00f4nio p\u00fablico em nome de si mesmo, esquecendo que todos pagam depois pelo ato destes v\u00e2ndalos noturnos&#8230;<\/p>\n<p>Neste cen\u00e1rio que al\u00e9m destes personagens, tamb\u00e9m, existem outros problemas, entre os quais, a eros\u00e3o em alguns pontos espec\u00edficos e a quest\u00e3o, ainda, n\u00e3o resolvida da tubula\u00e7\u00e3o que existem embaixo e est\u00e1 complicando a utiliza\u00e7\u00e3o do espa\u00e7o total do parque, complicando o lazer das pessoas e pelo jeito, ainda distante de uma solu\u00e7\u00e3o que possa atender a popula\u00e7\u00e3o que frequenta o local semanalmente, bem como, aquelas pessoas que comparecem nos finais de semana com familiares&#8230;<\/p>\n<p>Finalmente, voltamos aos &#8220;bancos&#8221; para um descanso a mais depois de uma caminhada de muitas voltas ou exerc\u00edcios nos equipamentos que est\u00e3o funcionando, neste caso, o vandalismo, tamb\u00e9m colocam a sua marca registrada e complica quem precisa usar o espa\u00e7o e tudo mais em meio ao tudo de menos&#8230;<\/p>\n<p>Ent\u00e3o, os &#8220;bancos&#8221; com suas hist\u00f3rias que s\u00f3 o tempo pode trazer de volta pelas marcas e nomes &#8220;escritos&#8221; nos mesmos, proporcionando para aquelas pessoas que conhecem ou conheceram aquelas pessoas, lojas, empresas e outros, muitas recorda\u00e7\u00f5es do passado neste presente sem futuro&#8230;<\/p>\n<p>Assim, recomendo que a comunidade provinciana, quando nas voltas pelo &#8220;Parque dos Pioneiros&#8221;, procure dar aquela aten\u00e7\u00e3o especial para esses &#8220;bancos&#8221; que apesar dos pesares, ainda, est\u00e3o marcando presen\u00e7a no local como testemunhas silenciosas de tudo o que ocorre em volta, sendo que n\u00e3o podem se defender daquelas pessoas que teimam em destruir a mem\u00f3ria, al\u00e9m do ostracismo das outras pessoas que n\u00e3o est\u00e3o nem a\u00ed com esses &#8220;bancos&#8221;&#8230;<\/p>\n<p><strong><em>______________________________<\/em><\/strong><\/p>\n<ul>\n<li><strong><em>Texto escrito\/publicado em 2.014.<\/em><\/strong><\/li>\n<li><strong><em>E-mail: barbosa.sebar@gmail.com<\/em><\/strong><\/li>\n<\/ul>\n","protected":false},"excerpt":{"rendered":"<p>&#8220;Quando o sol se vai sumir no ocaso, \u00e9 esse o momento em que mais admiramos a sua magnific\u00eancia.&#8221; (Prov\u00e9rbio Chin\u00eas) By seb@r. N\u00e3o sei quantas pessoas, ainda, daquelas que circulam diariamente pelo Parque dos Pioneiros, tamb\u00e9m, conhecido aqui e ali como &#8220;burac\u00e3o&#8221;, pois, este local proporciona diversas possibilidades de lazer para todos e todas&#8230; [&hellip;]<\/p>\n","protected":false},"author":13,"featured_media":51988,"comment_status":"closed","ping_status":"open","sticky":false,"template":"","format":"standard","meta":{"_acf_changed":false,"_exactmetrics_skip_tracking":false,"_exactmetrics_sitenote_active":false,"_exactmetrics_sitenote_note":"","_exactmetrics_sitenote_category":0,"footnotes":""},"categories":[59],"tags":[],"class_list":["post-100473","post","type-post","status-publish","format-standard","has-post-thumbnail","hentry","category-opiniao"],"acf":[],"yoast_head":"<!-- This site is optimized with the Yoast SEO plugin v27.2 - https:\/\/yoast.com\/product\/yoast-seo-wordpress\/ -->\n<title>Desencontros provincianos com alguns &quot;bancos&quot; no Parque dos Pioneiros... (1) - R\u00e1dio Life FM<\/title>\n<meta name=\"robots\" content=\"index, follow, max-snippet:-1, max-image-preview:large, max-video-preview:-1\" \/>\n<link rel=\"canonical\" href=\"https:\/\/radiolifefm.com.br\/noticias\/desencontros-provincianos-com-alguns-bancos-no-parque-dos-pioneiros-1\/\" \/>\n<meta property=\"og:locale\" content=\"pt_BR\" \/>\n<meta property=\"og:type\" content=\"article\" \/>\n<meta property=\"og:title\" content=\"Desencontros provincianos com alguns &quot;bancos&quot; no Parque dos Pioneiros... (1) - R\u00e1dio Life FM\" \/>\n<meta property=\"og:description\" content=\"&#8220;Quando o sol se vai sumir no ocaso, \u00e9 esse o momento em que mais admiramos a sua magnific\u00eancia.&#8221; (Prov\u00e9rbio Chin\u00eas) By seb@r. N\u00e3o sei quantas pessoas, ainda, daquelas que circulam diariamente pelo Parque dos Pioneiros, tamb\u00e9m, conhecido aqui e ali como &#8220;burac\u00e3o&#8221;, pois, este local proporciona diversas possibilidades de lazer para todos e todas&#8230; [&hellip;]\" \/>\n<meta property=\"og:url\" content=\"https:\/\/radiolifefm.com.br\/noticias\/desencontros-provincianos-com-alguns-bancos-no-parque-dos-pioneiros-1\/\" \/>\n<meta property=\"og:site_name\" content=\"R\u00e1dio Life FM\" \/>\n<meta property=\"article:publisher\" content=\"https:\/\/www.facebook.com\/radiolifefm\/\" \/>\n<meta property=\"article:published_time\" content=\"2025-05-02T12:22:14+00:00\" \/>\n<meta property=\"article:modified_time\" content=\"2026-04-17T08:26:39+00:00\" \/>\n<meta property=\"og:image\" content=\"https:\/\/radiolifefm.com.br\/noticias\/wp-content\/uploads\/2022\/04\/WhatsApp-Image-2022-04-10-at-18.43.02.jpeg\" \/>\n\t<meta property=\"og:image:width\" content=\"972\" \/>\n\t<meta property=\"og:image:height\" content=\"1296\" \/>\n\t<meta property=\"og:image:type\" content=\"image\/jpeg\" \/>\n<meta name=\"author\" content=\"ritanery\" \/>\n<meta name=\"twitter:card\" content=\"summary_large_image\" \/>\n<meta name=\"twitter:label1\" content=\"Escrito por\" \/>\n\t<meta name=\"twitter:data1\" content=\"ritanery\" \/>\n\t<meta name=\"twitter:label2\" content=\"Est. tempo de leitura\" \/>\n\t<meta name=\"twitter:data2\" content=\"4 minutos\" \/>\n<script type=\"application\/ld+json\" class=\"yoast-schema-graph\">{\"@context\":\"https:\/\/schema.org\",\"@graph\":[{\"@type\":\"Article\",\"@id\":\"https:\/\/radiolifefm.com.br\/noticias\/desencontros-provincianos-com-alguns-bancos-no-parque-dos-pioneiros-1\/#article\",\"isPartOf\":{\"@id\":\"https:\/\/radiolifefm.com.br\/noticias\/desencontros-provincianos-com-alguns-bancos-no-parque-dos-pioneiros-1\/\"},\"author\":{\"name\":\"ritanery\",\"@id\":\"https:\/\/radiolifefm.com.br\/noticias\/#\/schema\/person\/6339b9fac59d12b071dec680d7375d87\"},\"headline\":\"Desencontros provincianos com alguns &#8220;bancos&#8221; no Parque dos Pioneiros&#8230; (1)\",\"datePublished\":\"2025-05-02T12:22:14+00:00\",\"dateModified\":\"2026-04-17T08:26:39+00:00\",\"mainEntityOfPage\":{\"@id\":\"https:\/\/radiolifefm.com.br\/noticias\/desencontros-provincianos-com-alguns-bancos-no-parque-dos-pioneiros-1\/\"},\"wordCount\":727,\"publisher\":{\"@id\":\"https:\/\/radiolifefm.com.br\/noticias\/#organization\"},\"image\":{\"@id\":\"https:\/\/radiolifefm.com.br\/noticias\/desencontros-provincianos-com-alguns-bancos-no-parque-dos-pioneiros-1\/#primaryimage\"},\"thumbnailUrl\":\"https:\/\/radiolifefm.com.br\/noticias\/wp-content\/uploads\/2022\/04\/WhatsApp-Image-2022-04-10-at-18.43.02.jpeg\",\"articleSection\":[\"Opini\u00e3o\"],\"inLanguage\":\"pt-BR\"},{\"@type\":\"WebPage\",\"@id\":\"https:\/\/radiolifefm.com.br\/noticias\/desencontros-provincianos-com-alguns-bancos-no-parque-dos-pioneiros-1\/\",\"url\":\"https:\/\/radiolifefm.com.br\/noticias\/desencontros-provincianos-com-alguns-bancos-no-parque-dos-pioneiros-1\/\",\"name\":\"Desencontros provincianos com alguns \\\"bancos\\\" no Parque dos Pioneiros... (1) - R\u00e1dio Life FM\",\"isPartOf\":{\"@id\":\"https:\/\/radiolifefm.com.br\/noticias\/#website\"},\"primaryImageOfPage\":{\"@id\":\"https:\/\/radiolifefm.com.br\/noticias\/desencontros-provincianos-com-alguns-bancos-no-parque-dos-pioneiros-1\/#primaryimage\"},\"image\":{\"@id\":\"https:\/\/radiolifefm.com.br\/noticias\/desencontros-provincianos-com-alguns-bancos-no-parque-dos-pioneiros-1\/#primaryimage\"},\"thumbnailUrl\":\"https:\/\/radiolifefm.com.br\/noticias\/wp-content\/uploads\/2022\/04\/WhatsApp-Image-2022-04-10-at-18.43.02.jpeg\",\"datePublished\":\"2025-05-02T12:22:14+00:00\",\"dateModified\":\"2026-04-17T08:26:39+00:00\",\"breadcrumb\":{\"@id\":\"https:\/\/radiolifefm.com.br\/noticias\/desencontros-provincianos-com-alguns-bancos-no-parque-dos-pioneiros-1\/#breadcrumb\"},\"inLanguage\":\"pt-BR\",\"potentialAction\":[{\"@type\":\"ReadAction\",\"target\":[\"https:\/\/radiolifefm.com.br\/noticias\/desencontros-provincianos-com-alguns-bancos-no-parque-dos-pioneiros-1\/\"]}]},{\"@type\":\"ImageObject\",\"inLanguage\":\"pt-BR\",\"@id\":\"https:\/\/radiolifefm.com.br\/noticias\/desencontros-provincianos-com-alguns-bancos-no-parque-dos-pioneiros-1\/#primaryimage\",\"url\":\"https:\/\/radiolifefm.com.br\/noticias\/wp-content\/uploads\/2022\/04\/WhatsApp-Image-2022-04-10-at-18.43.02.jpeg\",\"contentUrl\":\"https:\/\/radiolifefm.com.br\/noticias\/wp-content\/uploads\/2022\/04\/WhatsApp-Image-2022-04-10-at-18.43.02.jpeg\",\"width\":972,\"height\":1296,\"caption\":\"S\u00e9rgio Barbosa\"},{\"@type\":\"BreadcrumbList\",\"@id\":\"https:\/\/radiolifefm.com.br\/noticias\/desencontros-provincianos-com-alguns-bancos-no-parque-dos-pioneiros-1\/#breadcrumb\",\"itemListElement\":[{\"@type\":\"ListItem\",\"position\":1,\"name\":\"In\u00edcio\",\"item\":\"https:\/\/radiolifefm.com.br\/noticias\/\"},{\"@type\":\"ListItem\",\"position\":2,\"name\":\"Desencontros provincianos com alguns &#8220;bancos&#8221; no Parque dos Pioneiros&#8230; (1)\"}]},{\"@type\":\"WebSite\",\"@id\":\"https:\/\/radiolifefm.com.br\/noticias\/#website\",\"url\":\"https:\/\/radiolifefm.com.br\/noticias\/\",\"name\":\"R\u00e1dio Life FM\",\"description\":\"O Portal de Not\u00edcias de Adamantina\",\"publisher\":{\"@id\":\"https:\/\/radiolifefm.com.br\/noticias\/#organization\"},\"alternateName\":\"Life FM\",\"potentialAction\":[{\"@type\":\"SearchAction\",\"target\":{\"@type\":\"EntryPoint\",\"urlTemplate\":\"https:\/\/radiolifefm.com.br\/noticias\/?s={search_term_string}\"},\"query-input\":{\"@type\":\"PropertyValueSpecification\",\"valueRequired\":true,\"valueName\":\"search_term_string\"}}],\"inLanguage\":\"pt-BR\"},{\"@type\":\"Organization\",\"@id\":\"https:\/\/radiolifefm.com.br\/noticias\/#organization\",\"name\":\"R\u00e1dio Life FM\",\"alternateName\":\"Life FM\",\"url\":\"https:\/\/radiolifefm.com.br\/noticias\/\",\"logo\":{\"@type\":\"ImageObject\",\"inLanguage\":\"pt-BR\",\"@id\":\"https:\/\/radiolifefm.com.br\/noticias\/#\/schema\/logo\/image\/\",\"url\":\"https:\/\/static.radiolifefm.com.br\/noticias\/wp-content\/uploads\/2019\/10\/logo-lifefm.png\",\"contentUrl\":\"https:\/\/static.radiolifefm.com.br\/noticias\/wp-content\/uploads\/2019\/10\/logo-lifefm.png\",\"width\":196,\"height\":47,\"caption\":\"R\u00e1dio Life FM\"},\"image\":{\"@id\":\"https:\/\/radiolifefm.com.br\/noticias\/#\/schema\/logo\/image\/\"},\"sameAs\":[\"https:\/\/www.facebook.com\/radiolifefm\/\",\"https:\/\/www.instagram.com\/life1079fm\/\"]},{\"@type\":\"Person\",\"@id\":\"https:\/\/radiolifefm.com.br\/noticias\/#\/schema\/person\/6339b9fac59d12b071dec680d7375d87\",\"name\":\"ritanery\",\"image\":{\"@type\":\"ImageObject\",\"inLanguage\":\"pt-BR\",\"@id\":\"https:\/\/secure.gravatar.com\/avatar\/0e37bb19071f47c0b8a23f62a903df117c5a0e75f65a0c2901562f97cd41cf86?s=96&d=mm&r=g\",\"url\":\"https:\/\/secure.gravatar.com\/avatar\/0e37bb19071f47c0b8a23f62a903df117c5a0e75f65a0c2901562f97cd41cf86?s=96&d=mm&r=g\",\"contentUrl\":\"https:\/\/secure.gravatar.com\/avatar\/0e37bb19071f47c0b8a23f62a903df117c5a0e75f65a0c2901562f97cd41cf86?s=96&d=mm&r=g\",\"caption\":\"ritanery\"}}]}<\/script>\n<!-- \/ Yoast SEO plugin. -->","yoast_head_json":{"title":"Desencontros provincianos com alguns \"bancos\" no Parque dos Pioneiros... (1) - R\u00e1dio Life FM","robots":{"index":"index","follow":"follow","max-snippet":"max-snippet:-1","max-image-preview":"max-image-preview:large","max-video-preview":"max-video-preview:-1"},"canonical":"https:\/\/radiolifefm.com.br\/noticias\/desencontros-provincianos-com-alguns-bancos-no-parque-dos-pioneiros-1\/","og_locale":"pt_BR","og_type":"article","og_title":"Desencontros provincianos com alguns \"bancos\" no Parque dos Pioneiros... (1) - R\u00e1dio Life FM","og_description":"&#8220;Quando o sol se vai sumir no ocaso, \u00e9 esse o momento em que mais admiramos a sua magnific\u00eancia.&#8221; (Prov\u00e9rbio Chin\u00eas) By seb@r. N\u00e3o sei quantas pessoas, ainda, daquelas que circulam diariamente pelo Parque dos Pioneiros, tamb\u00e9m, conhecido aqui e ali como &#8220;burac\u00e3o&#8221;, pois, este local proporciona diversas possibilidades de lazer para todos e todas&#8230; [&hellip;]","og_url":"https:\/\/radiolifefm.com.br\/noticias\/desencontros-provincianos-com-alguns-bancos-no-parque-dos-pioneiros-1\/","og_site_name":"R\u00e1dio Life FM","article_publisher":"https:\/\/www.facebook.com\/radiolifefm\/","article_published_time":"2025-05-02T12:22:14+00:00","article_modified_time":"2026-04-17T08:26:39+00:00","og_image":[{"width":972,"height":1296,"url":"https:\/\/radiolifefm.com.br\/noticias\/wp-content\/uploads\/2022\/04\/WhatsApp-Image-2022-04-10-at-18.43.02.jpeg","type":"image\/jpeg"}],"author":"ritanery","twitter_card":"summary_large_image","twitter_misc":{"Escrito por":"ritanery","Est. tempo de leitura":"4 minutos"},"schema":{"@context":"https:\/\/schema.org","@graph":[{"@type":"Article","@id":"https:\/\/radiolifefm.com.br\/noticias\/desencontros-provincianos-com-alguns-bancos-no-parque-dos-pioneiros-1\/#article","isPartOf":{"@id":"https:\/\/radiolifefm.com.br\/noticias\/desencontros-provincianos-com-alguns-bancos-no-parque-dos-pioneiros-1\/"},"author":{"name":"ritanery","@id":"https:\/\/radiolifefm.com.br\/noticias\/#\/schema\/person\/6339b9fac59d12b071dec680d7375d87"},"headline":"Desencontros provincianos com alguns &#8220;bancos&#8221; no Parque dos Pioneiros&#8230; (1)","datePublished":"2025-05-02T12:22:14+00:00","dateModified":"2026-04-17T08:26:39+00:00","mainEntityOfPage":{"@id":"https:\/\/radiolifefm.com.br\/noticias\/desencontros-provincianos-com-alguns-bancos-no-parque-dos-pioneiros-1\/"},"wordCount":727,"publisher":{"@id":"https:\/\/radiolifefm.com.br\/noticias\/#organization"},"image":{"@id":"https:\/\/radiolifefm.com.br\/noticias\/desencontros-provincianos-com-alguns-bancos-no-parque-dos-pioneiros-1\/#primaryimage"},"thumbnailUrl":"https:\/\/radiolifefm.com.br\/noticias\/wp-content\/uploads\/2022\/04\/WhatsApp-Image-2022-04-10-at-18.43.02.jpeg","articleSection":["Opini\u00e3o"],"inLanguage":"pt-BR"},{"@type":"WebPage","@id":"https:\/\/radiolifefm.com.br\/noticias\/desencontros-provincianos-com-alguns-bancos-no-parque-dos-pioneiros-1\/","url":"https:\/\/radiolifefm.com.br\/noticias\/desencontros-provincianos-com-alguns-bancos-no-parque-dos-pioneiros-1\/","name":"Desencontros provincianos com alguns \"bancos\" no Parque dos Pioneiros... (1) - R\u00e1dio Life FM","isPartOf":{"@id":"https:\/\/radiolifefm.com.br\/noticias\/#website"},"primaryImageOfPage":{"@id":"https:\/\/radiolifefm.com.br\/noticias\/desencontros-provincianos-com-alguns-bancos-no-parque-dos-pioneiros-1\/#primaryimage"},"image":{"@id":"https:\/\/radiolifefm.com.br\/noticias\/desencontros-provincianos-com-alguns-bancos-no-parque-dos-pioneiros-1\/#primaryimage"},"thumbnailUrl":"https:\/\/radiolifefm.com.br\/noticias\/wp-content\/uploads\/2022\/04\/WhatsApp-Image-2022-04-10-at-18.43.02.jpeg","datePublished":"2025-05-02T12:22:14+00:00","dateModified":"2026-04-17T08:26:39+00:00","breadcrumb":{"@id":"https:\/\/radiolifefm.com.br\/noticias\/desencontros-provincianos-com-alguns-bancos-no-parque-dos-pioneiros-1\/#breadcrumb"},"inLanguage":"pt-BR","potentialAction":[{"@type":"ReadAction","target":["https:\/\/radiolifefm.com.br\/noticias\/desencontros-provincianos-com-alguns-bancos-no-parque-dos-pioneiros-1\/"]}]},{"@type":"ImageObject","inLanguage":"pt-BR","@id":"https:\/\/radiolifefm.com.br\/noticias\/desencontros-provincianos-com-alguns-bancos-no-parque-dos-pioneiros-1\/#primaryimage","url":"https:\/\/radiolifefm.com.br\/noticias\/wp-content\/uploads\/2022\/04\/WhatsApp-Image-2022-04-10-at-18.43.02.jpeg","contentUrl":"https:\/\/radiolifefm.com.br\/noticias\/wp-content\/uploads\/2022\/04\/WhatsApp-Image-2022-04-10-at-18.43.02.jpeg","width":972,"height":1296,"caption":"S\u00e9rgio Barbosa"},{"@type":"BreadcrumbList","@id":"https:\/\/radiolifefm.com.br\/noticias\/desencontros-provincianos-com-alguns-bancos-no-parque-dos-pioneiros-1\/#breadcrumb","itemListElement":[{"@type":"ListItem","position":1,"name":"In\u00edcio","item":"https:\/\/radiolifefm.com.br\/noticias\/"},{"@type":"ListItem","position":2,"name":"Desencontros provincianos com alguns &#8220;bancos&#8221; no Parque dos Pioneiros&#8230; (1)"}]},{"@type":"WebSite","@id":"https:\/\/radiolifefm.com.br\/noticias\/#website","url":"https:\/\/radiolifefm.com.br\/noticias\/","name":"R\u00e1dio Life FM","description":"O Portal de Not\u00edcias de Adamantina","publisher":{"@id":"https:\/\/radiolifefm.com.br\/noticias\/#organization"},"alternateName":"Life FM","potentialAction":[{"@type":"SearchAction","target":{"@type":"EntryPoint","urlTemplate":"https:\/\/radiolifefm.com.br\/noticias\/?s={search_term_string}"},"query-input":{"@type":"PropertyValueSpecification","valueRequired":true,"valueName":"search_term_string"}}],"inLanguage":"pt-BR"},{"@type":"Organization","@id":"https:\/\/radiolifefm.com.br\/noticias\/#organization","name":"R\u00e1dio Life FM","alternateName":"Life FM","url":"https:\/\/radiolifefm.com.br\/noticias\/","logo":{"@type":"ImageObject","inLanguage":"pt-BR","@id":"https:\/\/radiolifefm.com.br\/noticias\/#\/schema\/logo\/image\/","url":"https:\/\/static.radiolifefm.com.br\/noticias\/wp-content\/uploads\/2019\/10\/logo-lifefm.png","contentUrl":"https:\/\/static.radiolifefm.com.br\/noticias\/wp-content\/uploads\/2019\/10\/logo-lifefm.png","width":196,"height":47,"caption":"R\u00e1dio Life FM"},"image":{"@id":"https:\/\/radiolifefm.com.br\/noticias\/#\/schema\/logo\/image\/"},"sameAs":["https:\/\/www.facebook.com\/radiolifefm\/","https:\/\/www.instagram.com\/life1079fm\/"]},{"@type":"Person","@id":"https:\/\/radiolifefm.com.br\/noticias\/#\/schema\/person\/6339b9fac59d12b071dec680d7375d87","name":"ritanery","image":{"@type":"ImageObject","inLanguage":"pt-BR","@id":"https:\/\/secure.gravatar.com\/avatar\/0e37bb19071f47c0b8a23f62a903df117c5a0e75f65a0c2901562f97cd41cf86?s=96&d=mm&r=g","url":"https:\/\/secure.gravatar.com\/avatar\/0e37bb19071f47c0b8a23f62a903df117c5a0e75f65a0c2901562f97cd41cf86?s=96&d=mm&r=g","contentUrl":"https:\/\/secure.gravatar.com\/avatar\/0e37bb19071f47c0b8a23f62a903df117c5a0e75f65a0c2901562f97cd41cf86?s=96&d=mm&r=g","caption":"ritanery"}}]}},"amp_enabled":true,"_links":{"self":[{"href":"https:\/\/radiolifefm.com.br\/noticias\/wp-json\/wp\/v2\/posts\/100473","targetHints":{"allow":["GET"]}}],"collection":[{"href":"https:\/\/radiolifefm.com.br\/noticias\/wp-json\/wp\/v2\/posts"}],"about":[{"href":"https:\/\/radiolifefm.com.br\/noticias\/wp-json\/wp\/v2\/types\/post"}],"author":[{"embeddable":true,"href":"https:\/\/radiolifefm.com.br\/noticias\/wp-json\/wp\/v2\/users\/13"}],"replies":[{"embeddable":true,"href":"https:\/\/radiolifefm.com.br\/noticias\/wp-json\/wp\/v2\/comments?post=100473"}],"version-history":[{"count":1,"href":"https:\/\/radiolifefm.com.br\/noticias\/wp-json\/wp\/v2\/posts\/100473\/revisions"}],"predecessor-version":[{"id":100474,"href":"https:\/\/radiolifefm.com.br\/noticias\/wp-json\/wp\/v2\/posts\/100473\/revisions\/100474"}],"wp:featuredmedia":[{"embeddable":true,"href":"https:\/\/radiolifefm.com.br\/noticias\/wp-json\/wp\/v2\/media\/51988"}],"wp:attachment":[{"href":"https:\/\/radiolifefm.com.br\/noticias\/wp-json\/wp\/v2\/media?parent=100473"}],"wp:term":[{"taxonomy":"category","embeddable":true,"href":"https:\/\/radiolifefm.com.br\/noticias\/wp-json\/wp\/v2\/categories?post=100473"},{"taxonomy":"post_tag","embeddable":true,"href":"https:\/\/radiolifefm.com.br\/noticias\/wp-json\/wp\/v2\/tags?post=100473"}],"curies":[{"name":"wp","href":"https:\/\/api.w.org\/{rel}","templated":true}]}}