{"id":100445,"date":"2025-04-30T10:34:24","date_gmt":"2025-04-30T13:34:24","guid":{"rendered":"https:\/\/radiolifefm.com.br\/noticias\/?p=100445"},"modified":"2026-04-15T06:29:10","modified_gmt":"2026-04-15T09:29:10","slug":"saiba-como-sera-o-pecuarista-do-futuro-com-marcos-lima-no-prosa-do-campo","status":"publish","type":"post","link":"https:\/\/radiolifefm.com.br\/noticias\/saiba-como-sera-o-pecuarista-do-futuro-com-marcos-lima-no-prosa-do-campo\/","title":{"rendered":"Saiba como ser\u00e1 o pecuarista do futuro com Marcos Lima no Prosa do Campo"},"content":{"rendered":"<div id=\"fb-root\"><\/div>\n<p class=\"\" data-start=\"78\" data-end=\"154\">\n<p class=\"\" data-start=\"156\" data-end=\"382\">Foi ao ar na noite da \u00faltima segunda-feira (28 de abril), na Life FM, mais uma edi\u00e7\u00e3o do podcast <em data-start=\"253\" data-end=\"269\">Prosa do Campo<\/em> \u2014 o \u00fanico da regi\u00e3o voltado ao homem do campo, com tem\u00e1ticas e convidados com ampla experi\u00eancia no meio rural.<img loading=\"lazy\" decoding=\"async\" class=\"aligncenter size-medium wp-image-100450\" src=\"https:\/\/static.radiolifefm.com.br\/noticias\/wp-content\/uploads\/2025\/04\/Marca-dagua-PROSA-DO-CAMPO-8-300x300.jpg\" alt=\"\" width=\"300\" height=\"300\" srcset=\"https:\/\/radiolifefm.com.br\/noticias\/wp-content\/uploads\/2025\/04\/Marca-dagua-PROSA-DO-CAMPO-8-300x300.jpg 300w, https:\/\/radiolifefm.com.br\/noticias\/wp-content\/uploads\/2025\/04\/Marca-dagua-PROSA-DO-CAMPO-8-1024x1024.jpg 1024w, https:\/\/radiolifefm.com.br\/noticias\/wp-content\/uploads\/2025\/04\/Marca-dagua-PROSA-DO-CAMPO-8-150x150.jpg 150w, https:\/\/radiolifefm.com.br\/noticias\/wp-content\/uploads\/2025\/04\/Marca-dagua-PROSA-DO-CAMPO-8-768x768.jpg 768w, https:\/\/radiolifefm.com.br\/noticias\/wp-content\/uploads\/2025\/04\/Marca-dagua-PROSA-DO-CAMPO-8-200x200.jpg 200w, https:\/\/radiolifefm.com.br\/noticias\/wp-content\/uploads\/2025\/04\/Marca-dagua-PROSA-DO-CAMPO-8-250x250.jpg 250w, https:\/\/radiolifefm.com.br\/noticias\/wp-content\/uploads\/2025\/04\/Marca-dagua-PROSA-DO-CAMPO-8-500x500.jpg 500w, https:\/\/radiolifefm.com.br\/noticias\/wp-content\/uploads\/2025\/04\/Marca-dagua-PROSA-DO-CAMPO-8-700x700.jpg 700w, https:\/\/radiolifefm.com.br\/noticias\/wp-content\/uploads\/2025\/04\/Marca-dagua-PROSA-DO-CAMPO-8.jpg 1080w\" sizes=\"auto, (max-width: 300px) 100vw, 300px\" \/><\/p>\n<p class=\"\" data-start=\"384\" data-end=\"614\">Apresentado semanalmente pelo pecuarista e investidor Cristiano Do Mour\u00e3o, o epis\u00f3dio contou com a participa\u00e7\u00e3o de Marcos Lima, pecuarista e morador da cidade de Luc\u00e9lia. A conversa teve como tema central o <em data-start=\"591\" data-end=\"613\">Pecuarista do Futuro<\/em>.<img loading=\"lazy\" decoding=\"async\" class=\"aligncenter size-medium wp-image-100449\" src=\"https:\/\/static.radiolifefm.com.br\/noticias\/wp-content\/uploads\/2025\/04\/Marca-dagua-PROSA-DO-CAMPO-9-300x300.jpg\" alt=\"\" width=\"300\" height=\"300\" srcset=\"https:\/\/radiolifefm.com.br\/noticias\/wp-content\/uploads\/2025\/04\/Marca-dagua-PROSA-DO-CAMPO-9-300x300.jpg 300w, https:\/\/radiolifefm.com.br\/noticias\/wp-content\/uploads\/2025\/04\/Marca-dagua-PROSA-DO-CAMPO-9-1024x1024.jpg 1024w, https:\/\/radiolifefm.com.br\/noticias\/wp-content\/uploads\/2025\/04\/Marca-dagua-PROSA-DO-CAMPO-9-150x150.jpg 150w, https:\/\/radiolifefm.com.br\/noticias\/wp-content\/uploads\/2025\/04\/Marca-dagua-PROSA-DO-CAMPO-9-768x768.jpg 768w, https:\/\/radiolifefm.com.br\/noticias\/wp-content\/uploads\/2025\/04\/Marca-dagua-PROSA-DO-CAMPO-9-200x200.jpg 200w, https:\/\/radiolifefm.com.br\/noticias\/wp-content\/uploads\/2025\/04\/Marca-dagua-PROSA-DO-CAMPO-9-250x250.jpg 250w, https:\/\/radiolifefm.com.br\/noticias\/wp-content\/uploads\/2025\/04\/Marca-dagua-PROSA-DO-CAMPO-9-500x500.jpg 500w, https:\/\/radiolifefm.com.br\/noticias\/wp-content\/uploads\/2025\/04\/Marca-dagua-PROSA-DO-CAMPO-9-700x700.jpg 700w, https:\/\/radiolifefm.com.br\/noticias\/wp-content\/uploads\/2025\/04\/Marca-dagua-PROSA-DO-CAMPO-9.jpg 1080w\" sizes=\"auto, (max-width: 300px) 100vw, 300px\" \/><\/p>\n<p class=\"\" data-start=\"616\" data-end=\"884\">Durante o bate-papo, Marcos compartilhou hist\u00f3rias de sua fam\u00edlia e os desafios enfrentados ao longo de sua trajet\u00f3ria no agroneg\u00f3cio. Ele destacou a import\u00e2ncia da valoriza\u00e7\u00e3o da pecu\u00e1ria, trazendo reflex\u00f5es que impulsionam tanto o micro quanto o macroprodutor rural.<\/p>\n<div class='flex flex-wrap items-center -mx-1'>\r\n<a class='thumbnail gallery p-1 w-1\/2 md:w-1\/4' href='https:\/\/radiolifefm.com.br\/noticias\/wp-content\/uploads\/2025\/04\/Marca-dagua-PROSA-DO-CAMPO-11.jpg'><img class='border border-white' src='https:\/\/radiolifefm.com.br\/noticias\/wp-content\/uploads\/2025\/04\/Marca-dagua-PROSA-DO-CAMPO-11-200x200.jpg' alt='Marca D'agua PROSA DO CAMPO (11)' \/><\/a><a class='thumbnail gallery p-1 w-1\/2 md:w-1\/4' href='https:\/\/radiolifefm.com.br\/noticias\/wp-content\/uploads\/2025\/04\/Marca-dagua-PROSA-DO-CAMPO-10.jpg'><img class='border border-white' src='https:\/\/radiolifefm.com.br\/noticias\/wp-content\/uploads\/2025\/04\/Marca-dagua-PROSA-DO-CAMPO-10-200x200.jpg' alt='Marca D'agua PROSA DO CAMPO (10)' \/><\/a><a class='thumbnail gallery p-1 w-1\/2 md:w-1\/4' href='https:\/\/radiolifefm.com.br\/noticias\/wp-content\/uploads\/2025\/04\/Marca-dagua-PROSA-DO-CAMPO-12.jpg'><img class='border border-white' src='https:\/\/radiolifefm.com.br\/noticias\/wp-content\/uploads\/2025\/04\/Marca-dagua-PROSA-DO-CAMPO-12-200x200.jpg' alt='Marca D'agua PROSA DO CAMPO (12)' \/><\/a><\/div>\n<p class=\"\" data-start=\"886\" data-end=\"939\">Acesse o link abaixo e confira a entrevista completa.<\/p>\n<p><a href=\"https:\/\/www.youtube.com\/watch?v=7vh1IjEXiZg\">https:\/\/www.youtube.com\/watch?v=7vh1IjEXiZg<\/a><\/p>\n","protected":false},"excerpt":{"rendered":"<p>Foi ao ar na noite da \u00faltima segunda-feira (28 de abril), na Life FM, mais uma edi\u00e7\u00e3o do podcast Prosa do Campo \u2014 o \u00fanico da regi\u00e3o voltado ao homem do campo, com tem\u00e1ticas e convidados com ampla experi\u00eancia no meio rural. Apresentado semanalmente pelo pecuarista e investidor Cristiano Do Mour\u00e3o, o epis\u00f3dio contou com [&hellip;]<\/p>\n","protected":false},"author":8,"featured_media":100451,"comment_status":"closed","ping_status":"open","sticky":false,"template":"","format":"standard","meta":{"_acf_changed":false,"_exactmetrics_skip_tracking":false,"_exactmetrics_sitenote_active":false,"_exactmetrics_sitenote_note":"","_exactmetrics_sitenote_category":0,"footnotes":""},"categories":[191],"tags":[],"class_list":["post-100445","post","type-post","status-publish","format-standard","has-post-thumbnail","hentry","category-prosa-do-campo"],"acf":[],"yoast_head":"<!-- This site is optimized with the Yoast SEO plugin v27.2 - https:\/\/yoast.com\/product\/yoast-seo-wordpress\/ -->\n<title>Saiba como ser\u00e1 o pecuarista do futuro com Marcos Lima no Prosa do Campo - R\u00e1dio Life FM<\/title>\n<meta name=\"robots\" content=\"index, follow, max-snippet:-1, max-image-preview:large, max-video-preview:-1\" \/>\n<link rel=\"canonical\" href=\"https:\/\/radiolifefm.com.br\/noticias\/saiba-como-sera-o-pecuarista-do-futuro-com-marcos-lima-no-prosa-do-campo\/\" \/>\n<meta property=\"og:locale\" content=\"pt_BR\" \/>\n<meta property=\"og:type\" content=\"article\" \/>\n<meta property=\"og:title\" content=\"Saiba como ser\u00e1 o pecuarista do futuro com Marcos Lima no Prosa do Campo - R\u00e1dio Life FM\" \/>\n<meta property=\"og:description\" content=\"Foi ao ar na noite da \u00faltima segunda-feira (28 de abril), na Life FM, mais uma edi\u00e7\u00e3o do podcast Prosa do Campo \u2014 o \u00fanico da regi\u00e3o voltado ao homem do campo, com tem\u00e1ticas e convidados com ampla experi\u00eancia no meio rural. Apresentado semanalmente pelo pecuarista e investidor Cristiano Do Mour\u00e3o, o epis\u00f3dio contou com [&hellip;]\" \/>\n<meta property=\"og:url\" content=\"https:\/\/radiolifefm.com.br\/noticias\/saiba-como-sera-o-pecuarista-do-futuro-com-marcos-lima-no-prosa-do-campo\/\" \/>\n<meta property=\"og:site_name\" content=\"R\u00e1dio Life FM\" \/>\n<meta property=\"article:publisher\" content=\"https:\/\/www.facebook.com\/radiolifefm\/\" \/>\n<meta property=\"article:published_time\" content=\"2025-04-30T13:34:24+00:00\" \/>\n<meta property=\"article:modified_time\" content=\"2026-04-15T09:29:10+00:00\" \/>\n<meta property=\"og:image\" content=\"https:\/\/radiolifefm.com.br\/noticias\/wp-content\/uploads\/2025\/04\/Marca-dagua-PROSA-DO-CAMPO-7-1-e1746019752100.jpg\" \/>\n\t<meta property=\"og:image:width\" content=\"1080\" \/>\n\t<meta property=\"og:image:height\" content=\"707\" \/>\n\t<meta property=\"og:image:type\" content=\"image\/jpeg\" \/>\n<meta name=\"author\" content=\"joaograndao\" \/>\n<meta name=\"twitter:card\" content=\"summary_large_image\" \/>\n<meta name=\"twitter:label1\" content=\"Escrito por\" \/>\n\t<meta name=\"twitter:data1\" content=\"joaograndao\" \/>\n\t<meta name=\"twitter:label2\" content=\"Est. tempo de leitura\" \/>\n\t<meta name=\"twitter:data2\" content=\"2 minutos\" \/>\n<script type=\"application\/ld+json\" class=\"yoast-schema-graph\">{\"@context\":\"https:\/\/schema.org\",\"@graph\":[{\"@type\":\"Article\",\"@id\":\"https:\/\/radiolifefm.com.br\/noticias\/saiba-como-sera-o-pecuarista-do-futuro-com-marcos-lima-no-prosa-do-campo\/#article\",\"isPartOf\":{\"@id\":\"https:\/\/radiolifefm.com.br\/noticias\/saiba-como-sera-o-pecuarista-do-futuro-com-marcos-lima-no-prosa-do-campo\/\"},\"author\":{\"name\":\"joaograndao\",\"@id\":\"https:\/\/radiolifefm.com.br\/noticias\/#\/schema\/person\/6876e1240feffe6e1b63fd5cb85abf28\"},\"headline\":\"Saiba como ser\u00e1 o pecuarista do futuro com Marcos Lima no Prosa do Campo\",\"datePublished\":\"2025-04-30T13:34:24+00:00\",\"dateModified\":\"2026-04-15T09:29:10+00:00\",\"mainEntityOfPage\":{\"@id\":\"https:\/\/radiolifefm.com.br\/noticias\/saiba-como-sera-o-pecuarista-do-futuro-com-marcos-lima-no-prosa-do-campo\/\"},\"wordCount\":163,\"publisher\":{\"@id\":\"https:\/\/radiolifefm.com.br\/noticias\/#organization\"},\"image\":{\"@id\":\"https:\/\/radiolifefm.com.br\/noticias\/saiba-como-sera-o-pecuarista-do-futuro-com-marcos-lima-no-prosa-do-campo\/#primaryimage\"},\"thumbnailUrl\":\"https:\/\/radiolifefm.com.br\/noticias\/wp-content\/uploads\/2025\/04\/Marca-dagua-PROSA-DO-CAMPO-7-1-e1746019752100.jpg\",\"articleSection\":[\"Prosa do Campo\"],\"inLanguage\":\"pt-BR\"},{\"@type\":\"WebPage\",\"@id\":\"https:\/\/radiolifefm.com.br\/noticias\/saiba-como-sera-o-pecuarista-do-futuro-com-marcos-lima-no-prosa-do-campo\/\",\"url\":\"https:\/\/radiolifefm.com.br\/noticias\/saiba-como-sera-o-pecuarista-do-futuro-com-marcos-lima-no-prosa-do-campo\/\",\"name\":\"Saiba como ser\u00e1 o pecuarista do futuro com Marcos Lima no Prosa do Campo - R\u00e1dio Life FM\",\"isPartOf\":{\"@id\":\"https:\/\/radiolifefm.com.br\/noticias\/#website\"},\"primaryImageOfPage\":{\"@id\":\"https:\/\/radiolifefm.com.br\/noticias\/saiba-como-sera-o-pecuarista-do-futuro-com-marcos-lima-no-prosa-do-campo\/#primaryimage\"},\"image\":{\"@id\":\"https:\/\/radiolifefm.com.br\/noticias\/saiba-como-sera-o-pecuarista-do-futuro-com-marcos-lima-no-prosa-do-campo\/#primaryimage\"},\"thumbnailUrl\":\"https:\/\/radiolifefm.com.br\/noticias\/wp-content\/uploads\/2025\/04\/Marca-dagua-PROSA-DO-CAMPO-7-1-e1746019752100.jpg\",\"datePublished\":\"2025-04-30T13:34:24+00:00\",\"dateModified\":\"2026-04-15T09:29:10+00:00\",\"breadcrumb\":{\"@id\":\"https:\/\/radiolifefm.com.br\/noticias\/saiba-como-sera-o-pecuarista-do-futuro-com-marcos-lima-no-prosa-do-campo\/#breadcrumb\"},\"inLanguage\":\"pt-BR\",\"potentialAction\":[{\"@type\":\"ReadAction\",\"target\":[\"https:\/\/radiolifefm.com.br\/noticias\/saiba-como-sera-o-pecuarista-do-futuro-com-marcos-lima-no-prosa-do-campo\/\"]}]},{\"@type\":\"ImageObject\",\"inLanguage\":\"pt-BR\",\"@id\":\"https:\/\/radiolifefm.com.br\/noticias\/saiba-como-sera-o-pecuarista-do-futuro-com-marcos-lima-no-prosa-do-campo\/#primaryimage\",\"url\":\"https:\/\/radiolifefm.com.br\/noticias\/wp-content\/uploads\/2025\/04\/Marca-dagua-PROSA-DO-CAMPO-7-1-e1746019752100.jpg\",\"contentUrl\":\"https:\/\/radiolifefm.com.br\/noticias\/wp-content\/uploads\/2025\/04\/Marca-dagua-PROSA-DO-CAMPO-7-1-e1746019752100.jpg\",\"width\":1080,\"height\":707},{\"@type\":\"BreadcrumbList\",\"@id\":\"https:\/\/radiolifefm.com.br\/noticias\/saiba-como-sera-o-pecuarista-do-futuro-com-marcos-lima-no-prosa-do-campo\/#breadcrumb\",\"itemListElement\":[{\"@type\":\"ListItem\",\"position\":1,\"name\":\"In\u00edcio\",\"item\":\"https:\/\/radiolifefm.com.br\/noticias\/\"},{\"@type\":\"ListItem\",\"position\":2,\"name\":\"Saiba como ser\u00e1 o pecuarista do futuro com Marcos Lima no Prosa do Campo\"}]},{\"@type\":\"WebSite\",\"@id\":\"https:\/\/radiolifefm.com.br\/noticias\/#website\",\"url\":\"https:\/\/radiolifefm.com.br\/noticias\/\",\"name\":\"R\u00e1dio Life FM\",\"description\":\"O Portal de Not\u00edcias de Adamantina\",\"publisher\":{\"@id\":\"https:\/\/radiolifefm.com.br\/noticias\/#organization\"},\"alternateName\":\"Life FM\",\"potentialAction\":[{\"@type\":\"SearchAction\",\"target\":{\"@type\":\"EntryPoint\",\"urlTemplate\":\"https:\/\/radiolifefm.com.br\/noticias\/?s={search_term_string}\"},\"query-input\":{\"@type\":\"PropertyValueSpecification\",\"valueRequired\":true,\"valueName\":\"search_term_string\"}}],\"inLanguage\":\"pt-BR\"},{\"@type\":\"Organization\",\"@id\":\"https:\/\/radiolifefm.com.br\/noticias\/#organization\",\"name\":\"R\u00e1dio Life FM\",\"alternateName\":\"Life FM\",\"url\":\"https:\/\/radiolifefm.com.br\/noticias\/\",\"logo\":{\"@type\":\"ImageObject\",\"inLanguage\":\"pt-BR\",\"@id\":\"https:\/\/radiolifefm.com.br\/noticias\/#\/schema\/logo\/image\/\",\"url\":\"https:\/\/static.radiolifefm.com.br\/noticias\/wp-content\/uploads\/2019\/10\/logo-lifefm.png\",\"contentUrl\":\"https:\/\/static.radiolifefm.com.br\/noticias\/wp-content\/uploads\/2019\/10\/logo-lifefm.png\",\"width\":196,\"height\":47,\"caption\":\"R\u00e1dio Life FM\"},\"image\":{\"@id\":\"https:\/\/radiolifefm.com.br\/noticias\/#\/schema\/logo\/image\/\"},\"sameAs\":[\"https:\/\/www.facebook.com\/radiolifefm\/\",\"https:\/\/www.instagram.com\/life1079fm\/\"]},{\"@type\":\"Person\",\"@id\":\"https:\/\/radiolifefm.com.br\/noticias\/#\/schema\/person\/6876e1240feffe6e1b63fd5cb85abf28\",\"name\":\"joaograndao\",\"image\":{\"@type\":\"ImageObject\",\"inLanguage\":\"pt-BR\",\"@id\":\"https:\/\/secure.gravatar.com\/avatar\/d5b1a3cf357ed9c50404e256a1294083aa8ab5d2a994001567302786016cb32c?s=96&d=mm&r=g\",\"url\":\"https:\/\/secure.gravatar.com\/avatar\/d5b1a3cf357ed9c50404e256a1294083aa8ab5d2a994001567302786016cb32c?s=96&d=mm&r=g\",\"contentUrl\":\"https:\/\/secure.gravatar.com\/avatar\/d5b1a3cf357ed9c50404e256a1294083aa8ab5d2a994001567302786016cb32c?s=96&d=mm&r=g\",\"caption\":\"joaograndao\"}}]}<\/script>\n<!-- \/ Yoast SEO plugin. -->","yoast_head_json":{"title":"Saiba como ser\u00e1 o pecuarista do futuro com Marcos Lima no Prosa do Campo - R\u00e1dio Life FM","robots":{"index":"index","follow":"follow","max-snippet":"max-snippet:-1","max-image-preview":"max-image-preview:large","max-video-preview":"max-video-preview:-1"},"canonical":"https:\/\/radiolifefm.com.br\/noticias\/saiba-como-sera-o-pecuarista-do-futuro-com-marcos-lima-no-prosa-do-campo\/","og_locale":"pt_BR","og_type":"article","og_title":"Saiba como ser\u00e1 o pecuarista do futuro com Marcos Lima no Prosa do Campo - R\u00e1dio Life FM","og_description":"Foi ao ar na noite da \u00faltima segunda-feira (28 de abril), na Life FM, mais uma edi\u00e7\u00e3o do podcast Prosa do Campo \u2014 o \u00fanico da regi\u00e3o voltado ao homem do campo, com tem\u00e1ticas e convidados com ampla experi\u00eancia no meio rural. Apresentado semanalmente pelo pecuarista e investidor Cristiano Do Mour\u00e3o, o epis\u00f3dio contou com [&hellip;]","og_url":"https:\/\/radiolifefm.com.br\/noticias\/saiba-como-sera-o-pecuarista-do-futuro-com-marcos-lima-no-prosa-do-campo\/","og_site_name":"R\u00e1dio Life FM","article_publisher":"https:\/\/www.facebook.com\/radiolifefm\/","article_published_time":"2025-04-30T13:34:24+00:00","article_modified_time":"2026-04-15T09:29:10+00:00","og_image":[{"width":1080,"height":707,"url":"https:\/\/radiolifefm.com.br\/noticias\/wp-content\/uploads\/2025\/04\/Marca-dagua-PROSA-DO-CAMPO-7-1-e1746019752100.jpg","type":"image\/jpeg"}],"author":"joaograndao","twitter_card":"summary_large_image","twitter_misc":{"Escrito por":"joaograndao","Est. tempo de leitura":"2 minutos"},"schema":{"@context":"https:\/\/schema.org","@graph":[{"@type":"Article","@id":"https:\/\/radiolifefm.com.br\/noticias\/saiba-como-sera-o-pecuarista-do-futuro-com-marcos-lima-no-prosa-do-campo\/#article","isPartOf":{"@id":"https:\/\/radiolifefm.com.br\/noticias\/saiba-como-sera-o-pecuarista-do-futuro-com-marcos-lima-no-prosa-do-campo\/"},"author":{"name":"joaograndao","@id":"https:\/\/radiolifefm.com.br\/noticias\/#\/schema\/person\/6876e1240feffe6e1b63fd5cb85abf28"},"headline":"Saiba como ser\u00e1 o pecuarista do futuro com Marcos Lima no Prosa do Campo","datePublished":"2025-04-30T13:34:24+00:00","dateModified":"2026-04-15T09:29:10+00:00","mainEntityOfPage":{"@id":"https:\/\/radiolifefm.com.br\/noticias\/saiba-como-sera-o-pecuarista-do-futuro-com-marcos-lima-no-prosa-do-campo\/"},"wordCount":163,"publisher":{"@id":"https:\/\/radiolifefm.com.br\/noticias\/#organization"},"image":{"@id":"https:\/\/radiolifefm.com.br\/noticias\/saiba-como-sera-o-pecuarista-do-futuro-com-marcos-lima-no-prosa-do-campo\/#primaryimage"},"thumbnailUrl":"https:\/\/radiolifefm.com.br\/noticias\/wp-content\/uploads\/2025\/04\/Marca-dagua-PROSA-DO-CAMPO-7-1-e1746019752100.jpg","articleSection":["Prosa do Campo"],"inLanguage":"pt-BR"},{"@type":"WebPage","@id":"https:\/\/radiolifefm.com.br\/noticias\/saiba-como-sera-o-pecuarista-do-futuro-com-marcos-lima-no-prosa-do-campo\/","url":"https:\/\/radiolifefm.com.br\/noticias\/saiba-como-sera-o-pecuarista-do-futuro-com-marcos-lima-no-prosa-do-campo\/","name":"Saiba como ser\u00e1 o pecuarista do futuro com Marcos Lima no Prosa do Campo - R\u00e1dio Life FM","isPartOf":{"@id":"https:\/\/radiolifefm.com.br\/noticias\/#website"},"primaryImageOfPage":{"@id":"https:\/\/radiolifefm.com.br\/noticias\/saiba-como-sera-o-pecuarista-do-futuro-com-marcos-lima-no-prosa-do-campo\/#primaryimage"},"image":{"@id":"https:\/\/radiolifefm.com.br\/noticias\/saiba-como-sera-o-pecuarista-do-futuro-com-marcos-lima-no-prosa-do-campo\/#primaryimage"},"thumbnailUrl":"https:\/\/radiolifefm.com.br\/noticias\/wp-content\/uploads\/2025\/04\/Marca-dagua-PROSA-DO-CAMPO-7-1-e1746019752100.jpg","datePublished":"2025-04-30T13:34:24+00:00","dateModified":"2026-04-15T09:29:10+00:00","breadcrumb":{"@id":"https:\/\/radiolifefm.com.br\/noticias\/saiba-como-sera-o-pecuarista-do-futuro-com-marcos-lima-no-prosa-do-campo\/#breadcrumb"},"inLanguage":"pt-BR","potentialAction":[{"@type":"ReadAction","target":["https:\/\/radiolifefm.com.br\/noticias\/saiba-como-sera-o-pecuarista-do-futuro-com-marcos-lima-no-prosa-do-campo\/"]}]},{"@type":"ImageObject","inLanguage":"pt-BR","@id":"https:\/\/radiolifefm.com.br\/noticias\/saiba-como-sera-o-pecuarista-do-futuro-com-marcos-lima-no-prosa-do-campo\/#primaryimage","url":"https:\/\/radiolifefm.com.br\/noticias\/wp-content\/uploads\/2025\/04\/Marca-dagua-PROSA-DO-CAMPO-7-1-e1746019752100.jpg","contentUrl":"https:\/\/radiolifefm.com.br\/noticias\/wp-content\/uploads\/2025\/04\/Marca-dagua-PROSA-DO-CAMPO-7-1-e1746019752100.jpg","width":1080,"height":707},{"@type":"BreadcrumbList","@id":"https:\/\/radiolifefm.com.br\/noticias\/saiba-como-sera-o-pecuarista-do-futuro-com-marcos-lima-no-prosa-do-campo\/#breadcrumb","itemListElement":[{"@type":"ListItem","position":1,"name":"In\u00edcio","item":"https:\/\/radiolifefm.com.br\/noticias\/"},{"@type":"ListItem","position":2,"name":"Saiba como ser\u00e1 o pecuarista do futuro com Marcos Lima no Prosa do Campo"}]},{"@type":"WebSite","@id":"https:\/\/radiolifefm.com.br\/noticias\/#website","url":"https:\/\/radiolifefm.com.br\/noticias\/","name":"R\u00e1dio Life FM","description":"O Portal de Not\u00edcias de Adamantina","publisher":{"@id":"https:\/\/radiolifefm.com.br\/noticias\/#organization"},"alternateName":"Life FM","potentialAction":[{"@type":"SearchAction","target":{"@type":"EntryPoint","urlTemplate":"https:\/\/radiolifefm.com.br\/noticias\/?s={search_term_string}"},"query-input":{"@type":"PropertyValueSpecification","valueRequired":true,"valueName":"search_term_string"}}],"inLanguage":"pt-BR"},{"@type":"Organization","@id":"https:\/\/radiolifefm.com.br\/noticias\/#organization","name":"R\u00e1dio Life FM","alternateName":"Life FM","url":"https:\/\/radiolifefm.com.br\/noticias\/","logo":{"@type":"ImageObject","inLanguage":"pt-BR","@id":"https:\/\/radiolifefm.com.br\/noticias\/#\/schema\/logo\/image\/","url":"https:\/\/static.radiolifefm.com.br\/noticias\/wp-content\/uploads\/2019\/10\/logo-lifefm.png","contentUrl":"https:\/\/static.radiolifefm.com.br\/noticias\/wp-content\/uploads\/2019\/10\/logo-lifefm.png","width":196,"height":47,"caption":"R\u00e1dio Life FM"},"image":{"@id":"https:\/\/radiolifefm.com.br\/noticias\/#\/schema\/logo\/image\/"},"sameAs":["https:\/\/www.facebook.com\/radiolifefm\/","https:\/\/www.instagram.com\/life1079fm\/"]},{"@type":"Person","@id":"https:\/\/radiolifefm.com.br\/noticias\/#\/schema\/person\/6876e1240feffe6e1b63fd5cb85abf28","name":"joaograndao","image":{"@type":"ImageObject","inLanguage":"pt-BR","@id":"https:\/\/secure.gravatar.com\/avatar\/d5b1a3cf357ed9c50404e256a1294083aa8ab5d2a994001567302786016cb32c?s=96&d=mm&r=g","url":"https:\/\/secure.gravatar.com\/avatar\/d5b1a3cf357ed9c50404e256a1294083aa8ab5d2a994001567302786016cb32c?s=96&d=mm&r=g","contentUrl":"https:\/\/secure.gravatar.com\/avatar\/d5b1a3cf357ed9c50404e256a1294083aa8ab5d2a994001567302786016cb32c?s=96&d=mm&r=g","caption":"joaograndao"}}]}},"amp_enabled":true,"_links":{"self":[{"href":"https:\/\/radiolifefm.com.br\/noticias\/wp-json\/wp\/v2\/posts\/100445","targetHints":{"allow":["GET"]}}],"collection":[{"href":"https:\/\/radiolifefm.com.br\/noticias\/wp-json\/wp\/v2\/posts"}],"about":[{"href":"https:\/\/radiolifefm.com.br\/noticias\/wp-json\/wp\/v2\/types\/post"}],"author":[{"embeddable":true,"href":"https:\/\/radiolifefm.com.br\/noticias\/wp-json\/wp\/v2\/users\/8"}],"replies":[{"embeddable":true,"href":"https:\/\/radiolifefm.com.br\/noticias\/wp-json\/wp\/v2\/comments?post=100445"}],"version-history":[{"count":1,"href":"https:\/\/radiolifefm.com.br\/noticias\/wp-json\/wp\/v2\/posts\/100445\/revisions"}],"predecessor-version":[{"id":100452,"href":"https:\/\/radiolifefm.com.br\/noticias\/wp-json\/wp\/v2\/posts\/100445\/revisions\/100452"}],"wp:featuredmedia":[{"embeddable":true,"href":"https:\/\/radiolifefm.com.br\/noticias\/wp-json\/wp\/v2\/media\/100451"}],"wp:attachment":[{"href":"https:\/\/radiolifefm.com.br\/noticias\/wp-json\/wp\/v2\/media?parent=100445"}],"wp:term":[{"taxonomy":"category","embeddable":true,"href":"https:\/\/radiolifefm.com.br\/noticias\/wp-json\/wp\/v2\/categories?post=100445"},{"taxonomy":"post_tag","embeddable":true,"href":"https:\/\/radiolifefm.com.br\/noticias\/wp-json\/wp\/v2\/tags?post=100445"}],"curies":[{"name":"wp","href":"https:\/\/api.w.org\/{rel}","templated":true}]}}