{"id":100439,"date":"2025-04-30T09:32:29","date_gmt":"2025-04-30T12:32:29","guid":{"rendered":"https:\/\/radiolifefm.com.br\/noticias\/?p=100439"},"modified":"2026-04-07T21:36:07","modified_gmt":"2026-04-08T00:36:07","slug":"governo-de-sp-anuncia-regulamentacao-inedita-que-permite-aos-produtores-rurais-usarem-faixas-de-dominio-de-rodovias-para-plantio","status":"publish","type":"post","link":"https:\/\/radiolifefm.com.br\/noticias\/governo-de-sp-anuncia-regulamentacao-inedita-que-permite-aos-produtores-rurais-usarem-faixas-de-dominio-de-rodovias-para-plantio\/","title":{"rendered":"Governo de SP anuncia regulamenta\u00e7\u00e3o in\u00e9dita que permite aos produtores rurais usarem faixas de dom\u00ednio de rodovias para plantio"},"content":{"rendered":"<div id=\"fb-root\"><\/div>\n<p>O governador de S\u00e3o Paulo, Tarc\u00edsio de Freitas, anunciou nesta ter\u00e7a-feira (29), durante visita \u00e0 30\u00aa edi\u00e7\u00e3o da Agrishow, em Ribeir\u00e3o Preto, a regulamenta\u00e7\u00e3o do plantio de culturas de ciclo curto \u2014 como milho, cana-de-a\u00e7\u00facar e soja \u2014 nas chamadas faixas de dom\u00ednio das rodovias sob jurisdi\u00e7\u00e3o do Departamento de Estradas de Rodagem (DER-SP), vinculado \u00e0 Secretaria de Meio Ambiente, Infraestrutura e Log\u00edstica (Semil).<\/p>\n<p>A iniciativa permitir\u00e1 que produtores rurais que possuem propriedade nas \u00e1reas lindeiras \u00e0s rodovias estaduais possam solicitar ao DER-SP a amplia\u00e7\u00e3o de suas \u00e1reas de cultivo, incorporando parte das faixas de dom\u00ednio \u2014 que t\u00eam, em m\u00e9dia, 25 metros de largura para cada lado da pista, conforme o trecho, medidos a partir do eixo central da via.<\/p>\n<p>\u201cTivemos uma s\u00e9rie de an\u00fancios importantes em v\u00e1rias frentes de trabalho. \u00c9 uma agenda extremamente importante, que nos deixa muito satisfeitos e \u00e9 a nossa forma de homenagear esse agroneg\u00f3cio que \u00e9 pujante e que faz a diferen\u00e7a no nosso Brasil\u201d, afirmou o governador Tarc\u00edsio de Freitas<\/p>\n<p>A secret\u00e1ria da Semil, Natalia Resende, ressaltou que a medida representa um avan\u00e7o significativo no planejamento estrat\u00e9gico do uso do solo. \u201cEssa regulamenta\u00e7\u00e3o traz um importante avan\u00e7o ao integrar seguran\u00e7a vi\u00e1ria, preserva\u00e7\u00e3o ambiental e expans\u00e3o da produ\u00e7\u00e3o agr\u00edcola. Ao transformar \u00e1reas ociosas em \u00e1reas produtivas, o Governo de S\u00e3o Paulo contribui para a sustentabilidade do setor rural e para a seguran\u00e7a nas rodovias, estabelecendo um modelo inovador para o uso do solo\u201d, apontou.<\/p>\n<p>\u201cPara os agricultores, a iniciativa representa uma oportunidade de expandir a produ\u00e7\u00e3o com baixo custo de acesso, desde que atendidas as exig\u00eancias t\u00e9cnicas e de seguran\u00e7a. A proposta tamb\u00e9m contribui para a conserva\u00e7\u00e3o paisag\u00edstica, al\u00e9m da important\u00edssima preven\u00e7\u00e3o de inc\u00eandios\u201d, destacou Sergio Codelo, presidente do DER-SP.<\/p>\n<p>O objetivo do Governo de SP com a iniciativa \u00e9 refor\u00e7ar a seguran\u00e7a no entorno das rodovias, j\u00e1 que as \u00e1reas cultivadas funcionam na pr\u00e1tica como uma esp\u00e9cie de aceiros, como s\u00e3o chamadas as \u00e1reas onde a vegeta\u00e7\u00e3o \u00e9 mantida sob controle, no entorno das rodovias, para evitar a propaga\u00e7\u00e3o de eventuais focos de inc\u00eandio.<br \/>\nSegundo a portaria do DER-SP, os produtores dever\u00e3o submeter um pedido formal ao Departamento para cultivar nas faixas. A autoriza\u00e7\u00e3o ser\u00e1 concedida mediante an\u00e1lise t\u00e9cnica e cumprimento das regras estabelecidas.<\/p>\n<p>Ap\u00f3s a autoriza\u00e7\u00e3o, o produtor rural dever\u00e1 arcar com uma tarifa de cerca de R$ 1,8 mil, al\u00e9m de uma remunera\u00e7\u00e3o anual proporcional \u00e0 \u00e1rea cultivada, uma vez que o estado n\u00e3o pode simplesmente ceder o uso sem estabelecer contrapartida. O uso n\u00e3o gerar\u00e1 a posse desta faixa, nem qualquer direito real sobre o trecho incorporado \u00e0 produ\u00e7\u00e3o, podendo ser revogado a qualquer momento, em caso de descumprimento das normas ou necessidade de interven\u00e7\u00f5es p\u00fablicas.<\/p>\n<p>&nbsp;<\/p>\n<p>&nbsp;<\/p>\n<p>Fonte: Ag\u00eancia SP<\/p>\n","protected":false},"excerpt":{"rendered":"<p>O governador de S\u00e3o Paulo, Tarc\u00edsio de Freitas, anunciou nesta ter\u00e7a-feira (29), durante visita \u00e0 30\u00aa edi\u00e7\u00e3o da Agrishow, em Ribeir\u00e3o Preto, a regulamenta\u00e7\u00e3o do plantio de culturas de ciclo curto \u2014 como milho, cana-de-a\u00e7\u00facar e soja \u2014 nas chamadas faixas de dom\u00ednio das rodovias sob jurisdi\u00e7\u00e3o do Departamento de Estradas de Rodagem (DER-SP), vinculado [&hellip;]<\/p>\n","protected":false},"author":13,"featured_media":100440,"comment_status":"closed","ping_status":"open","sticky":false,"template":"","format":"standard","meta":{"_acf_changed":false,"_exactmetrics_skip_tracking":false,"_exactmetrics_sitenote_active":false,"_exactmetrics_sitenote_note":"","_exactmetrics_sitenote_category":0,"footnotes":""},"categories":[1],"tags":[],"class_list":["post-100439","post","type-post","status-publish","format-standard","has-post-thumbnail","hentry","category-geral"],"acf":[],"yoast_head":"<!-- This site is optimized with the Yoast SEO plugin v27.2 - https:\/\/yoast.com\/product\/yoast-seo-wordpress\/ -->\n<title>Governo de SP anuncia regulamenta\u00e7\u00e3o in\u00e9dita que permite aos produtores rurais usarem faixas de dom\u00ednio de rodovias para plantio - R\u00e1dio Life FM<\/title>\n<meta name=\"robots\" content=\"index, follow, max-snippet:-1, max-image-preview:large, max-video-preview:-1\" \/>\n<link rel=\"canonical\" href=\"https:\/\/radiolifefm.com.br\/noticias\/governo-de-sp-anuncia-regulamentacao-inedita-que-permite-aos-produtores-rurais-usarem-faixas-de-dominio-de-rodovias-para-plantio\/\" \/>\n<meta property=\"og:locale\" content=\"pt_BR\" \/>\n<meta property=\"og:type\" content=\"article\" \/>\n<meta property=\"og:title\" content=\"Governo de SP anuncia regulamenta\u00e7\u00e3o in\u00e9dita que permite aos produtores rurais usarem faixas de dom\u00ednio de rodovias para plantio - R\u00e1dio Life FM\" \/>\n<meta property=\"og:description\" content=\"O governador de S\u00e3o Paulo, Tarc\u00edsio de Freitas, anunciou nesta ter\u00e7a-feira (29), durante visita \u00e0 30\u00aa edi\u00e7\u00e3o da Agrishow, em Ribeir\u00e3o Preto, a regulamenta\u00e7\u00e3o do plantio de culturas de ciclo curto \u2014 como milho, cana-de-a\u00e7\u00facar e soja \u2014 nas chamadas faixas de dom\u00ednio das rodovias sob jurisdi\u00e7\u00e3o do Departamento de Estradas de Rodagem (DER-SP), vinculado [&hellip;]\" \/>\n<meta property=\"og:url\" content=\"https:\/\/radiolifefm.com.br\/noticias\/governo-de-sp-anuncia-regulamentacao-inedita-que-permite-aos-produtores-rurais-usarem-faixas-de-dominio-de-rodovias-para-plantio\/\" \/>\n<meta property=\"og:site_name\" content=\"R\u00e1dio Life FM\" \/>\n<meta property=\"article:publisher\" content=\"https:\/\/www.facebook.com\/radiolifefm\/\" \/>\n<meta property=\"article:published_time\" content=\"2025-04-30T12:32:29+00:00\" \/>\n<meta property=\"article:modified_time\" content=\"2026-04-08T00:36:07+00:00\" \/>\n<meta property=\"og:image\" content=\"https:\/\/radiolifefm.com.br\/noticias\/wp-content\/uploads\/2025\/04\/Plantio-em-rodovias-1024x576-1.jpeg\" \/>\n\t<meta property=\"og:image:width\" content=\"1024\" \/>\n\t<meta property=\"og:image:height\" content=\"576\" \/>\n\t<meta property=\"og:image:type\" content=\"image\/jpeg\" \/>\n<meta name=\"author\" content=\"ritanery\" \/>\n<meta name=\"twitter:card\" content=\"summary_large_image\" \/>\n<meta name=\"twitter:label1\" content=\"Escrito por\" \/>\n\t<meta name=\"twitter:data1\" content=\"ritanery\" \/>\n\t<meta name=\"twitter:label2\" content=\"Est. tempo de leitura\" \/>\n\t<meta name=\"twitter:data2\" content=\"3 minutos\" \/>\n<script type=\"application\/ld+json\" class=\"yoast-schema-graph\">{\"@context\":\"https:\/\/schema.org\",\"@graph\":[{\"@type\":\"Article\",\"@id\":\"https:\/\/radiolifefm.com.br\/noticias\/governo-de-sp-anuncia-regulamentacao-inedita-que-permite-aos-produtores-rurais-usarem-faixas-de-dominio-de-rodovias-para-plantio\/#article\",\"isPartOf\":{\"@id\":\"https:\/\/radiolifefm.com.br\/noticias\/governo-de-sp-anuncia-regulamentacao-inedita-que-permite-aos-produtores-rurais-usarem-faixas-de-dominio-de-rodovias-para-plantio\/\"},\"author\":{\"name\":\"ritanery\",\"@id\":\"https:\/\/radiolifefm.com.br\/noticias\/#\/schema\/person\/6339b9fac59d12b071dec680d7375d87\"},\"headline\":\"Governo de SP anuncia regulamenta\u00e7\u00e3o in\u00e9dita que permite aos produtores rurais usarem faixas de dom\u00ednio de rodovias para plantio\",\"datePublished\":\"2025-04-30T12:32:29+00:00\",\"dateModified\":\"2026-04-08T00:36:07+00:00\",\"mainEntityOfPage\":{\"@id\":\"https:\/\/radiolifefm.com.br\/noticias\/governo-de-sp-anuncia-regulamentacao-inedita-que-permite-aos-produtores-rurais-usarem-faixas-de-dominio-de-rodovias-para-plantio\/\"},\"wordCount\":524,\"publisher\":{\"@id\":\"https:\/\/radiolifefm.com.br\/noticias\/#organization\"},\"image\":{\"@id\":\"https:\/\/radiolifefm.com.br\/noticias\/governo-de-sp-anuncia-regulamentacao-inedita-que-permite-aos-produtores-rurais-usarem-faixas-de-dominio-de-rodovias-para-plantio\/#primaryimage\"},\"thumbnailUrl\":\"https:\/\/radiolifefm.com.br\/noticias\/wp-content\/uploads\/2025\/04\/Plantio-em-rodovias-1024x576-1.jpeg\",\"articleSection\":[\"Geral\"],\"inLanguage\":\"pt-BR\"},{\"@type\":\"WebPage\",\"@id\":\"https:\/\/radiolifefm.com.br\/noticias\/governo-de-sp-anuncia-regulamentacao-inedita-que-permite-aos-produtores-rurais-usarem-faixas-de-dominio-de-rodovias-para-plantio\/\",\"url\":\"https:\/\/radiolifefm.com.br\/noticias\/governo-de-sp-anuncia-regulamentacao-inedita-que-permite-aos-produtores-rurais-usarem-faixas-de-dominio-de-rodovias-para-plantio\/\",\"name\":\"Governo de SP anuncia regulamenta\u00e7\u00e3o in\u00e9dita que permite aos produtores rurais usarem faixas de dom\u00ednio de rodovias para plantio - R\u00e1dio Life FM\",\"isPartOf\":{\"@id\":\"https:\/\/radiolifefm.com.br\/noticias\/#website\"},\"primaryImageOfPage\":{\"@id\":\"https:\/\/radiolifefm.com.br\/noticias\/governo-de-sp-anuncia-regulamentacao-inedita-que-permite-aos-produtores-rurais-usarem-faixas-de-dominio-de-rodovias-para-plantio\/#primaryimage\"},\"image\":{\"@id\":\"https:\/\/radiolifefm.com.br\/noticias\/governo-de-sp-anuncia-regulamentacao-inedita-que-permite-aos-produtores-rurais-usarem-faixas-de-dominio-de-rodovias-para-plantio\/#primaryimage\"},\"thumbnailUrl\":\"https:\/\/radiolifefm.com.br\/noticias\/wp-content\/uploads\/2025\/04\/Plantio-em-rodovias-1024x576-1.jpeg\",\"datePublished\":\"2025-04-30T12:32:29+00:00\",\"dateModified\":\"2026-04-08T00:36:07+00:00\",\"breadcrumb\":{\"@id\":\"https:\/\/radiolifefm.com.br\/noticias\/governo-de-sp-anuncia-regulamentacao-inedita-que-permite-aos-produtores-rurais-usarem-faixas-de-dominio-de-rodovias-para-plantio\/#breadcrumb\"},\"inLanguage\":\"pt-BR\",\"potentialAction\":[{\"@type\":\"ReadAction\",\"target\":[\"https:\/\/radiolifefm.com.br\/noticias\/governo-de-sp-anuncia-regulamentacao-inedita-que-permite-aos-produtores-rurais-usarem-faixas-de-dominio-de-rodovias-para-plantio\/\"]}]},{\"@type\":\"ImageObject\",\"inLanguage\":\"pt-BR\",\"@id\":\"https:\/\/radiolifefm.com.br\/noticias\/governo-de-sp-anuncia-regulamentacao-inedita-que-permite-aos-produtores-rurais-usarem-faixas-de-dominio-de-rodovias-para-plantio\/#primaryimage\",\"url\":\"https:\/\/radiolifefm.com.br\/noticias\/wp-content\/uploads\/2025\/04\/Plantio-em-rodovias-1024x576-1.jpeg\",\"contentUrl\":\"https:\/\/radiolifefm.com.br\/noticias\/wp-content\/uploads\/2025\/04\/Plantio-em-rodovias-1024x576-1.jpeg\",\"width\":1024,\"height\":576,\"caption\":\"S\u00e3o Paulo \u00e9 o primeiro estado a normatizar a pr\u00e1tica, com potencial de reduzir focos de inc\u00eandio e ampliar a \u00e1rea cultiv\u00e1vel a baixo custo\"},{\"@type\":\"BreadcrumbList\",\"@id\":\"https:\/\/radiolifefm.com.br\/noticias\/governo-de-sp-anuncia-regulamentacao-inedita-que-permite-aos-produtores-rurais-usarem-faixas-de-dominio-de-rodovias-para-plantio\/#breadcrumb\",\"itemListElement\":[{\"@type\":\"ListItem\",\"position\":1,\"name\":\"In\u00edcio\",\"item\":\"https:\/\/radiolifefm.com.br\/noticias\/\"},{\"@type\":\"ListItem\",\"position\":2,\"name\":\"Governo de SP anuncia regulamenta\u00e7\u00e3o in\u00e9dita que permite aos produtores rurais usarem faixas de dom\u00ednio de rodovias para plantio\"}]},{\"@type\":\"WebSite\",\"@id\":\"https:\/\/radiolifefm.com.br\/noticias\/#website\",\"url\":\"https:\/\/radiolifefm.com.br\/noticias\/\",\"name\":\"R\u00e1dio Life FM\",\"description\":\"O Portal de Not\u00edcias de Adamantina\",\"publisher\":{\"@id\":\"https:\/\/radiolifefm.com.br\/noticias\/#organization\"},\"alternateName\":\"Life FM\",\"potentialAction\":[{\"@type\":\"SearchAction\",\"target\":{\"@type\":\"EntryPoint\",\"urlTemplate\":\"https:\/\/radiolifefm.com.br\/noticias\/?s={search_term_string}\"},\"query-input\":{\"@type\":\"PropertyValueSpecification\",\"valueRequired\":true,\"valueName\":\"search_term_string\"}}],\"inLanguage\":\"pt-BR\"},{\"@type\":\"Organization\",\"@id\":\"https:\/\/radiolifefm.com.br\/noticias\/#organization\",\"name\":\"R\u00e1dio Life FM\",\"alternateName\":\"Life FM\",\"url\":\"https:\/\/radiolifefm.com.br\/noticias\/\",\"logo\":{\"@type\":\"ImageObject\",\"inLanguage\":\"pt-BR\",\"@id\":\"https:\/\/radiolifefm.com.br\/noticias\/#\/schema\/logo\/image\/\",\"url\":\"https:\/\/static.radiolifefm.com.br\/noticias\/wp-content\/uploads\/2019\/10\/logo-lifefm.png\",\"contentUrl\":\"https:\/\/static.radiolifefm.com.br\/noticias\/wp-content\/uploads\/2019\/10\/logo-lifefm.png\",\"width\":196,\"height\":47,\"caption\":\"R\u00e1dio Life FM\"},\"image\":{\"@id\":\"https:\/\/radiolifefm.com.br\/noticias\/#\/schema\/logo\/image\/\"},\"sameAs\":[\"https:\/\/www.facebook.com\/radiolifefm\/\",\"https:\/\/www.instagram.com\/life1079fm\/\"]},{\"@type\":\"Person\",\"@id\":\"https:\/\/radiolifefm.com.br\/noticias\/#\/schema\/person\/6339b9fac59d12b071dec680d7375d87\",\"name\":\"ritanery\",\"image\":{\"@type\":\"ImageObject\",\"inLanguage\":\"pt-BR\",\"@id\":\"https:\/\/secure.gravatar.com\/avatar\/0e37bb19071f47c0b8a23f62a903df117c5a0e75f65a0c2901562f97cd41cf86?s=96&d=mm&r=g\",\"url\":\"https:\/\/secure.gravatar.com\/avatar\/0e37bb19071f47c0b8a23f62a903df117c5a0e75f65a0c2901562f97cd41cf86?s=96&d=mm&r=g\",\"contentUrl\":\"https:\/\/secure.gravatar.com\/avatar\/0e37bb19071f47c0b8a23f62a903df117c5a0e75f65a0c2901562f97cd41cf86?s=96&d=mm&r=g\",\"caption\":\"ritanery\"}}]}<\/script>\n<!-- \/ Yoast SEO plugin. -->","yoast_head_json":{"title":"Governo de SP anuncia regulamenta\u00e7\u00e3o in\u00e9dita que permite aos produtores rurais usarem faixas de dom\u00ednio de rodovias para plantio - R\u00e1dio Life FM","robots":{"index":"index","follow":"follow","max-snippet":"max-snippet:-1","max-image-preview":"max-image-preview:large","max-video-preview":"max-video-preview:-1"},"canonical":"https:\/\/radiolifefm.com.br\/noticias\/governo-de-sp-anuncia-regulamentacao-inedita-que-permite-aos-produtores-rurais-usarem-faixas-de-dominio-de-rodovias-para-plantio\/","og_locale":"pt_BR","og_type":"article","og_title":"Governo de SP anuncia regulamenta\u00e7\u00e3o in\u00e9dita que permite aos produtores rurais usarem faixas de dom\u00ednio de rodovias para plantio - R\u00e1dio Life FM","og_description":"O governador de S\u00e3o Paulo, Tarc\u00edsio de Freitas, anunciou nesta ter\u00e7a-feira (29), durante visita \u00e0 30\u00aa edi\u00e7\u00e3o da Agrishow, em Ribeir\u00e3o Preto, a regulamenta\u00e7\u00e3o do plantio de culturas de ciclo curto \u2014 como milho, cana-de-a\u00e7\u00facar e soja \u2014 nas chamadas faixas de dom\u00ednio das rodovias sob jurisdi\u00e7\u00e3o do Departamento de Estradas de Rodagem (DER-SP), vinculado [&hellip;]","og_url":"https:\/\/radiolifefm.com.br\/noticias\/governo-de-sp-anuncia-regulamentacao-inedita-que-permite-aos-produtores-rurais-usarem-faixas-de-dominio-de-rodovias-para-plantio\/","og_site_name":"R\u00e1dio Life FM","article_publisher":"https:\/\/www.facebook.com\/radiolifefm\/","article_published_time":"2025-04-30T12:32:29+00:00","article_modified_time":"2026-04-08T00:36:07+00:00","og_image":[{"width":1024,"height":576,"url":"https:\/\/radiolifefm.com.br\/noticias\/wp-content\/uploads\/2025\/04\/Plantio-em-rodovias-1024x576-1.jpeg","type":"image\/jpeg"}],"author":"ritanery","twitter_card":"summary_large_image","twitter_misc":{"Escrito por":"ritanery","Est. tempo de leitura":"3 minutos"},"schema":{"@context":"https:\/\/schema.org","@graph":[{"@type":"Article","@id":"https:\/\/radiolifefm.com.br\/noticias\/governo-de-sp-anuncia-regulamentacao-inedita-que-permite-aos-produtores-rurais-usarem-faixas-de-dominio-de-rodovias-para-plantio\/#article","isPartOf":{"@id":"https:\/\/radiolifefm.com.br\/noticias\/governo-de-sp-anuncia-regulamentacao-inedita-que-permite-aos-produtores-rurais-usarem-faixas-de-dominio-de-rodovias-para-plantio\/"},"author":{"name":"ritanery","@id":"https:\/\/radiolifefm.com.br\/noticias\/#\/schema\/person\/6339b9fac59d12b071dec680d7375d87"},"headline":"Governo de SP anuncia regulamenta\u00e7\u00e3o in\u00e9dita que permite aos produtores rurais usarem faixas de dom\u00ednio de rodovias para plantio","datePublished":"2025-04-30T12:32:29+00:00","dateModified":"2026-04-08T00:36:07+00:00","mainEntityOfPage":{"@id":"https:\/\/radiolifefm.com.br\/noticias\/governo-de-sp-anuncia-regulamentacao-inedita-que-permite-aos-produtores-rurais-usarem-faixas-de-dominio-de-rodovias-para-plantio\/"},"wordCount":524,"publisher":{"@id":"https:\/\/radiolifefm.com.br\/noticias\/#organization"},"image":{"@id":"https:\/\/radiolifefm.com.br\/noticias\/governo-de-sp-anuncia-regulamentacao-inedita-que-permite-aos-produtores-rurais-usarem-faixas-de-dominio-de-rodovias-para-plantio\/#primaryimage"},"thumbnailUrl":"https:\/\/radiolifefm.com.br\/noticias\/wp-content\/uploads\/2025\/04\/Plantio-em-rodovias-1024x576-1.jpeg","articleSection":["Geral"],"inLanguage":"pt-BR"},{"@type":"WebPage","@id":"https:\/\/radiolifefm.com.br\/noticias\/governo-de-sp-anuncia-regulamentacao-inedita-que-permite-aos-produtores-rurais-usarem-faixas-de-dominio-de-rodovias-para-plantio\/","url":"https:\/\/radiolifefm.com.br\/noticias\/governo-de-sp-anuncia-regulamentacao-inedita-que-permite-aos-produtores-rurais-usarem-faixas-de-dominio-de-rodovias-para-plantio\/","name":"Governo de SP anuncia regulamenta\u00e7\u00e3o in\u00e9dita que permite aos produtores rurais usarem faixas de dom\u00ednio de rodovias para plantio - R\u00e1dio Life FM","isPartOf":{"@id":"https:\/\/radiolifefm.com.br\/noticias\/#website"},"primaryImageOfPage":{"@id":"https:\/\/radiolifefm.com.br\/noticias\/governo-de-sp-anuncia-regulamentacao-inedita-que-permite-aos-produtores-rurais-usarem-faixas-de-dominio-de-rodovias-para-plantio\/#primaryimage"},"image":{"@id":"https:\/\/radiolifefm.com.br\/noticias\/governo-de-sp-anuncia-regulamentacao-inedita-que-permite-aos-produtores-rurais-usarem-faixas-de-dominio-de-rodovias-para-plantio\/#primaryimage"},"thumbnailUrl":"https:\/\/radiolifefm.com.br\/noticias\/wp-content\/uploads\/2025\/04\/Plantio-em-rodovias-1024x576-1.jpeg","datePublished":"2025-04-30T12:32:29+00:00","dateModified":"2026-04-08T00:36:07+00:00","breadcrumb":{"@id":"https:\/\/radiolifefm.com.br\/noticias\/governo-de-sp-anuncia-regulamentacao-inedita-que-permite-aos-produtores-rurais-usarem-faixas-de-dominio-de-rodovias-para-plantio\/#breadcrumb"},"inLanguage":"pt-BR","potentialAction":[{"@type":"ReadAction","target":["https:\/\/radiolifefm.com.br\/noticias\/governo-de-sp-anuncia-regulamentacao-inedita-que-permite-aos-produtores-rurais-usarem-faixas-de-dominio-de-rodovias-para-plantio\/"]}]},{"@type":"ImageObject","inLanguage":"pt-BR","@id":"https:\/\/radiolifefm.com.br\/noticias\/governo-de-sp-anuncia-regulamentacao-inedita-que-permite-aos-produtores-rurais-usarem-faixas-de-dominio-de-rodovias-para-plantio\/#primaryimage","url":"https:\/\/radiolifefm.com.br\/noticias\/wp-content\/uploads\/2025\/04\/Plantio-em-rodovias-1024x576-1.jpeg","contentUrl":"https:\/\/radiolifefm.com.br\/noticias\/wp-content\/uploads\/2025\/04\/Plantio-em-rodovias-1024x576-1.jpeg","width":1024,"height":576,"caption":"S\u00e3o Paulo \u00e9 o primeiro estado a normatizar a pr\u00e1tica, com potencial de reduzir focos de inc\u00eandio e ampliar a \u00e1rea cultiv\u00e1vel a baixo custo"},{"@type":"BreadcrumbList","@id":"https:\/\/radiolifefm.com.br\/noticias\/governo-de-sp-anuncia-regulamentacao-inedita-que-permite-aos-produtores-rurais-usarem-faixas-de-dominio-de-rodovias-para-plantio\/#breadcrumb","itemListElement":[{"@type":"ListItem","position":1,"name":"In\u00edcio","item":"https:\/\/radiolifefm.com.br\/noticias\/"},{"@type":"ListItem","position":2,"name":"Governo de SP anuncia regulamenta\u00e7\u00e3o in\u00e9dita que permite aos produtores rurais usarem faixas de dom\u00ednio de rodovias para plantio"}]},{"@type":"WebSite","@id":"https:\/\/radiolifefm.com.br\/noticias\/#website","url":"https:\/\/radiolifefm.com.br\/noticias\/","name":"R\u00e1dio Life FM","description":"O Portal de Not\u00edcias de Adamantina","publisher":{"@id":"https:\/\/radiolifefm.com.br\/noticias\/#organization"},"alternateName":"Life FM","potentialAction":[{"@type":"SearchAction","target":{"@type":"EntryPoint","urlTemplate":"https:\/\/radiolifefm.com.br\/noticias\/?s={search_term_string}"},"query-input":{"@type":"PropertyValueSpecification","valueRequired":true,"valueName":"search_term_string"}}],"inLanguage":"pt-BR"},{"@type":"Organization","@id":"https:\/\/radiolifefm.com.br\/noticias\/#organization","name":"R\u00e1dio Life FM","alternateName":"Life FM","url":"https:\/\/radiolifefm.com.br\/noticias\/","logo":{"@type":"ImageObject","inLanguage":"pt-BR","@id":"https:\/\/radiolifefm.com.br\/noticias\/#\/schema\/logo\/image\/","url":"https:\/\/static.radiolifefm.com.br\/noticias\/wp-content\/uploads\/2019\/10\/logo-lifefm.png","contentUrl":"https:\/\/static.radiolifefm.com.br\/noticias\/wp-content\/uploads\/2019\/10\/logo-lifefm.png","width":196,"height":47,"caption":"R\u00e1dio Life FM"},"image":{"@id":"https:\/\/radiolifefm.com.br\/noticias\/#\/schema\/logo\/image\/"},"sameAs":["https:\/\/www.facebook.com\/radiolifefm\/","https:\/\/www.instagram.com\/life1079fm\/"]},{"@type":"Person","@id":"https:\/\/radiolifefm.com.br\/noticias\/#\/schema\/person\/6339b9fac59d12b071dec680d7375d87","name":"ritanery","image":{"@type":"ImageObject","inLanguage":"pt-BR","@id":"https:\/\/secure.gravatar.com\/avatar\/0e37bb19071f47c0b8a23f62a903df117c5a0e75f65a0c2901562f97cd41cf86?s=96&d=mm&r=g","url":"https:\/\/secure.gravatar.com\/avatar\/0e37bb19071f47c0b8a23f62a903df117c5a0e75f65a0c2901562f97cd41cf86?s=96&d=mm&r=g","contentUrl":"https:\/\/secure.gravatar.com\/avatar\/0e37bb19071f47c0b8a23f62a903df117c5a0e75f65a0c2901562f97cd41cf86?s=96&d=mm&r=g","caption":"ritanery"}}]}},"amp_enabled":true,"_links":{"self":[{"href":"https:\/\/radiolifefm.com.br\/noticias\/wp-json\/wp\/v2\/posts\/100439","targetHints":{"allow":["GET"]}}],"collection":[{"href":"https:\/\/radiolifefm.com.br\/noticias\/wp-json\/wp\/v2\/posts"}],"about":[{"href":"https:\/\/radiolifefm.com.br\/noticias\/wp-json\/wp\/v2\/types\/post"}],"author":[{"embeddable":true,"href":"https:\/\/radiolifefm.com.br\/noticias\/wp-json\/wp\/v2\/users\/13"}],"replies":[{"embeddable":true,"href":"https:\/\/radiolifefm.com.br\/noticias\/wp-json\/wp\/v2\/comments?post=100439"}],"version-history":[{"count":1,"href":"https:\/\/radiolifefm.com.br\/noticias\/wp-json\/wp\/v2\/posts\/100439\/revisions"}],"predecessor-version":[{"id":100441,"href":"https:\/\/radiolifefm.com.br\/noticias\/wp-json\/wp\/v2\/posts\/100439\/revisions\/100441"}],"wp:featuredmedia":[{"embeddable":true,"href":"https:\/\/radiolifefm.com.br\/noticias\/wp-json\/wp\/v2\/media\/100440"}],"wp:attachment":[{"href":"https:\/\/radiolifefm.com.br\/noticias\/wp-json\/wp\/v2\/media?parent=100439"}],"wp:term":[{"taxonomy":"category","embeddable":true,"href":"https:\/\/radiolifefm.com.br\/noticias\/wp-json\/wp\/v2\/categories?post=100439"},{"taxonomy":"post_tag","embeddable":true,"href":"https:\/\/radiolifefm.com.br\/noticias\/wp-json\/wp\/v2\/tags?post=100439"}],"curies":[{"name":"wp","href":"https:\/\/api.w.org\/{rel}","templated":true}]}}