{"id":100437,"date":"2025-04-30T09:26:16","date_gmt":"2025-04-30T12:26:16","guid":{"rendered":"https:\/\/radiolifefm.com.br\/noticias\/?p=100437"},"modified":"2026-04-05T08:15:04","modified_gmt":"2026-04-05T11:15:04","slug":"david-livingstone-jornada-ao-coracao-da-africa","status":"publish","type":"post","link":"https:\/\/radiolifefm.com.br\/noticias\/david-livingstone-jornada-ao-coracao-da-africa\/","title":{"rendered":"\u201cDAVID LIVINGSTONE: JORNADA AO CORA\u00c7\u00c3O DA \u00c1FRICA&#8230;\u201d"},"content":{"rendered":"<div id=\"fb-root\"><\/div>\n<p><em>\u201cO m\u00e9dico e mission\u00e1rio brit\u00e2nico David Livingstone (1813-1873) cruzou a \u00c1frica, desde a costa do Atl\u00e2ntico at\u00e9 o Oceano \u00cdndico\u201d. (Grandes Exploradores, David Livingstone, Hist\u00f3ria Viva, DVD, Duetto Editorial)<\/em><\/p>\n<p>&nbsp;<\/p>\n<p><strong><em>S\u00e9rgio Barbosa (*)<\/em><\/strong><\/p>\n<p>&nbsp;<\/p>\n<p>Tentar entender o que foi a invas\u00e3o da \u00c1frica pelos colonizadores, ao mesmo tempo, predadores tal qual aves de rapina, tamb\u00e9m, pelos mercadores de escravos em busca do lucro pelo lucro, \u00e9 uma tarefa limitada e ao mesmo tempo, complexa pelos diversos interesses neste jogo do poder pelas terras africanas.<\/p>\n<p>A barb\u00e1rie sempre esteve presente na coloniza\u00e7\u00e3o da \u00c1frica frente \u00e0s in\u00fameras possibilidades das descobertas territoriais e tribais, possibilitando alian\u00e7as de interesse local e fragilizando as rela\u00e7\u00f5es tribais do povo africano.<\/p>\n<p>O cen\u00e1rio que aparece para David Livingstone \u00e9 voltado para a vis\u00e3o mission\u00e1ria de salvar em nome do profeta maior do cristianismo o maior n\u00famero poss\u00edvel de africanos, pois, a liberta\u00e7\u00e3o deve come\u00e7ar pela alma dos pecadores.<\/p>\n<p>Al\u00e9m da forma\u00e7\u00e3o teol\u00f3gica em semin\u00e1rio, Livingstone era diplomado em Medicina, por\u00e9m, a sua op\u00e7\u00e3o principal foi pelo trabalho de mission\u00e1rio em solo africano, posteriormente, tornou-se um dos maiores exploradores do planeta em busca dos desafios outorgados pelo desejo de conhecer cada vez mais o interior da \u00c1frica.<\/p>\n<p>Foram muitas caminhadas em busca da nascente do famoso Rio Nilo, entretanto, acabou descobrindo outras belezas escondidas pelas florestas africanas, entre as quais as cachoeiras que batizou com o nome de \u201cVictoria Falls\u201d em homenagem a Rainha da Inglaterra na \u00e9poca.<\/p>\n<p>Neste contexto de descobertas pelo mission\u00e1rio Livingstone, outros desafios foram aparecendo em seu caminho de m\u00e9dico, neste caso em pauta, atuava em duas frentes, a saber: era m\u00e9dico para as almas a serem convertidas ao cristianismo, tamb\u00e9m, medico para curar as doen\u00e7as terrenas, al\u00e9m de outras preocupa\u00e7\u00f5es com o contexto geogr\u00e1fico do continente que n\u00e3o estava mapeado e o tr\u00e1fico de escravos.<\/p>\n<p>A presen\u00e7a marcante e carism\u00e1tica de David Livingstone proporcionou in\u00fameras descobertas para diversas \u00e1reas cient\u00edficas da \u00e9poca, portanto, os registros do mission\u00e1rio, do m\u00e9dico e do explorador, servem como refer\u00eancia daquele tempo adverso para pessoas que acreditavam em suas convic\u00e7\u00f5es frente aos desafios do momento.<\/p>\n<p>&nbsp;<\/p>\n<p><strong><em>______________________________________<\/em><\/strong><\/p>\n<p><strong><em>(*) Jornalista profissional diplomado.<\/em><\/strong><\/p>\n<p><strong><em>e-mail: <\/em><\/strong><a href=\"mailto:barbosa.sebar@gmail.com\"><strong><em>barbosa.sebar@gmail.com<\/em><\/strong><\/a><\/p>\n","protected":false},"excerpt":{"rendered":"<p>\u201cO m\u00e9dico e mission\u00e1rio brit\u00e2nico David Livingstone (1813-1873) cruzou a \u00c1frica, desde a costa do Atl\u00e2ntico at\u00e9 o Oceano \u00cdndico\u201d. (Grandes Exploradores, David Livingstone, Hist\u00f3ria Viva, DVD, Duetto Editorial) &nbsp; S\u00e9rgio Barbosa (*) &nbsp; Tentar entender o que foi a invas\u00e3o da \u00c1frica pelos colonizadores, ao mesmo tempo, predadores tal qual aves de rapina, tamb\u00e9m, [&hellip;]<\/p>\n","protected":false},"author":13,"featured_media":51988,"comment_status":"closed","ping_status":"open","sticky":false,"template":"","format":"standard","meta":{"_acf_changed":false,"_exactmetrics_skip_tracking":false,"_exactmetrics_sitenote_active":false,"_exactmetrics_sitenote_note":"","_exactmetrics_sitenote_category":0,"footnotes":""},"categories":[59],"tags":[],"class_list":["post-100437","post","type-post","status-publish","format-standard","has-post-thumbnail","hentry","category-opiniao"],"acf":[],"yoast_head":"<!-- This site is optimized with the Yoast SEO plugin v27.2 - https:\/\/yoast.com\/product\/yoast-seo-wordpress\/ -->\n<title>\u201cDAVID LIVINGSTONE: JORNADA AO CORA\u00c7\u00c3O DA \u00c1FRICA...\u201d - R\u00e1dio Life FM<\/title>\n<meta name=\"robots\" content=\"index, follow, max-snippet:-1, max-image-preview:large, max-video-preview:-1\" \/>\n<link rel=\"canonical\" href=\"https:\/\/radiolifefm.com.br\/noticias\/david-livingstone-jornada-ao-coracao-da-africa\/\" \/>\n<meta property=\"og:locale\" content=\"pt_BR\" \/>\n<meta property=\"og:type\" content=\"article\" \/>\n<meta property=\"og:title\" content=\"\u201cDAVID LIVINGSTONE: JORNADA AO CORA\u00c7\u00c3O DA \u00c1FRICA...\u201d - R\u00e1dio Life FM\" \/>\n<meta property=\"og:description\" content=\"\u201cO m\u00e9dico e mission\u00e1rio brit\u00e2nico David Livingstone (1813-1873) cruzou a \u00c1frica, desde a costa do Atl\u00e2ntico at\u00e9 o Oceano \u00cdndico\u201d. (Grandes Exploradores, David Livingstone, Hist\u00f3ria Viva, DVD, Duetto Editorial) &nbsp; S\u00e9rgio Barbosa (*) &nbsp; Tentar entender o que foi a invas\u00e3o da \u00c1frica pelos colonizadores, ao mesmo tempo, predadores tal qual aves de rapina, tamb\u00e9m, [&hellip;]\" \/>\n<meta property=\"og:url\" content=\"https:\/\/radiolifefm.com.br\/noticias\/david-livingstone-jornada-ao-coracao-da-africa\/\" \/>\n<meta property=\"og:site_name\" content=\"R\u00e1dio Life FM\" \/>\n<meta property=\"article:publisher\" content=\"https:\/\/www.facebook.com\/radiolifefm\/\" \/>\n<meta property=\"article:published_time\" content=\"2025-04-30T12:26:16+00:00\" \/>\n<meta property=\"article:modified_time\" content=\"2026-04-05T11:15:04+00:00\" \/>\n<meta property=\"og:image\" content=\"https:\/\/radiolifefm.com.br\/noticias\/wp-content\/uploads\/2022\/04\/WhatsApp-Image-2022-04-10-at-18.43.02.jpeg\" \/>\n\t<meta property=\"og:image:width\" content=\"972\" \/>\n\t<meta property=\"og:image:height\" content=\"1296\" \/>\n\t<meta property=\"og:image:type\" content=\"image\/jpeg\" \/>\n<meta name=\"author\" content=\"ritanery\" \/>\n<meta name=\"twitter:card\" content=\"summary_large_image\" \/>\n<meta name=\"twitter:label1\" content=\"Escrito por\" \/>\n\t<meta name=\"twitter:data1\" content=\"ritanery\" \/>\n\t<meta name=\"twitter:label2\" content=\"Est. tempo de leitura\" \/>\n\t<meta name=\"twitter:data2\" content=\"3 minutos\" \/>\n<script type=\"application\/ld+json\" class=\"yoast-schema-graph\">{\"@context\":\"https:\/\/schema.org\",\"@graph\":[{\"@type\":\"Article\",\"@id\":\"https:\/\/radiolifefm.com.br\/noticias\/david-livingstone-jornada-ao-coracao-da-africa\/#article\",\"isPartOf\":{\"@id\":\"https:\/\/radiolifefm.com.br\/noticias\/david-livingstone-jornada-ao-coracao-da-africa\/\"},\"author\":{\"name\":\"ritanery\",\"@id\":\"https:\/\/radiolifefm.com.br\/noticias\/#\/schema\/person\/6339b9fac59d12b071dec680d7375d87\"},\"headline\":\"\u201cDAVID LIVINGSTONE: JORNADA AO CORA\u00c7\u00c3O DA \u00c1FRICA&#8230;\u201d\",\"datePublished\":\"2025-04-30T12:26:16+00:00\",\"dateModified\":\"2026-04-05T11:15:04+00:00\",\"mainEntityOfPage\":{\"@id\":\"https:\/\/radiolifefm.com.br\/noticias\/david-livingstone-jornada-ao-coracao-da-africa\/\"},\"wordCount\":407,\"publisher\":{\"@id\":\"https:\/\/radiolifefm.com.br\/noticias\/#organization\"},\"image\":{\"@id\":\"https:\/\/radiolifefm.com.br\/noticias\/david-livingstone-jornada-ao-coracao-da-africa\/#primaryimage\"},\"thumbnailUrl\":\"https:\/\/radiolifefm.com.br\/noticias\/wp-content\/uploads\/2022\/04\/WhatsApp-Image-2022-04-10-at-18.43.02.jpeg\",\"articleSection\":[\"Opini\u00e3o\"],\"inLanguage\":\"pt-BR\"},{\"@type\":\"WebPage\",\"@id\":\"https:\/\/radiolifefm.com.br\/noticias\/david-livingstone-jornada-ao-coracao-da-africa\/\",\"url\":\"https:\/\/radiolifefm.com.br\/noticias\/david-livingstone-jornada-ao-coracao-da-africa\/\",\"name\":\"\u201cDAVID LIVINGSTONE: JORNADA AO CORA\u00c7\u00c3O DA \u00c1FRICA...\u201d - R\u00e1dio Life FM\",\"isPartOf\":{\"@id\":\"https:\/\/radiolifefm.com.br\/noticias\/#website\"},\"primaryImageOfPage\":{\"@id\":\"https:\/\/radiolifefm.com.br\/noticias\/david-livingstone-jornada-ao-coracao-da-africa\/#primaryimage\"},\"image\":{\"@id\":\"https:\/\/radiolifefm.com.br\/noticias\/david-livingstone-jornada-ao-coracao-da-africa\/#primaryimage\"},\"thumbnailUrl\":\"https:\/\/radiolifefm.com.br\/noticias\/wp-content\/uploads\/2022\/04\/WhatsApp-Image-2022-04-10-at-18.43.02.jpeg\",\"datePublished\":\"2025-04-30T12:26:16+00:00\",\"dateModified\":\"2026-04-05T11:15:04+00:00\",\"breadcrumb\":{\"@id\":\"https:\/\/radiolifefm.com.br\/noticias\/david-livingstone-jornada-ao-coracao-da-africa\/#breadcrumb\"},\"inLanguage\":\"pt-BR\",\"potentialAction\":[{\"@type\":\"ReadAction\",\"target\":[\"https:\/\/radiolifefm.com.br\/noticias\/david-livingstone-jornada-ao-coracao-da-africa\/\"]}]},{\"@type\":\"ImageObject\",\"inLanguage\":\"pt-BR\",\"@id\":\"https:\/\/radiolifefm.com.br\/noticias\/david-livingstone-jornada-ao-coracao-da-africa\/#primaryimage\",\"url\":\"https:\/\/radiolifefm.com.br\/noticias\/wp-content\/uploads\/2022\/04\/WhatsApp-Image-2022-04-10-at-18.43.02.jpeg\",\"contentUrl\":\"https:\/\/radiolifefm.com.br\/noticias\/wp-content\/uploads\/2022\/04\/WhatsApp-Image-2022-04-10-at-18.43.02.jpeg\",\"width\":972,\"height\":1296,\"caption\":\"S\u00e9rgio Barbosa\"},{\"@type\":\"BreadcrumbList\",\"@id\":\"https:\/\/radiolifefm.com.br\/noticias\/david-livingstone-jornada-ao-coracao-da-africa\/#breadcrumb\",\"itemListElement\":[{\"@type\":\"ListItem\",\"position\":1,\"name\":\"In\u00edcio\",\"item\":\"https:\/\/radiolifefm.com.br\/noticias\/\"},{\"@type\":\"ListItem\",\"position\":2,\"name\":\"\u201cDAVID LIVINGSTONE: JORNADA AO CORA\u00c7\u00c3O DA \u00c1FRICA&#8230;\u201d\"}]},{\"@type\":\"WebSite\",\"@id\":\"https:\/\/radiolifefm.com.br\/noticias\/#website\",\"url\":\"https:\/\/radiolifefm.com.br\/noticias\/\",\"name\":\"R\u00e1dio Life FM\",\"description\":\"O Portal de Not\u00edcias de Adamantina\",\"publisher\":{\"@id\":\"https:\/\/radiolifefm.com.br\/noticias\/#organization\"},\"alternateName\":\"Life FM\",\"potentialAction\":[{\"@type\":\"SearchAction\",\"target\":{\"@type\":\"EntryPoint\",\"urlTemplate\":\"https:\/\/radiolifefm.com.br\/noticias\/?s={search_term_string}\"},\"query-input\":{\"@type\":\"PropertyValueSpecification\",\"valueRequired\":true,\"valueName\":\"search_term_string\"}}],\"inLanguage\":\"pt-BR\"},{\"@type\":\"Organization\",\"@id\":\"https:\/\/radiolifefm.com.br\/noticias\/#organization\",\"name\":\"R\u00e1dio Life FM\",\"alternateName\":\"Life FM\",\"url\":\"https:\/\/radiolifefm.com.br\/noticias\/\",\"logo\":{\"@type\":\"ImageObject\",\"inLanguage\":\"pt-BR\",\"@id\":\"https:\/\/radiolifefm.com.br\/noticias\/#\/schema\/logo\/image\/\",\"url\":\"https:\/\/static.radiolifefm.com.br\/noticias\/wp-content\/uploads\/2019\/10\/logo-lifefm.png\",\"contentUrl\":\"https:\/\/static.radiolifefm.com.br\/noticias\/wp-content\/uploads\/2019\/10\/logo-lifefm.png\",\"width\":196,\"height\":47,\"caption\":\"R\u00e1dio Life FM\"},\"image\":{\"@id\":\"https:\/\/radiolifefm.com.br\/noticias\/#\/schema\/logo\/image\/\"},\"sameAs\":[\"https:\/\/www.facebook.com\/radiolifefm\/\",\"https:\/\/www.instagram.com\/life1079fm\/\"]},{\"@type\":\"Person\",\"@id\":\"https:\/\/radiolifefm.com.br\/noticias\/#\/schema\/person\/6339b9fac59d12b071dec680d7375d87\",\"name\":\"ritanery\",\"image\":{\"@type\":\"ImageObject\",\"inLanguage\":\"pt-BR\",\"@id\":\"https:\/\/secure.gravatar.com\/avatar\/0e37bb19071f47c0b8a23f62a903df117c5a0e75f65a0c2901562f97cd41cf86?s=96&d=mm&r=g\",\"url\":\"https:\/\/secure.gravatar.com\/avatar\/0e37bb19071f47c0b8a23f62a903df117c5a0e75f65a0c2901562f97cd41cf86?s=96&d=mm&r=g\",\"contentUrl\":\"https:\/\/secure.gravatar.com\/avatar\/0e37bb19071f47c0b8a23f62a903df117c5a0e75f65a0c2901562f97cd41cf86?s=96&d=mm&r=g\",\"caption\":\"ritanery\"}}]}<\/script>\n<!-- \/ Yoast SEO plugin. -->","yoast_head_json":{"title":"\u201cDAVID LIVINGSTONE: JORNADA AO CORA\u00c7\u00c3O DA \u00c1FRICA...\u201d - R\u00e1dio Life FM","robots":{"index":"index","follow":"follow","max-snippet":"max-snippet:-1","max-image-preview":"max-image-preview:large","max-video-preview":"max-video-preview:-1"},"canonical":"https:\/\/radiolifefm.com.br\/noticias\/david-livingstone-jornada-ao-coracao-da-africa\/","og_locale":"pt_BR","og_type":"article","og_title":"\u201cDAVID LIVINGSTONE: JORNADA AO CORA\u00c7\u00c3O DA \u00c1FRICA...\u201d - R\u00e1dio Life FM","og_description":"\u201cO m\u00e9dico e mission\u00e1rio brit\u00e2nico David Livingstone (1813-1873) cruzou a \u00c1frica, desde a costa do Atl\u00e2ntico at\u00e9 o Oceano \u00cdndico\u201d. (Grandes Exploradores, David Livingstone, Hist\u00f3ria Viva, DVD, Duetto Editorial) &nbsp; S\u00e9rgio Barbosa (*) &nbsp; Tentar entender o que foi a invas\u00e3o da \u00c1frica pelos colonizadores, ao mesmo tempo, predadores tal qual aves de rapina, tamb\u00e9m, [&hellip;]","og_url":"https:\/\/radiolifefm.com.br\/noticias\/david-livingstone-jornada-ao-coracao-da-africa\/","og_site_name":"R\u00e1dio Life FM","article_publisher":"https:\/\/www.facebook.com\/radiolifefm\/","article_published_time":"2025-04-30T12:26:16+00:00","article_modified_time":"2026-04-05T11:15:04+00:00","og_image":[{"width":972,"height":1296,"url":"https:\/\/radiolifefm.com.br\/noticias\/wp-content\/uploads\/2022\/04\/WhatsApp-Image-2022-04-10-at-18.43.02.jpeg","type":"image\/jpeg"}],"author":"ritanery","twitter_card":"summary_large_image","twitter_misc":{"Escrito por":"ritanery","Est. tempo de leitura":"3 minutos"},"schema":{"@context":"https:\/\/schema.org","@graph":[{"@type":"Article","@id":"https:\/\/radiolifefm.com.br\/noticias\/david-livingstone-jornada-ao-coracao-da-africa\/#article","isPartOf":{"@id":"https:\/\/radiolifefm.com.br\/noticias\/david-livingstone-jornada-ao-coracao-da-africa\/"},"author":{"name":"ritanery","@id":"https:\/\/radiolifefm.com.br\/noticias\/#\/schema\/person\/6339b9fac59d12b071dec680d7375d87"},"headline":"\u201cDAVID LIVINGSTONE: JORNADA AO CORA\u00c7\u00c3O DA \u00c1FRICA&#8230;\u201d","datePublished":"2025-04-30T12:26:16+00:00","dateModified":"2026-04-05T11:15:04+00:00","mainEntityOfPage":{"@id":"https:\/\/radiolifefm.com.br\/noticias\/david-livingstone-jornada-ao-coracao-da-africa\/"},"wordCount":407,"publisher":{"@id":"https:\/\/radiolifefm.com.br\/noticias\/#organization"},"image":{"@id":"https:\/\/radiolifefm.com.br\/noticias\/david-livingstone-jornada-ao-coracao-da-africa\/#primaryimage"},"thumbnailUrl":"https:\/\/radiolifefm.com.br\/noticias\/wp-content\/uploads\/2022\/04\/WhatsApp-Image-2022-04-10-at-18.43.02.jpeg","articleSection":["Opini\u00e3o"],"inLanguage":"pt-BR"},{"@type":"WebPage","@id":"https:\/\/radiolifefm.com.br\/noticias\/david-livingstone-jornada-ao-coracao-da-africa\/","url":"https:\/\/radiolifefm.com.br\/noticias\/david-livingstone-jornada-ao-coracao-da-africa\/","name":"\u201cDAVID LIVINGSTONE: JORNADA AO CORA\u00c7\u00c3O DA \u00c1FRICA...\u201d - R\u00e1dio Life FM","isPartOf":{"@id":"https:\/\/radiolifefm.com.br\/noticias\/#website"},"primaryImageOfPage":{"@id":"https:\/\/radiolifefm.com.br\/noticias\/david-livingstone-jornada-ao-coracao-da-africa\/#primaryimage"},"image":{"@id":"https:\/\/radiolifefm.com.br\/noticias\/david-livingstone-jornada-ao-coracao-da-africa\/#primaryimage"},"thumbnailUrl":"https:\/\/radiolifefm.com.br\/noticias\/wp-content\/uploads\/2022\/04\/WhatsApp-Image-2022-04-10-at-18.43.02.jpeg","datePublished":"2025-04-30T12:26:16+00:00","dateModified":"2026-04-05T11:15:04+00:00","breadcrumb":{"@id":"https:\/\/radiolifefm.com.br\/noticias\/david-livingstone-jornada-ao-coracao-da-africa\/#breadcrumb"},"inLanguage":"pt-BR","potentialAction":[{"@type":"ReadAction","target":["https:\/\/radiolifefm.com.br\/noticias\/david-livingstone-jornada-ao-coracao-da-africa\/"]}]},{"@type":"ImageObject","inLanguage":"pt-BR","@id":"https:\/\/radiolifefm.com.br\/noticias\/david-livingstone-jornada-ao-coracao-da-africa\/#primaryimage","url":"https:\/\/radiolifefm.com.br\/noticias\/wp-content\/uploads\/2022\/04\/WhatsApp-Image-2022-04-10-at-18.43.02.jpeg","contentUrl":"https:\/\/radiolifefm.com.br\/noticias\/wp-content\/uploads\/2022\/04\/WhatsApp-Image-2022-04-10-at-18.43.02.jpeg","width":972,"height":1296,"caption":"S\u00e9rgio Barbosa"},{"@type":"BreadcrumbList","@id":"https:\/\/radiolifefm.com.br\/noticias\/david-livingstone-jornada-ao-coracao-da-africa\/#breadcrumb","itemListElement":[{"@type":"ListItem","position":1,"name":"In\u00edcio","item":"https:\/\/radiolifefm.com.br\/noticias\/"},{"@type":"ListItem","position":2,"name":"\u201cDAVID LIVINGSTONE: JORNADA AO CORA\u00c7\u00c3O DA \u00c1FRICA&#8230;\u201d"}]},{"@type":"WebSite","@id":"https:\/\/radiolifefm.com.br\/noticias\/#website","url":"https:\/\/radiolifefm.com.br\/noticias\/","name":"R\u00e1dio Life FM","description":"O Portal de Not\u00edcias de Adamantina","publisher":{"@id":"https:\/\/radiolifefm.com.br\/noticias\/#organization"},"alternateName":"Life FM","potentialAction":[{"@type":"SearchAction","target":{"@type":"EntryPoint","urlTemplate":"https:\/\/radiolifefm.com.br\/noticias\/?s={search_term_string}"},"query-input":{"@type":"PropertyValueSpecification","valueRequired":true,"valueName":"search_term_string"}}],"inLanguage":"pt-BR"},{"@type":"Organization","@id":"https:\/\/radiolifefm.com.br\/noticias\/#organization","name":"R\u00e1dio Life FM","alternateName":"Life FM","url":"https:\/\/radiolifefm.com.br\/noticias\/","logo":{"@type":"ImageObject","inLanguage":"pt-BR","@id":"https:\/\/radiolifefm.com.br\/noticias\/#\/schema\/logo\/image\/","url":"https:\/\/static.radiolifefm.com.br\/noticias\/wp-content\/uploads\/2019\/10\/logo-lifefm.png","contentUrl":"https:\/\/static.radiolifefm.com.br\/noticias\/wp-content\/uploads\/2019\/10\/logo-lifefm.png","width":196,"height":47,"caption":"R\u00e1dio Life FM"},"image":{"@id":"https:\/\/radiolifefm.com.br\/noticias\/#\/schema\/logo\/image\/"},"sameAs":["https:\/\/www.facebook.com\/radiolifefm\/","https:\/\/www.instagram.com\/life1079fm\/"]},{"@type":"Person","@id":"https:\/\/radiolifefm.com.br\/noticias\/#\/schema\/person\/6339b9fac59d12b071dec680d7375d87","name":"ritanery","image":{"@type":"ImageObject","inLanguage":"pt-BR","@id":"https:\/\/secure.gravatar.com\/avatar\/0e37bb19071f47c0b8a23f62a903df117c5a0e75f65a0c2901562f97cd41cf86?s=96&d=mm&r=g","url":"https:\/\/secure.gravatar.com\/avatar\/0e37bb19071f47c0b8a23f62a903df117c5a0e75f65a0c2901562f97cd41cf86?s=96&d=mm&r=g","contentUrl":"https:\/\/secure.gravatar.com\/avatar\/0e37bb19071f47c0b8a23f62a903df117c5a0e75f65a0c2901562f97cd41cf86?s=96&d=mm&r=g","caption":"ritanery"}}]}},"amp_enabled":true,"_links":{"self":[{"href":"https:\/\/radiolifefm.com.br\/noticias\/wp-json\/wp\/v2\/posts\/100437","targetHints":{"allow":["GET"]}}],"collection":[{"href":"https:\/\/radiolifefm.com.br\/noticias\/wp-json\/wp\/v2\/posts"}],"about":[{"href":"https:\/\/radiolifefm.com.br\/noticias\/wp-json\/wp\/v2\/types\/post"}],"author":[{"embeddable":true,"href":"https:\/\/radiolifefm.com.br\/noticias\/wp-json\/wp\/v2\/users\/13"}],"replies":[{"embeddable":true,"href":"https:\/\/radiolifefm.com.br\/noticias\/wp-json\/wp\/v2\/comments?post=100437"}],"version-history":[{"count":1,"href":"https:\/\/radiolifefm.com.br\/noticias\/wp-json\/wp\/v2\/posts\/100437\/revisions"}],"predecessor-version":[{"id":100438,"href":"https:\/\/radiolifefm.com.br\/noticias\/wp-json\/wp\/v2\/posts\/100437\/revisions\/100438"}],"wp:featuredmedia":[{"embeddable":true,"href":"https:\/\/radiolifefm.com.br\/noticias\/wp-json\/wp\/v2\/media\/51988"}],"wp:attachment":[{"href":"https:\/\/radiolifefm.com.br\/noticias\/wp-json\/wp\/v2\/media?parent=100437"}],"wp:term":[{"taxonomy":"category","embeddable":true,"href":"https:\/\/radiolifefm.com.br\/noticias\/wp-json\/wp\/v2\/categories?post=100437"},{"taxonomy":"post_tag","embeddable":true,"href":"https:\/\/radiolifefm.com.br\/noticias\/wp-json\/wp\/v2\/tags?post=100437"}],"curies":[{"name":"wp","href":"https:\/\/api.w.org\/{rel}","templated":true}]}}