{"id":100343,"date":"2025-04-29T09:10:44","date_gmt":"2025-04-29T12:10:44","guid":{"rendered":"https:\/\/radiolifefm.com.br\/noticias\/?p=100343"},"modified":"2026-04-07T22:04:58","modified_gmt":"2026-04-08T01:04:58","slug":"quebrando-paradigmas-na-life-fm","status":"publish","type":"post","link":"https:\/\/radiolifefm.com.br\/noticias\/quebrando-paradigmas-na-life-fm\/","title":{"rendered":"Quebrando Paradigmas na Life FM"},"content":{"rendered":"<div id=\"fb-root\"><\/div>\n<p><strong><em>\u2060&#8221;MUDAR DE PARADIGMA, \u00e9 t\u00e3o dif\u00edcil quanto deixar os v\u00edcios, ele faz parte de nossa vida, se tornou h\u00e1bito. Mas vale a pena insistir, sem mudan\u00e7a somos prisioneiros de n\u00f3s mesmo&#8221;<\/em><\/strong><\/p>\n<p><a href=\"https:\/\/www.pensador.com\/autor\/ademar_de_borba\/\"><strong><em>Ademar de Borba<\/em><\/strong><\/a><\/p>\n<p><strong>\u00a0<\/strong><\/p>\n<p><strong>Da reda\u00e7\u00e3o.<\/strong><\/p>\n<p>Neste cen\u00e1rio que envolve diversas interfaces em n\u00edvel de p\u00f3s-globaliza\u00e7\u00e3o midi\u00e1tica, ainda, mediadas pelas denominadas Plataformas digitais, faz-se necess\u00e1rio estar em conex\u00e3o em n\u00edvel \u201cglocal\u201d, ou seja, do global para o local.<\/p>\n<p>Portanto, debater ou se envolver com o outro lado da quest\u00e3o, independentemente da posi\u00e7\u00e3o ideol\u00f3gica e outras, deve ser uma tomada ampla, geral e irrestrita frente aos \u201cparadigmas\u201d por meio das decis\u00f5es em n\u00edveis individual ou coletivo.<\/p>\n<p>O debate que ocorre pelas t\u00e1ticas discursivas na perspectiva da incompreens\u00e3o, tal qual destacou \u201cSchopenhauser\u201d quanto vencer sem ter raz\u00e3o, haja vista que se torna necess\u00e1rio a \u201cdesconstru\u00e7\u00e3o\u201d para avan\u00e7ar em todas as frentes que se fizerem necess\u00e1rias.<\/p>\n<p><strong>Quebrando Paradigmas<\/strong><\/p>\n<p>Nesta ter\u00e7a-feira, 29, a partir das 20h, estar\u00e1 \u201cno ar\u201d, na R\u00e1dio Comunit\u00e1ria LIFE FM, 107,9 MHz, o programa semanal \u201cQuebrando Paradigmas\u201d, ainda, com o objetivo de fazer a diferen\u00e7a em Adamantina, por\u00e9m, com uma perspectiva que est\u00e1 al\u00e9m do \u201clocal\u201d com a utiliza\u00e7\u00e3o das plataformas digitais, a saber: Facebook e Youtube.<\/p>\n<p>Com uma equipe afins aos objetivos da proposta \u201copinativa\u201d em todas as \u00e1reas patrocinadas pelos debates que ser\u00e3o pautados sempre com anteced\u00eancia, desta forma, todos os \u201cparadigmas\u201d ser\u00e3o \u201cquebrados\u201d, ainda, para outras alternativas de comum acordo ou pelas diferen\u00e7as colocadas nos debates apresentados.<\/p>\n<p><strong>Equipe, tem\u00e1ticas e outros<\/strong><\/p>\n<p>Em quest\u00f5es de \u201cGeopol\u00edtica internacional\u201d, a responsabilidade estar\u00e1 com o jornalista diplomado e advogado, <strong>EDUARDO FONSECA NETO <\/strong>(Jornalismo pela ECA\/USP e Direito pela PUC\/SP), Mestre em Educa\u00e7\u00e3o e destaca, a saber: \u201cjundiaiense como seu av\u00f4, o Eduardo Fonseca, chefe de esta\u00e7\u00e3o da Cia. Paulista de Estradas de Ferro, origem da long\u00ednqua esta\u00e7\u00e3o de Adamantina. Prim\u00e1rio em Col\u00e9gio Marista, gin\u00e1sio e col\u00e9gio na escola p\u00fablica da capital. Advogado e Procurador do Estado ainda na ativa.\u201d<\/p>\n<p>Tamb\u00e9m, a Jornalista diplomada pela PUC\/SP e Especialista em Arte, <strong>M\u00c1RCIA MOLINA<\/strong>, atuou como docente na FAI-Centro Universit\u00e1rio de Adamantina, bem como, desenvolveu atividades na \u00e1rea de assessoria acad\u00eamica e cultural em diversas Organiza\u00e7\u00f5es.<\/p>\n<p>No Programa, <em>M\u00e1rcia<\/em> estar\u00e1 com os editorias que envolvem diversas \u00e1reas, tais como: Cinema, Cultura, M\u00fasica, Arte e outras, afins \u00e0s propostas destacadas.<\/p>\n<p>Ainda, <strong>RUBENS GALDINO DA SILVA<\/strong>, Bacharel em Teologia pela UMESP- Universidade Metodista de S\u00e3o Paulo; <strong>Filosofia Cl\u00ednica<\/strong> \u2013 Instituto Packter de Filosofia Cl\u00ednica (Porto Alegre), com <strong>especializa\u00e7\u00e3o em Martin Buber<\/strong> pela Universidade Hebraica de Jerusal\u00e9m; <strong>Filosofia \u2013 Sociologia e Hist\u00f3ria<\/strong> (Centro Universit\u00e1rio Salesiano de Lorena) e <strong>Mestrado e Doutorado em Hist\u00f3ria<\/strong> (UNESP\/Assis).<\/p>\n<p>Na \u00e1rea profissional, Rubens desenvolve atividades como professor universit\u00e1rio, jornalista, editor e investidor do Setor Imobili\u00e1rio.<\/p>\n<p>Com rela\u00e7\u00e3o a proposta do \u201cQuebrando Paradigmas\u201d, afirma: \u201cA vida \u00e9 um fluxo cont\u00ednuo. Nascemos a partir desse fluxo vital. Pensamento que n\u00e3o se renova, faz envelhecer e morrer o Ser do corpo que nos habita. Quebrar paradigma significa, para mim, ressuscitar, a cada instante, o Ser que somos e seremos\u201d<\/p>\n<p>Nas pautas envolvendo o cen\u00e1rio local, por\u00e9m, sempre na perspectiva mediada pela C\u00e1tedra Unesco\/Umesp, os paradigmas devem ser quebrados em n\u00edvel \u201cglocal\u201d, portanto, todas as interliga\u00e7\u00f5es existentes est\u00e3o mediadas pela denominada \u201creflex\u00e3o cr\u00edtica\u201d na \u00f3tica de <strong>S\u00c9RGIO BARBOSA<\/strong> <em>(seb@r)<\/em>, diplomado em Jornalismo pelo IMS- Instituto Metodista de Ensino Superior (SBCampo-SP); Mestre em Ci\u00eancias da Religi\u00e3o pelo PPG\/CR-UMESP e pesquisador colaborador da C\u00e1tedra UNESCO\/UMESP de Comunica\u00e7\u00e3o para o Desenvolvimento Regional.<\/p>\n<p><strong>Seb@r<\/strong> \u00e9 autor de aproximadamente 5.000 artigos na \u00e1rea do jornalismo, publicados e postados na m\u00eddia impressa e digital em n\u00edvel \u201cregiocal\u201d, ou seja, do Regional para o Local.<\/p>\n<p><strong>Apoio e Proposta diferenciada<\/strong><\/p>\n<p>Portanto, todos\/as est\u00e3o em estado de alerta para muitas aproxima\u00e7\u00f5es neste contexto plural, todavia, buscando sempre superar os desafios apresentados como \u201cparadigmas\u201d.<\/p>\n<p>\u201cQuebrando Paradigmas\u201d, tamb\u00e9m, tem o apoio institucional da C\u00e1tedra UNESCO\/UMESP, refor\u00e7ando a import\u00e2ncia do Programa e o compromisso com o p\u00fablico alvo.<\/p>\n<p>Na Equipe da LIFE FM, os trabalhos t\u00e9cnicos ser\u00e3o da <strong>Fernanda Prado<\/strong>; divulga\u00e7\u00e3o por conta da LIFE FM e tendo como Jornalista respons\u00e1vel, <strong>Jo\u00e3o C\u00e9sar Prado. <\/strong><\/p>\n<div class='flex flex-wrap items-center -mx-1'>\r\n<a class='thumbnail gallery p-1 w-1\/2 md:w-1\/4' href='https:\/\/radiolifefm.com.br\/noticias\/wp-content\/uploads\/2025\/04\/WhatsApp-Image-2025-04-28-at-14.59.17.jpeg'><img class='border border-white' src='https:\/\/radiolifefm.com.br\/noticias\/wp-content\/uploads\/2025\/04\/WhatsApp-Image-2025-04-28-at-14.59.17-200x200.jpeg' alt='WhatsApp Image 2025 04 28 At 14.59.17' \/><\/a><a class='thumbnail gallery p-1 w-1\/2 md:w-1\/4' href='https:\/\/radiolifefm.com.br\/noticias\/wp-content\/uploads\/2025\/04\/WhatsApp-Image-2025-04-28-at-14.59.35.jpeg'><img class='border border-white' src='https:\/\/radiolifefm.com.br\/noticias\/wp-content\/uploads\/2025\/04\/WhatsApp-Image-2025-04-28-at-14.59.35-200x200.jpeg' alt='WhatsApp Image 2025 04 28 At 14.59.35' \/><\/a><a class='thumbnail gallery p-1 w-1\/2 md:w-1\/4' href='https:\/\/radiolifefm.com.br\/noticias\/wp-content\/uploads\/2025\/04\/WhatsApp-Image-2025-04-28-at-14.59.52.jpeg'><img class='border border-white' src='https:\/\/radiolifefm.com.br\/noticias\/wp-content\/uploads\/2025\/04\/WhatsApp-Image-2025-04-28-at-14.59.52-200x200.jpeg' alt='WhatsApp Image 2025 04 28 At 14.59.52' \/><\/a><a class='thumbnail gallery p-1 w-1\/2 md:w-1\/4' href='https:\/\/radiolifefm.com.br\/noticias\/wp-content\/uploads\/2025\/04\/WhatsApp-Image-2025-04-28-at-15.00.09.jpeg'><img class='border border-white' src='https:\/\/radiolifefm.com.br\/noticias\/wp-content\/uploads\/2025\/04\/WhatsApp-Image-2025-04-28-at-15.00.09-200x200.jpeg' alt='WhatsApp Image 2025 04 28 At 15.00.09' \/><\/a><\/div>\n","protected":false},"excerpt":{"rendered":"<p>\u2060&#8221;MUDAR DE PARADIGMA, \u00e9 t\u00e3o dif\u00edcil quanto deixar os v\u00edcios, ele faz parte de nossa vida, se tornou h\u00e1bito. Mas vale a pena insistir, sem mudan\u00e7a somos prisioneiros de n\u00f3s mesmo&#8221; Ademar de Borba \u00a0 Da reda\u00e7\u00e3o. Neste cen\u00e1rio que envolve diversas interfaces em n\u00edvel de p\u00f3s-globaliza\u00e7\u00e3o midi\u00e1tica, ainda, mediadas pelas denominadas Plataformas digitais, faz-se [&hellip;]<\/p>\n","protected":false},"author":13,"featured_media":100344,"comment_status":"closed","ping_status":"open","sticky":false,"template":"","format":"standard","meta":{"_acf_changed":false,"_exactmetrics_skip_tracking":false,"_exactmetrics_sitenote_active":false,"_exactmetrics_sitenote_note":"","_exactmetrics_sitenote_category":0,"footnotes":""},"categories":[1],"tags":[],"class_list":["post-100343","post","type-post","status-publish","format-standard","has-post-thumbnail","hentry","category-geral"],"acf":[],"yoast_head":"<!-- This site is optimized with the Yoast SEO plugin v27.2 - https:\/\/yoast.com\/product\/yoast-seo-wordpress\/ -->\n<title>Quebrando Paradigmas na Life FM - R\u00e1dio Life FM<\/title>\n<meta name=\"robots\" content=\"index, follow, max-snippet:-1, max-image-preview:large, max-video-preview:-1\" \/>\n<link rel=\"canonical\" href=\"https:\/\/radiolifefm.com.br\/noticias\/quebrando-paradigmas-na-life-fm\/\" \/>\n<meta property=\"og:locale\" content=\"pt_BR\" \/>\n<meta property=\"og:type\" content=\"article\" \/>\n<meta property=\"og:title\" content=\"Quebrando Paradigmas na Life FM - R\u00e1dio Life FM\" \/>\n<meta property=\"og:description\" content=\"\u2060&#8221;MUDAR DE PARADIGMA, \u00e9 t\u00e3o dif\u00edcil quanto deixar os v\u00edcios, ele faz parte de nossa vida, se tornou h\u00e1bito. Mas vale a pena insistir, sem mudan\u00e7a somos prisioneiros de n\u00f3s mesmo&#8221; Ademar de Borba \u00a0 Da reda\u00e7\u00e3o. Neste cen\u00e1rio que envolve diversas interfaces em n\u00edvel de p\u00f3s-globaliza\u00e7\u00e3o midi\u00e1tica, ainda, mediadas pelas denominadas Plataformas digitais, faz-se [&hellip;]\" \/>\n<meta property=\"og:url\" content=\"https:\/\/radiolifefm.com.br\/noticias\/quebrando-paradigmas-na-life-fm\/\" \/>\n<meta property=\"og:site_name\" content=\"R\u00e1dio Life FM\" \/>\n<meta property=\"article:publisher\" content=\"https:\/\/www.facebook.com\/radiolifefm\/\" \/>\n<meta property=\"article:published_time\" content=\"2025-04-29T12:10:44+00:00\" \/>\n<meta property=\"article:modified_time\" content=\"2026-04-08T01:04:58+00:00\" \/>\n<meta property=\"og:image\" content=\"https:\/\/radiolifefm.com.br\/noticias\/wp-content\/uploads\/2025\/04\/WhatsApp-Image-2025-04-28-at-14.58.17.jpeg\" \/>\n\t<meta property=\"og:image:width\" content=\"1600\" \/>\n\t<meta property=\"og:image:height\" content=\"900\" \/>\n\t<meta property=\"og:image:type\" content=\"image\/jpeg\" \/>\n<meta name=\"author\" content=\"ritanery\" \/>\n<meta name=\"twitter:card\" content=\"summary_large_image\" \/>\n<meta name=\"twitter:label1\" content=\"Escrito por\" \/>\n\t<meta name=\"twitter:data1\" content=\"ritanery\" \/>\n\t<meta name=\"twitter:label2\" content=\"Est. tempo de leitura\" \/>\n\t<meta name=\"twitter:data2\" content=\"4 minutos\" \/>\n<script type=\"application\/ld+json\" class=\"yoast-schema-graph\">{\"@context\":\"https:\/\/schema.org\",\"@graph\":[{\"@type\":\"Article\",\"@id\":\"https:\/\/radiolifefm.com.br\/noticias\/quebrando-paradigmas-na-life-fm\/#article\",\"isPartOf\":{\"@id\":\"https:\/\/radiolifefm.com.br\/noticias\/quebrando-paradigmas-na-life-fm\/\"},\"author\":{\"name\":\"ritanery\",\"@id\":\"https:\/\/radiolifefm.com.br\/noticias\/#\/schema\/person\/6339b9fac59d12b071dec680d7375d87\"},\"headline\":\"Quebrando Paradigmas na Life FM\",\"datePublished\":\"2025-04-29T12:10:44+00:00\",\"dateModified\":\"2026-04-08T01:04:58+00:00\",\"mainEntityOfPage\":{\"@id\":\"https:\/\/radiolifefm.com.br\/noticias\/quebrando-paradigmas-na-life-fm\/\"},\"wordCount\":777,\"publisher\":{\"@id\":\"https:\/\/radiolifefm.com.br\/noticias\/#organization\"},\"image\":{\"@id\":\"https:\/\/radiolifefm.com.br\/noticias\/quebrando-paradigmas-na-life-fm\/#primaryimage\"},\"thumbnailUrl\":\"https:\/\/radiolifefm.com.br\/noticias\/wp-content\/uploads\/2025\/04\/WhatsApp-Image-2025-04-28-at-14.58.17.jpeg\",\"articleSection\":[\"Geral\"],\"inLanguage\":\"pt-BR\"},{\"@type\":\"WebPage\",\"@id\":\"https:\/\/radiolifefm.com.br\/noticias\/quebrando-paradigmas-na-life-fm\/\",\"url\":\"https:\/\/radiolifefm.com.br\/noticias\/quebrando-paradigmas-na-life-fm\/\",\"name\":\"Quebrando Paradigmas na Life FM - R\u00e1dio Life FM\",\"isPartOf\":{\"@id\":\"https:\/\/radiolifefm.com.br\/noticias\/#website\"},\"primaryImageOfPage\":{\"@id\":\"https:\/\/radiolifefm.com.br\/noticias\/quebrando-paradigmas-na-life-fm\/#primaryimage\"},\"image\":{\"@id\":\"https:\/\/radiolifefm.com.br\/noticias\/quebrando-paradigmas-na-life-fm\/#primaryimage\"},\"thumbnailUrl\":\"https:\/\/radiolifefm.com.br\/noticias\/wp-content\/uploads\/2025\/04\/WhatsApp-Image-2025-04-28-at-14.58.17.jpeg\",\"datePublished\":\"2025-04-29T12:10:44+00:00\",\"dateModified\":\"2026-04-08T01:04:58+00:00\",\"breadcrumb\":{\"@id\":\"https:\/\/radiolifefm.com.br\/noticias\/quebrando-paradigmas-na-life-fm\/#breadcrumb\"},\"inLanguage\":\"pt-BR\",\"potentialAction\":[{\"@type\":\"ReadAction\",\"target\":[\"https:\/\/radiolifefm.com.br\/noticias\/quebrando-paradigmas-na-life-fm\/\"]}]},{\"@type\":\"ImageObject\",\"inLanguage\":\"pt-BR\",\"@id\":\"https:\/\/radiolifefm.com.br\/noticias\/quebrando-paradigmas-na-life-fm\/#primaryimage\",\"url\":\"https:\/\/radiolifefm.com.br\/noticias\/wp-content\/uploads\/2025\/04\/WhatsApp-Image-2025-04-28-at-14.58.17.jpeg\",\"contentUrl\":\"https:\/\/radiolifefm.com.br\/noticias\/wp-content\/uploads\/2025\/04\/WhatsApp-Image-2025-04-28-at-14.58.17.jpeg\",\"width\":1600,\"height\":900},{\"@type\":\"BreadcrumbList\",\"@id\":\"https:\/\/radiolifefm.com.br\/noticias\/quebrando-paradigmas-na-life-fm\/#breadcrumb\",\"itemListElement\":[{\"@type\":\"ListItem\",\"position\":1,\"name\":\"In\u00edcio\",\"item\":\"https:\/\/radiolifefm.com.br\/noticias\/\"},{\"@type\":\"ListItem\",\"position\":2,\"name\":\"Quebrando Paradigmas na Life FM\"}]},{\"@type\":\"WebSite\",\"@id\":\"https:\/\/radiolifefm.com.br\/noticias\/#website\",\"url\":\"https:\/\/radiolifefm.com.br\/noticias\/\",\"name\":\"R\u00e1dio Life FM\",\"description\":\"O Portal de Not\u00edcias de Adamantina\",\"publisher\":{\"@id\":\"https:\/\/radiolifefm.com.br\/noticias\/#organization\"},\"alternateName\":\"Life FM\",\"potentialAction\":[{\"@type\":\"SearchAction\",\"target\":{\"@type\":\"EntryPoint\",\"urlTemplate\":\"https:\/\/radiolifefm.com.br\/noticias\/?s={search_term_string}\"},\"query-input\":{\"@type\":\"PropertyValueSpecification\",\"valueRequired\":true,\"valueName\":\"search_term_string\"}}],\"inLanguage\":\"pt-BR\"},{\"@type\":\"Organization\",\"@id\":\"https:\/\/radiolifefm.com.br\/noticias\/#organization\",\"name\":\"R\u00e1dio Life FM\",\"alternateName\":\"Life FM\",\"url\":\"https:\/\/radiolifefm.com.br\/noticias\/\",\"logo\":{\"@type\":\"ImageObject\",\"inLanguage\":\"pt-BR\",\"@id\":\"https:\/\/radiolifefm.com.br\/noticias\/#\/schema\/logo\/image\/\",\"url\":\"https:\/\/static.radiolifefm.com.br\/noticias\/wp-content\/uploads\/2019\/10\/logo-lifefm.png\",\"contentUrl\":\"https:\/\/static.radiolifefm.com.br\/noticias\/wp-content\/uploads\/2019\/10\/logo-lifefm.png\",\"width\":196,\"height\":47,\"caption\":\"R\u00e1dio Life FM\"},\"image\":{\"@id\":\"https:\/\/radiolifefm.com.br\/noticias\/#\/schema\/logo\/image\/\"},\"sameAs\":[\"https:\/\/www.facebook.com\/radiolifefm\/\",\"https:\/\/www.instagram.com\/life1079fm\/\"]},{\"@type\":\"Person\",\"@id\":\"https:\/\/radiolifefm.com.br\/noticias\/#\/schema\/person\/6339b9fac59d12b071dec680d7375d87\",\"name\":\"ritanery\",\"image\":{\"@type\":\"ImageObject\",\"inLanguage\":\"pt-BR\",\"@id\":\"https:\/\/secure.gravatar.com\/avatar\/0e37bb19071f47c0b8a23f62a903df117c5a0e75f65a0c2901562f97cd41cf86?s=96&d=mm&r=g\",\"url\":\"https:\/\/secure.gravatar.com\/avatar\/0e37bb19071f47c0b8a23f62a903df117c5a0e75f65a0c2901562f97cd41cf86?s=96&d=mm&r=g\",\"contentUrl\":\"https:\/\/secure.gravatar.com\/avatar\/0e37bb19071f47c0b8a23f62a903df117c5a0e75f65a0c2901562f97cd41cf86?s=96&d=mm&r=g\",\"caption\":\"ritanery\"}}]}<\/script>\n<!-- \/ Yoast SEO plugin. -->","yoast_head_json":{"title":"Quebrando Paradigmas na Life FM - R\u00e1dio Life FM","robots":{"index":"index","follow":"follow","max-snippet":"max-snippet:-1","max-image-preview":"max-image-preview:large","max-video-preview":"max-video-preview:-1"},"canonical":"https:\/\/radiolifefm.com.br\/noticias\/quebrando-paradigmas-na-life-fm\/","og_locale":"pt_BR","og_type":"article","og_title":"Quebrando Paradigmas na Life FM - R\u00e1dio Life FM","og_description":"\u2060&#8221;MUDAR DE PARADIGMA, \u00e9 t\u00e3o dif\u00edcil quanto deixar os v\u00edcios, ele faz parte de nossa vida, se tornou h\u00e1bito. Mas vale a pena insistir, sem mudan\u00e7a somos prisioneiros de n\u00f3s mesmo&#8221; Ademar de Borba \u00a0 Da reda\u00e7\u00e3o. Neste cen\u00e1rio que envolve diversas interfaces em n\u00edvel de p\u00f3s-globaliza\u00e7\u00e3o midi\u00e1tica, ainda, mediadas pelas denominadas Plataformas digitais, faz-se [&hellip;]","og_url":"https:\/\/radiolifefm.com.br\/noticias\/quebrando-paradigmas-na-life-fm\/","og_site_name":"R\u00e1dio Life FM","article_publisher":"https:\/\/www.facebook.com\/radiolifefm\/","article_published_time":"2025-04-29T12:10:44+00:00","article_modified_time":"2026-04-08T01:04:58+00:00","og_image":[{"width":1600,"height":900,"url":"https:\/\/radiolifefm.com.br\/noticias\/wp-content\/uploads\/2025\/04\/WhatsApp-Image-2025-04-28-at-14.58.17.jpeg","type":"image\/jpeg"}],"author":"ritanery","twitter_card":"summary_large_image","twitter_misc":{"Escrito por":"ritanery","Est. tempo de leitura":"4 minutos"},"schema":{"@context":"https:\/\/schema.org","@graph":[{"@type":"Article","@id":"https:\/\/radiolifefm.com.br\/noticias\/quebrando-paradigmas-na-life-fm\/#article","isPartOf":{"@id":"https:\/\/radiolifefm.com.br\/noticias\/quebrando-paradigmas-na-life-fm\/"},"author":{"name":"ritanery","@id":"https:\/\/radiolifefm.com.br\/noticias\/#\/schema\/person\/6339b9fac59d12b071dec680d7375d87"},"headline":"Quebrando Paradigmas na Life FM","datePublished":"2025-04-29T12:10:44+00:00","dateModified":"2026-04-08T01:04:58+00:00","mainEntityOfPage":{"@id":"https:\/\/radiolifefm.com.br\/noticias\/quebrando-paradigmas-na-life-fm\/"},"wordCount":777,"publisher":{"@id":"https:\/\/radiolifefm.com.br\/noticias\/#organization"},"image":{"@id":"https:\/\/radiolifefm.com.br\/noticias\/quebrando-paradigmas-na-life-fm\/#primaryimage"},"thumbnailUrl":"https:\/\/radiolifefm.com.br\/noticias\/wp-content\/uploads\/2025\/04\/WhatsApp-Image-2025-04-28-at-14.58.17.jpeg","articleSection":["Geral"],"inLanguage":"pt-BR"},{"@type":"WebPage","@id":"https:\/\/radiolifefm.com.br\/noticias\/quebrando-paradigmas-na-life-fm\/","url":"https:\/\/radiolifefm.com.br\/noticias\/quebrando-paradigmas-na-life-fm\/","name":"Quebrando Paradigmas na Life FM - R\u00e1dio Life FM","isPartOf":{"@id":"https:\/\/radiolifefm.com.br\/noticias\/#website"},"primaryImageOfPage":{"@id":"https:\/\/radiolifefm.com.br\/noticias\/quebrando-paradigmas-na-life-fm\/#primaryimage"},"image":{"@id":"https:\/\/radiolifefm.com.br\/noticias\/quebrando-paradigmas-na-life-fm\/#primaryimage"},"thumbnailUrl":"https:\/\/radiolifefm.com.br\/noticias\/wp-content\/uploads\/2025\/04\/WhatsApp-Image-2025-04-28-at-14.58.17.jpeg","datePublished":"2025-04-29T12:10:44+00:00","dateModified":"2026-04-08T01:04:58+00:00","breadcrumb":{"@id":"https:\/\/radiolifefm.com.br\/noticias\/quebrando-paradigmas-na-life-fm\/#breadcrumb"},"inLanguage":"pt-BR","potentialAction":[{"@type":"ReadAction","target":["https:\/\/radiolifefm.com.br\/noticias\/quebrando-paradigmas-na-life-fm\/"]}]},{"@type":"ImageObject","inLanguage":"pt-BR","@id":"https:\/\/radiolifefm.com.br\/noticias\/quebrando-paradigmas-na-life-fm\/#primaryimage","url":"https:\/\/radiolifefm.com.br\/noticias\/wp-content\/uploads\/2025\/04\/WhatsApp-Image-2025-04-28-at-14.58.17.jpeg","contentUrl":"https:\/\/radiolifefm.com.br\/noticias\/wp-content\/uploads\/2025\/04\/WhatsApp-Image-2025-04-28-at-14.58.17.jpeg","width":1600,"height":900},{"@type":"BreadcrumbList","@id":"https:\/\/radiolifefm.com.br\/noticias\/quebrando-paradigmas-na-life-fm\/#breadcrumb","itemListElement":[{"@type":"ListItem","position":1,"name":"In\u00edcio","item":"https:\/\/radiolifefm.com.br\/noticias\/"},{"@type":"ListItem","position":2,"name":"Quebrando Paradigmas na Life FM"}]},{"@type":"WebSite","@id":"https:\/\/radiolifefm.com.br\/noticias\/#website","url":"https:\/\/radiolifefm.com.br\/noticias\/","name":"R\u00e1dio Life FM","description":"O Portal de Not\u00edcias de Adamantina","publisher":{"@id":"https:\/\/radiolifefm.com.br\/noticias\/#organization"},"alternateName":"Life FM","potentialAction":[{"@type":"SearchAction","target":{"@type":"EntryPoint","urlTemplate":"https:\/\/radiolifefm.com.br\/noticias\/?s={search_term_string}"},"query-input":{"@type":"PropertyValueSpecification","valueRequired":true,"valueName":"search_term_string"}}],"inLanguage":"pt-BR"},{"@type":"Organization","@id":"https:\/\/radiolifefm.com.br\/noticias\/#organization","name":"R\u00e1dio Life FM","alternateName":"Life FM","url":"https:\/\/radiolifefm.com.br\/noticias\/","logo":{"@type":"ImageObject","inLanguage":"pt-BR","@id":"https:\/\/radiolifefm.com.br\/noticias\/#\/schema\/logo\/image\/","url":"https:\/\/static.radiolifefm.com.br\/noticias\/wp-content\/uploads\/2019\/10\/logo-lifefm.png","contentUrl":"https:\/\/static.radiolifefm.com.br\/noticias\/wp-content\/uploads\/2019\/10\/logo-lifefm.png","width":196,"height":47,"caption":"R\u00e1dio Life FM"},"image":{"@id":"https:\/\/radiolifefm.com.br\/noticias\/#\/schema\/logo\/image\/"},"sameAs":["https:\/\/www.facebook.com\/radiolifefm\/","https:\/\/www.instagram.com\/life1079fm\/"]},{"@type":"Person","@id":"https:\/\/radiolifefm.com.br\/noticias\/#\/schema\/person\/6339b9fac59d12b071dec680d7375d87","name":"ritanery","image":{"@type":"ImageObject","inLanguage":"pt-BR","@id":"https:\/\/secure.gravatar.com\/avatar\/0e37bb19071f47c0b8a23f62a903df117c5a0e75f65a0c2901562f97cd41cf86?s=96&d=mm&r=g","url":"https:\/\/secure.gravatar.com\/avatar\/0e37bb19071f47c0b8a23f62a903df117c5a0e75f65a0c2901562f97cd41cf86?s=96&d=mm&r=g","contentUrl":"https:\/\/secure.gravatar.com\/avatar\/0e37bb19071f47c0b8a23f62a903df117c5a0e75f65a0c2901562f97cd41cf86?s=96&d=mm&r=g","caption":"ritanery"}}]}},"amp_enabled":true,"_links":{"self":[{"href":"https:\/\/radiolifefm.com.br\/noticias\/wp-json\/wp\/v2\/posts\/100343","targetHints":{"allow":["GET"]}}],"collection":[{"href":"https:\/\/radiolifefm.com.br\/noticias\/wp-json\/wp\/v2\/posts"}],"about":[{"href":"https:\/\/radiolifefm.com.br\/noticias\/wp-json\/wp\/v2\/types\/post"}],"author":[{"embeddable":true,"href":"https:\/\/radiolifefm.com.br\/noticias\/wp-json\/wp\/v2\/users\/13"}],"replies":[{"embeddable":true,"href":"https:\/\/radiolifefm.com.br\/noticias\/wp-json\/wp\/v2\/comments?post=100343"}],"version-history":[{"count":2,"href":"https:\/\/radiolifefm.com.br\/noticias\/wp-json\/wp\/v2\/posts\/100343\/revisions"}],"predecessor-version":[{"id":100375,"href":"https:\/\/radiolifefm.com.br\/noticias\/wp-json\/wp\/v2\/posts\/100343\/revisions\/100375"}],"wp:featuredmedia":[{"embeddable":true,"href":"https:\/\/radiolifefm.com.br\/noticias\/wp-json\/wp\/v2\/media\/100344"}],"wp:attachment":[{"href":"https:\/\/radiolifefm.com.br\/noticias\/wp-json\/wp\/v2\/media?parent=100343"}],"wp:term":[{"taxonomy":"category","embeddable":true,"href":"https:\/\/radiolifefm.com.br\/noticias\/wp-json\/wp\/v2\/categories?post=100343"},{"taxonomy":"post_tag","embeddable":true,"href":"https:\/\/radiolifefm.com.br\/noticias\/wp-json\/wp\/v2\/tags?post=100343"}],"curies":[{"name":"wp","href":"https:\/\/api.w.org\/{rel}","templated":true}]}}