{"id":100314,"date":"2025-04-28T08:47:17","date_gmt":"2025-04-28T11:47:17","guid":{"rendered":"https:\/\/radiolifefm.com.br\/noticias\/?p=100314"},"modified":"2026-04-19T05:08:01","modified_gmt":"2026-04-19T08:08:01","slug":"provincia-e-carapucas-deste-novo-tempo-novo","status":"publish","type":"post","link":"https:\/\/radiolifefm.com.br\/noticias\/provincia-e-carapucas-deste-novo-tempo-novo\/","title":{"rendered":"Prov\u00edncia e \u201ccarapu\u00e7as\u201d deste novo tempo novo&#8230;"},"content":{"rendered":"<div id=\"fb-root\"><\/div>\n<p><strong><em>\u00a0\u201cEsta obra entrar\u00e1 para os anais e menstruais de Sucupira e do pa\u00eds.\u201d (<\/em><\/strong><a href=\"https:\/\/www.pensador.com\/autor\/odorico_paraguacu\/\"><strong><em>Odorico Paragua\u00e7u<\/em><\/strong><\/a><strong><em>)<\/em><\/strong><\/p>\n<p><strong><em>\u00a0<\/em><\/strong><\/p>\n<p><strong><em>\u201cComo diria Odorico Paragua\u00e7u: pondo de lado os entretantos e indo direto aos finalmentes, deixemos o pratrasmente e vamos ao prafrentemente.\u201d (<\/em><\/strong><a href=\"https:\/\/www.pensador.com\/autor\/flavio_rabello\/\"><strong><em>Flavio Rabello<\/em><\/strong><\/a><strong><em>)<\/em><\/strong><\/p>\n<p><strong><em>\u00a0<\/em><\/strong><\/p>\n<p><strong>By seb@r.<\/strong><\/p>\n<p>Faz alguns anos, escrevi dois artigos sobre o tema \u201cCarapu\u00e7as provincianas\u201d, tendo em vista que era quase sempre a mesma coisa, ou seja, muitos LEITORES\/AS daquele outro tempo deste tempo, acabavam VESTINDO isto ou aquilo que estava neste ou naquele ARTIGO&#8230;<\/p>\n<p>Parece que tal DESENCONTRO com a PROV\u00cdNCIA DO FAZ DE CONTA, isso \u00e9, escrever isto ou aquilo, ainda, usando e abusando das IRONIAS com PERSONAGENS da fic\u00e7\u00e3o e at\u00e9 mesmo da REALIDADE, est\u00e3o CUTUCANDO a IMAGINA\u00c7\u00c3O das denominadas MENTES MED\u00cdOCRES desta SUCUPIRA PROVINCIANA&#8230;<\/p>\n<p>Por\u00e9m, como sempre, cada qual com suas NEUROSES PESSOAIS frente ao CEN\u00c1RIO ATUAL, ainda mais em tempo de BOZZONAROS\/AS, bem como, dos\/as PATRIOT\u00c1RIOS\/AS de sempre&#8230;<\/p>\n<p>Por isso, faz-se necess\u00e1rio estar sempre em ESTADO DE ALERTA com o tal do NOVO (sic), todavia, como diz aquele velho dito popular, TODO CUIDADO \u00c9 POUCO&#8230;<\/p>\n<p>O mais interessante \u00e9 perceber como tais PERSONAGENS vestem tais CARAPU\u00c7AS como se fossem DONAS disto ou daquilo, haja vista que o REI EST\u00c1 NU, tamb\u00e9m, pode ser a RAINHA&#8230;<\/p>\n<p>Neste CONTEXTO PLURAL para todos os lados de um mesmo lado, encontra-se o SINGULAR travestido de PERSONALISMO para a MAIORIA dos\/as ditos\/as CUJOS\/AS&#8230;<\/p>\n<p>Portanto, aqueles\/as que est\u00e3o desenvolvendo atividades em n\u00edvel COMUNIT\u00c1RIO em cargos ou fun\u00e7\u00f5es P\u00daBLICAS, de um jeito ou de outro, est\u00e3o nesta VITRINE para serem CRITICADOS\/AS, todavia, depende sempre de quem est\u00e1 com os OLHOS ABERTOS para uma aproxima\u00e7\u00e3o com tais DESENCONTROS PROVINCIANOS&#8230;<\/p>\n<p>Tamb\u00e9m, fiquei muito interessado em NOVELAS DO PASSADO, as mesmas proporcionam muitos OLHARES sobre um mesmo OLHAR sobre uma tal PROV\u00cdNCIA DO FAZ DE CONTA&#8230;<\/p>\n<p>Como tudo est\u00e1 no FAZ DE CONTA, entendo que as IRONIAS s\u00e3o MARCAS mais do que REGISTRADAS para registrar tais OCASOS DE UM TALVEZ, se poss\u00edvel, com um PONTO QUASE FINAL&#8230;<\/p>\n<p>Al\u00e9m do MAIS em meio ao tudo de MENOS, como disse uma vez um LEITOR, a saber: \u201cseb@r escreve para uma minoria, ou seja, apenas alguns entendem seus artigos&#8230;\u201d<\/p>\n<p>Que a PROV\u00cdNCIA que est\u00e1 em VOC\u00ca, possa ser a SUCUPIRA que est\u00e1 do meu lado&#8230;<\/p>\n<p>Pra n\u00e3o esquecerem, PERDERAM MAN\u00c9S!<\/p>\n<p>QUEM SOBREVIVER VAI SABER&#8230;<\/p>\n<p>&nbsp;<\/p>\n<p>&nbsp;<\/p>\n<p><strong>e-mail: <\/strong><a href=\"mailto:barbosa.sebar@gmail.com\"><strong>barbosa.sebar@gmail.com<\/strong><\/a><\/p>\n<p><strong>\u00a0<\/strong><\/p>\n","protected":false},"excerpt":{"rendered":"<p>\u00a0\u201cEsta obra entrar\u00e1 para os anais e menstruais de Sucupira e do pa\u00eds.\u201d (Odorico Paragua\u00e7u) \u00a0 \u201cComo diria Odorico Paragua\u00e7u: pondo de lado os entretantos e indo direto aos finalmentes, deixemos o pratrasmente e vamos ao prafrentemente.\u201d (Flavio Rabello) \u00a0 By seb@r. Faz alguns anos, escrevi dois artigos sobre o tema \u201cCarapu\u00e7as provincianas\u201d, tendo em [&hellip;]<\/p>\n","protected":false},"author":13,"featured_media":51988,"comment_status":"closed","ping_status":"open","sticky":false,"template":"","format":"standard","meta":{"_acf_changed":false,"_exactmetrics_skip_tracking":false,"_exactmetrics_sitenote_active":false,"_exactmetrics_sitenote_note":"","_exactmetrics_sitenote_category":0,"footnotes":""},"categories":[59],"tags":[],"class_list":["post-100314","post","type-post","status-publish","format-standard","has-post-thumbnail","hentry","category-opiniao"],"acf":[],"yoast_head":"<!-- This site is optimized with the Yoast SEO plugin v27.2 - https:\/\/yoast.com\/product\/yoast-seo-wordpress\/ -->\n<title>Prov\u00edncia e \u201ccarapu\u00e7as\u201d deste novo tempo novo... - R\u00e1dio Life FM<\/title>\n<meta name=\"robots\" content=\"index, follow, max-snippet:-1, max-image-preview:large, max-video-preview:-1\" \/>\n<link rel=\"canonical\" href=\"https:\/\/radiolifefm.com.br\/noticias\/provincia-e-carapucas-deste-novo-tempo-novo\/\" \/>\n<meta property=\"og:locale\" content=\"pt_BR\" \/>\n<meta property=\"og:type\" content=\"article\" \/>\n<meta property=\"og:title\" content=\"Prov\u00edncia e \u201ccarapu\u00e7as\u201d deste novo tempo novo... - R\u00e1dio Life FM\" \/>\n<meta property=\"og:description\" content=\"\u00a0\u201cEsta obra entrar\u00e1 para os anais e menstruais de Sucupira e do pa\u00eds.\u201d (Odorico Paragua\u00e7u) \u00a0 \u201cComo diria Odorico Paragua\u00e7u: pondo de lado os entretantos e indo direto aos finalmentes, deixemos o pratrasmente e vamos ao prafrentemente.\u201d (Flavio Rabello) \u00a0 By seb@r. Faz alguns anos, escrevi dois artigos sobre o tema \u201cCarapu\u00e7as provincianas\u201d, tendo em [&hellip;]\" \/>\n<meta property=\"og:url\" content=\"https:\/\/radiolifefm.com.br\/noticias\/provincia-e-carapucas-deste-novo-tempo-novo\/\" \/>\n<meta property=\"og:site_name\" content=\"R\u00e1dio Life FM\" \/>\n<meta property=\"article:publisher\" content=\"https:\/\/www.facebook.com\/radiolifefm\/\" \/>\n<meta property=\"article:published_time\" content=\"2025-04-28T11:47:17+00:00\" \/>\n<meta property=\"article:modified_time\" content=\"2026-04-19T08:08:01+00:00\" \/>\n<meta property=\"og:image\" content=\"https:\/\/radiolifefm.com.br\/noticias\/wp-content\/uploads\/2022\/04\/WhatsApp-Image-2022-04-10-at-18.43.02.jpeg\" \/>\n\t<meta property=\"og:image:width\" content=\"972\" \/>\n\t<meta property=\"og:image:height\" content=\"1296\" \/>\n\t<meta property=\"og:image:type\" content=\"image\/jpeg\" \/>\n<meta name=\"author\" content=\"ritanery\" \/>\n<meta name=\"twitter:card\" content=\"summary_large_image\" \/>\n<meta name=\"twitter:label1\" content=\"Escrito por\" \/>\n\t<meta name=\"twitter:data1\" content=\"ritanery\" \/>\n\t<meta name=\"twitter:label2\" content=\"Est. tempo de leitura\" \/>\n\t<meta name=\"twitter:data2\" content=\"3 minutos\" \/>\n<script type=\"application\/ld+json\" class=\"yoast-schema-graph\">{\"@context\":\"https:\/\/schema.org\",\"@graph\":[{\"@type\":\"Article\",\"@id\":\"https:\/\/radiolifefm.com.br\/noticias\/provincia-e-carapucas-deste-novo-tempo-novo\/#article\",\"isPartOf\":{\"@id\":\"https:\/\/radiolifefm.com.br\/noticias\/provincia-e-carapucas-deste-novo-tempo-novo\/\"},\"author\":{\"name\":\"ritanery\",\"@id\":\"https:\/\/radiolifefm.com.br\/noticias\/#\/schema\/person\/6339b9fac59d12b071dec680d7375d87\"},\"headline\":\"Prov\u00edncia e \u201ccarapu\u00e7as\u201d deste novo tempo novo&#8230;\",\"datePublished\":\"2025-04-28T11:47:17+00:00\",\"dateModified\":\"2026-04-19T08:08:01+00:00\",\"mainEntityOfPage\":{\"@id\":\"https:\/\/radiolifefm.com.br\/noticias\/provincia-e-carapucas-deste-novo-tempo-novo\/\"},\"wordCount\":436,\"publisher\":{\"@id\":\"https:\/\/radiolifefm.com.br\/noticias\/#organization\"},\"image\":{\"@id\":\"https:\/\/radiolifefm.com.br\/noticias\/provincia-e-carapucas-deste-novo-tempo-novo\/#primaryimage\"},\"thumbnailUrl\":\"https:\/\/radiolifefm.com.br\/noticias\/wp-content\/uploads\/2022\/04\/WhatsApp-Image-2022-04-10-at-18.43.02.jpeg\",\"articleSection\":[\"Opini\u00e3o\"],\"inLanguage\":\"pt-BR\"},{\"@type\":\"WebPage\",\"@id\":\"https:\/\/radiolifefm.com.br\/noticias\/provincia-e-carapucas-deste-novo-tempo-novo\/\",\"url\":\"https:\/\/radiolifefm.com.br\/noticias\/provincia-e-carapucas-deste-novo-tempo-novo\/\",\"name\":\"Prov\u00edncia e \u201ccarapu\u00e7as\u201d deste novo tempo novo... - R\u00e1dio Life FM\",\"isPartOf\":{\"@id\":\"https:\/\/radiolifefm.com.br\/noticias\/#website\"},\"primaryImageOfPage\":{\"@id\":\"https:\/\/radiolifefm.com.br\/noticias\/provincia-e-carapucas-deste-novo-tempo-novo\/#primaryimage\"},\"image\":{\"@id\":\"https:\/\/radiolifefm.com.br\/noticias\/provincia-e-carapucas-deste-novo-tempo-novo\/#primaryimage\"},\"thumbnailUrl\":\"https:\/\/radiolifefm.com.br\/noticias\/wp-content\/uploads\/2022\/04\/WhatsApp-Image-2022-04-10-at-18.43.02.jpeg\",\"datePublished\":\"2025-04-28T11:47:17+00:00\",\"dateModified\":\"2026-04-19T08:08:01+00:00\",\"breadcrumb\":{\"@id\":\"https:\/\/radiolifefm.com.br\/noticias\/provincia-e-carapucas-deste-novo-tempo-novo\/#breadcrumb\"},\"inLanguage\":\"pt-BR\",\"potentialAction\":[{\"@type\":\"ReadAction\",\"target\":[\"https:\/\/radiolifefm.com.br\/noticias\/provincia-e-carapucas-deste-novo-tempo-novo\/\"]}]},{\"@type\":\"ImageObject\",\"inLanguage\":\"pt-BR\",\"@id\":\"https:\/\/radiolifefm.com.br\/noticias\/provincia-e-carapucas-deste-novo-tempo-novo\/#primaryimage\",\"url\":\"https:\/\/radiolifefm.com.br\/noticias\/wp-content\/uploads\/2022\/04\/WhatsApp-Image-2022-04-10-at-18.43.02.jpeg\",\"contentUrl\":\"https:\/\/radiolifefm.com.br\/noticias\/wp-content\/uploads\/2022\/04\/WhatsApp-Image-2022-04-10-at-18.43.02.jpeg\",\"width\":972,\"height\":1296,\"caption\":\"S\u00e9rgio Barbosa\"},{\"@type\":\"BreadcrumbList\",\"@id\":\"https:\/\/radiolifefm.com.br\/noticias\/provincia-e-carapucas-deste-novo-tempo-novo\/#breadcrumb\",\"itemListElement\":[{\"@type\":\"ListItem\",\"position\":1,\"name\":\"In\u00edcio\",\"item\":\"https:\/\/radiolifefm.com.br\/noticias\/\"},{\"@type\":\"ListItem\",\"position\":2,\"name\":\"Prov\u00edncia e \u201ccarapu\u00e7as\u201d deste novo tempo novo&#8230;\"}]},{\"@type\":\"WebSite\",\"@id\":\"https:\/\/radiolifefm.com.br\/noticias\/#website\",\"url\":\"https:\/\/radiolifefm.com.br\/noticias\/\",\"name\":\"R\u00e1dio Life FM\",\"description\":\"O Portal de Not\u00edcias de Adamantina\",\"publisher\":{\"@id\":\"https:\/\/radiolifefm.com.br\/noticias\/#organization\"},\"alternateName\":\"Life FM\",\"potentialAction\":[{\"@type\":\"SearchAction\",\"target\":{\"@type\":\"EntryPoint\",\"urlTemplate\":\"https:\/\/radiolifefm.com.br\/noticias\/?s={search_term_string}\"},\"query-input\":{\"@type\":\"PropertyValueSpecification\",\"valueRequired\":true,\"valueName\":\"search_term_string\"}}],\"inLanguage\":\"pt-BR\"},{\"@type\":\"Organization\",\"@id\":\"https:\/\/radiolifefm.com.br\/noticias\/#organization\",\"name\":\"R\u00e1dio Life FM\",\"alternateName\":\"Life FM\",\"url\":\"https:\/\/radiolifefm.com.br\/noticias\/\",\"logo\":{\"@type\":\"ImageObject\",\"inLanguage\":\"pt-BR\",\"@id\":\"https:\/\/radiolifefm.com.br\/noticias\/#\/schema\/logo\/image\/\",\"url\":\"https:\/\/static.radiolifefm.com.br\/noticias\/wp-content\/uploads\/2019\/10\/logo-lifefm.png\",\"contentUrl\":\"https:\/\/static.radiolifefm.com.br\/noticias\/wp-content\/uploads\/2019\/10\/logo-lifefm.png\",\"width\":196,\"height\":47,\"caption\":\"R\u00e1dio Life FM\"},\"image\":{\"@id\":\"https:\/\/radiolifefm.com.br\/noticias\/#\/schema\/logo\/image\/\"},\"sameAs\":[\"https:\/\/www.facebook.com\/radiolifefm\/\",\"https:\/\/www.instagram.com\/life1079fm\/\"]},{\"@type\":\"Person\",\"@id\":\"https:\/\/radiolifefm.com.br\/noticias\/#\/schema\/person\/6339b9fac59d12b071dec680d7375d87\",\"name\":\"ritanery\",\"image\":{\"@type\":\"ImageObject\",\"inLanguage\":\"pt-BR\",\"@id\":\"https:\/\/secure.gravatar.com\/avatar\/0e37bb19071f47c0b8a23f62a903df117c5a0e75f65a0c2901562f97cd41cf86?s=96&d=mm&r=g\",\"url\":\"https:\/\/secure.gravatar.com\/avatar\/0e37bb19071f47c0b8a23f62a903df117c5a0e75f65a0c2901562f97cd41cf86?s=96&d=mm&r=g\",\"contentUrl\":\"https:\/\/secure.gravatar.com\/avatar\/0e37bb19071f47c0b8a23f62a903df117c5a0e75f65a0c2901562f97cd41cf86?s=96&d=mm&r=g\",\"caption\":\"ritanery\"}}]}<\/script>\n<!-- \/ Yoast SEO plugin. -->","yoast_head_json":{"title":"Prov\u00edncia e \u201ccarapu\u00e7as\u201d deste novo tempo novo... - R\u00e1dio Life FM","robots":{"index":"index","follow":"follow","max-snippet":"max-snippet:-1","max-image-preview":"max-image-preview:large","max-video-preview":"max-video-preview:-1"},"canonical":"https:\/\/radiolifefm.com.br\/noticias\/provincia-e-carapucas-deste-novo-tempo-novo\/","og_locale":"pt_BR","og_type":"article","og_title":"Prov\u00edncia e \u201ccarapu\u00e7as\u201d deste novo tempo novo... - R\u00e1dio Life FM","og_description":"\u00a0\u201cEsta obra entrar\u00e1 para os anais e menstruais de Sucupira e do pa\u00eds.\u201d (Odorico Paragua\u00e7u) \u00a0 \u201cComo diria Odorico Paragua\u00e7u: pondo de lado os entretantos e indo direto aos finalmentes, deixemos o pratrasmente e vamos ao prafrentemente.\u201d (Flavio Rabello) \u00a0 By seb@r. Faz alguns anos, escrevi dois artigos sobre o tema \u201cCarapu\u00e7as provincianas\u201d, tendo em [&hellip;]","og_url":"https:\/\/radiolifefm.com.br\/noticias\/provincia-e-carapucas-deste-novo-tempo-novo\/","og_site_name":"R\u00e1dio Life FM","article_publisher":"https:\/\/www.facebook.com\/radiolifefm\/","article_published_time":"2025-04-28T11:47:17+00:00","article_modified_time":"2026-04-19T08:08:01+00:00","og_image":[{"width":972,"height":1296,"url":"https:\/\/radiolifefm.com.br\/noticias\/wp-content\/uploads\/2022\/04\/WhatsApp-Image-2022-04-10-at-18.43.02.jpeg","type":"image\/jpeg"}],"author":"ritanery","twitter_card":"summary_large_image","twitter_misc":{"Escrito por":"ritanery","Est. tempo de leitura":"3 minutos"},"schema":{"@context":"https:\/\/schema.org","@graph":[{"@type":"Article","@id":"https:\/\/radiolifefm.com.br\/noticias\/provincia-e-carapucas-deste-novo-tempo-novo\/#article","isPartOf":{"@id":"https:\/\/radiolifefm.com.br\/noticias\/provincia-e-carapucas-deste-novo-tempo-novo\/"},"author":{"name":"ritanery","@id":"https:\/\/radiolifefm.com.br\/noticias\/#\/schema\/person\/6339b9fac59d12b071dec680d7375d87"},"headline":"Prov\u00edncia e \u201ccarapu\u00e7as\u201d deste novo tempo novo&#8230;","datePublished":"2025-04-28T11:47:17+00:00","dateModified":"2026-04-19T08:08:01+00:00","mainEntityOfPage":{"@id":"https:\/\/radiolifefm.com.br\/noticias\/provincia-e-carapucas-deste-novo-tempo-novo\/"},"wordCount":436,"publisher":{"@id":"https:\/\/radiolifefm.com.br\/noticias\/#organization"},"image":{"@id":"https:\/\/radiolifefm.com.br\/noticias\/provincia-e-carapucas-deste-novo-tempo-novo\/#primaryimage"},"thumbnailUrl":"https:\/\/radiolifefm.com.br\/noticias\/wp-content\/uploads\/2022\/04\/WhatsApp-Image-2022-04-10-at-18.43.02.jpeg","articleSection":["Opini\u00e3o"],"inLanguage":"pt-BR"},{"@type":"WebPage","@id":"https:\/\/radiolifefm.com.br\/noticias\/provincia-e-carapucas-deste-novo-tempo-novo\/","url":"https:\/\/radiolifefm.com.br\/noticias\/provincia-e-carapucas-deste-novo-tempo-novo\/","name":"Prov\u00edncia e \u201ccarapu\u00e7as\u201d deste novo tempo novo... - R\u00e1dio Life FM","isPartOf":{"@id":"https:\/\/radiolifefm.com.br\/noticias\/#website"},"primaryImageOfPage":{"@id":"https:\/\/radiolifefm.com.br\/noticias\/provincia-e-carapucas-deste-novo-tempo-novo\/#primaryimage"},"image":{"@id":"https:\/\/radiolifefm.com.br\/noticias\/provincia-e-carapucas-deste-novo-tempo-novo\/#primaryimage"},"thumbnailUrl":"https:\/\/radiolifefm.com.br\/noticias\/wp-content\/uploads\/2022\/04\/WhatsApp-Image-2022-04-10-at-18.43.02.jpeg","datePublished":"2025-04-28T11:47:17+00:00","dateModified":"2026-04-19T08:08:01+00:00","breadcrumb":{"@id":"https:\/\/radiolifefm.com.br\/noticias\/provincia-e-carapucas-deste-novo-tempo-novo\/#breadcrumb"},"inLanguage":"pt-BR","potentialAction":[{"@type":"ReadAction","target":["https:\/\/radiolifefm.com.br\/noticias\/provincia-e-carapucas-deste-novo-tempo-novo\/"]}]},{"@type":"ImageObject","inLanguage":"pt-BR","@id":"https:\/\/radiolifefm.com.br\/noticias\/provincia-e-carapucas-deste-novo-tempo-novo\/#primaryimage","url":"https:\/\/radiolifefm.com.br\/noticias\/wp-content\/uploads\/2022\/04\/WhatsApp-Image-2022-04-10-at-18.43.02.jpeg","contentUrl":"https:\/\/radiolifefm.com.br\/noticias\/wp-content\/uploads\/2022\/04\/WhatsApp-Image-2022-04-10-at-18.43.02.jpeg","width":972,"height":1296,"caption":"S\u00e9rgio Barbosa"},{"@type":"BreadcrumbList","@id":"https:\/\/radiolifefm.com.br\/noticias\/provincia-e-carapucas-deste-novo-tempo-novo\/#breadcrumb","itemListElement":[{"@type":"ListItem","position":1,"name":"In\u00edcio","item":"https:\/\/radiolifefm.com.br\/noticias\/"},{"@type":"ListItem","position":2,"name":"Prov\u00edncia e \u201ccarapu\u00e7as\u201d deste novo tempo novo&#8230;"}]},{"@type":"WebSite","@id":"https:\/\/radiolifefm.com.br\/noticias\/#website","url":"https:\/\/radiolifefm.com.br\/noticias\/","name":"R\u00e1dio Life FM","description":"O Portal de Not\u00edcias de Adamantina","publisher":{"@id":"https:\/\/radiolifefm.com.br\/noticias\/#organization"},"alternateName":"Life FM","potentialAction":[{"@type":"SearchAction","target":{"@type":"EntryPoint","urlTemplate":"https:\/\/radiolifefm.com.br\/noticias\/?s={search_term_string}"},"query-input":{"@type":"PropertyValueSpecification","valueRequired":true,"valueName":"search_term_string"}}],"inLanguage":"pt-BR"},{"@type":"Organization","@id":"https:\/\/radiolifefm.com.br\/noticias\/#organization","name":"R\u00e1dio Life FM","alternateName":"Life FM","url":"https:\/\/radiolifefm.com.br\/noticias\/","logo":{"@type":"ImageObject","inLanguage":"pt-BR","@id":"https:\/\/radiolifefm.com.br\/noticias\/#\/schema\/logo\/image\/","url":"https:\/\/static.radiolifefm.com.br\/noticias\/wp-content\/uploads\/2019\/10\/logo-lifefm.png","contentUrl":"https:\/\/static.radiolifefm.com.br\/noticias\/wp-content\/uploads\/2019\/10\/logo-lifefm.png","width":196,"height":47,"caption":"R\u00e1dio Life FM"},"image":{"@id":"https:\/\/radiolifefm.com.br\/noticias\/#\/schema\/logo\/image\/"},"sameAs":["https:\/\/www.facebook.com\/radiolifefm\/","https:\/\/www.instagram.com\/life1079fm\/"]},{"@type":"Person","@id":"https:\/\/radiolifefm.com.br\/noticias\/#\/schema\/person\/6339b9fac59d12b071dec680d7375d87","name":"ritanery","image":{"@type":"ImageObject","inLanguage":"pt-BR","@id":"https:\/\/secure.gravatar.com\/avatar\/0e37bb19071f47c0b8a23f62a903df117c5a0e75f65a0c2901562f97cd41cf86?s=96&d=mm&r=g","url":"https:\/\/secure.gravatar.com\/avatar\/0e37bb19071f47c0b8a23f62a903df117c5a0e75f65a0c2901562f97cd41cf86?s=96&d=mm&r=g","contentUrl":"https:\/\/secure.gravatar.com\/avatar\/0e37bb19071f47c0b8a23f62a903df117c5a0e75f65a0c2901562f97cd41cf86?s=96&d=mm&r=g","caption":"ritanery"}}]}},"amp_enabled":true,"_links":{"self":[{"href":"https:\/\/radiolifefm.com.br\/noticias\/wp-json\/wp\/v2\/posts\/100314","targetHints":{"allow":["GET"]}}],"collection":[{"href":"https:\/\/radiolifefm.com.br\/noticias\/wp-json\/wp\/v2\/posts"}],"about":[{"href":"https:\/\/radiolifefm.com.br\/noticias\/wp-json\/wp\/v2\/types\/post"}],"author":[{"embeddable":true,"href":"https:\/\/radiolifefm.com.br\/noticias\/wp-json\/wp\/v2\/users\/13"}],"replies":[{"embeddable":true,"href":"https:\/\/radiolifefm.com.br\/noticias\/wp-json\/wp\/v2\/comments?post=100314"}],"version-history":[{"count":1,"href":"https:\/\/radiolifefm.com.br\/noticias\/wp-json\/wp\/v2\/posts\/100314\/revisions"}],"predecessor-version":[{"id":100315,"href":"https:\/\/radiolifefm.com.br\/noticias\/wp-json\/wp\/v2\/posts\/100314\/revisions\/100315"}],"wp:featuredmedia":[{"embeddable":true,"href":"https:\/\/radiolifefm.com.br\/noticias\/wp-json\/wp\/v2\/media\/51988"}],"wp:attachment":[{"href":"https:\/\/radiolifefm.com.br\/noticias\/wp-json\/wp\/v2\/media?parent=100314"}],"wp:term":[{"taxonomy":"category","embeddable":true,"href":"https:\/\/radiolifefm.com.br\/noticias\/wp-json\/wp\/v2\/categories?post=100314"},{"taxonomy":"post_tag","embeddable":true,"href":"https:\/\/radiolifefm.com.br\/noticias\/wp-json\/wp\/v2\/tags?post=100314"}],"curies":[{"name":"wp","href":"https:\/\/api.w.org\/{rel}","templated":true}]}}