{"id":100239,"date":"2025-04-25T09:36:46","date_gmt":"2025-04-25T12:36:46","guid":{"rendered":"https:\/\/radiolifefm.com.br\/noticias\/?p=100239"},"modified":"2026-04-12T16:03:14","modified_gmt":"2026-04-12T19:03:14","slug":"projeto-de-lei-propoe-instituicao-do-dia-do-escritor-adamantinense-como-incentivo-a-escrita-e-a-leitura","status":"publish","type":"post","link":"https:\/\/radiolifefm.com.br\/noticias\/projeto-de-lei-propoe-instituicao-do-dia-do-escritor-adamantinense-como-incentivo-a-escrita-e-a-leitura\/","title":{"rendered":"Projeto de Lei Prop\u00f5e Institui\u00e7\u00e3o do &#8220;Dia do Escritor Adamantinense&#8221; como Incentivo \u00e0 Escrita e \u00e0 Leitura"},"content":{"rendered":"<div id=\"fb-root\"><\/div>\n<p>Dando continuidade \u00e0 programa\u00e7\u00e3o da 1\u00aa Semana Liter\u00e1ria de Adamantina, um sarau foi realizado na Biblioteca Municipal Jurema Citeli na \u00faltima quinta-feira (24 de abril). O evento contou com a participa\u00e7\u00e3o de escritores locais e de outras regi\u00f5es, como o Vale do Para\u00edba. Durante o encontro, os autores compartilharam hist\u00f3rias e experi\u00eancias que deram origem \u00e0s suas obras liter\u00e1rias.<img loading=\"lazy\" decoding=\"async\" class=\"aligncenter size-medium wp-image-100241\" src=\"https:\/\/static.radiolifefm.com.br\/noticias\/wp-content\/uploads\/2025\/04\/E62AE39E-6D1E-4A0D-A604-D962B56379CD-300x135.jpeg\" alt=\"\" width=\"300\" height=\"135\" srcset=\"https:\/\/radiolifefm.com.br\/noticias\/wp-content\/uploads\/2025\/04\/E62AE39E-6D1E-4A0D-A604-D962B56379CD-300x135.jpeg 300w, https:\/\/radiolifefm.com.br\/noticias\/wp-content\/uploads\/2025\/04\/E62AE39E-6D1E-4A0D-A604-D962B56379CD-1024x461.jpeg 1024w, https:\/\/radiolifefm.com.br\/noticias\/wp-content\/uploads\/2025\/04\/E62AE39E-6D1E-4A0D-A604-D962B56379CD-768x346.jpeg 768w, https:\/\/radiolifefm.com.br\/noticias\/wp-content\/uploads\/2025\/04\/E62AE39E-6D1E-4A0D-A604-D962B56379CD.jpeg 1080w\" sizes=\"auto, (max-width: 300px) 100vw, 300px\" \/><\/p>\n<p>Entre os destaques da noite esteve a proposta de cria\u00e7\u00e3o do &#8220;Dia do Escritor Adamantinense&#8221;, apresentada em um encontro de escritores ocorrido no ano passado, no dia 30 de novembro. A ideia foi amplamente apoiada pelos presentes na ocasi\u00e3o. Como resultado, o professor e vereador Daniel Fabri requisitou a formaliza\u00e7\u00e3o da proposta por meio da Lei Municipal N\u00ba 017, de 3 de abril de 2025. O projeto prev\u00ea a institui\u00e7\u00e3o da data de 25 de julho como o &#8220;Dia do Escritor Adamantinense&#8221;, em alus\u00e3o ao Dia Nacional do Escritor.<\/p>\n<p>O projeto de lei ser\u00e1 submetido \u00e0 vota\u00e7\u00e3o na C\u00e2mara Municipal de Vereadores na pr\u00f3xima segunda-feira (28 de abril). Caso aprovado, o &#8220;Dia do Escritor Adamantinense&#8221; ser\u00e1 um marco para incentivar a escrita e a leitura no munic\u00edpio, promovendo o reconhecimento e a valoriza\u00e7\u00e3o dos escritores locais e suas contribui\u00e7\u00f5es culturais.<\/p>\n<p>A Semana Liter\u00e1ria segue nesta sexta-feira (25 de abril), com atividades programadas das 8h30 \u00e0s 17h, no Anfiteatro Fernando Paloni.<\/p>\n<p>A cria\u00e7\u00e3o do &#8220;Dia do Escritor Adamantinense&#8221; representa um passo importante para fomentar a produ\u00e7\u00e3o liter\u00e1ria e estimular o h\u00e1bito da leitura, consolidando Adamantina como um espa\u00e7o de destaque para a literatura e cultura no estado de S\u00e3o Paulo.<\/p>\n","protected":false},"excerpt":{"rendered":"<p>Dando continuidade \u00e0 programa\u00e7\u00e3o da 1\u00aa Semana Liter\u00e1ria de Adamantina, um sarau foi realizado na Biblioteca Municipal Jurema Citeli na \u00faltima quinta-feira (24 de abril). O evento contou com a participa\u00e7\u00e3o de escritores locais e de outras regi\u00f5es, como o Vale do Para\u00edba. Durante o encontro, os autores compartilharam hist\u00f3rias e experi\u00eancias que deram origem [&hellip;]<\/p>\n","protected":false},"author":8,"featured_media":100240,"comment_status":"closed","ping_status":"open","sticky":false,"template":"","format":"standard","meta":{"_acf_changed":false,"_exactmetrics_skip_tracking":false,"_exactmetrics_sitenote_active":false,"_exactmetrics_sitenote_note":"","_exactmetrics_sitenote_category":0,"footnotes":""},"categories":[1],"tags":[],"class_list":["post-100239","post","type-post","status-publish","format-standard","has-post-thumbnail","hentry","category-geral"],"acf":[],"yoast_head":"<!-- This site is optimized with the Yoast SEO plugin v27.2 - https:\/\/yoast.com\/product\/yoast-seo-wordpress\/ -->\n<title>Projeto de Lei Prop\u00f5e Institui\u00e7\u00e3o do &quot;Dia do Escritor Adamantinense&quot; como Incentivo \u00e0 Escrita e \u00e0 Leitura - R\u00e1dio Life FM<\/title>\n<meta name=\"robots\" content=\"index, follow, max-snippet:-1, max-image-preview:large, max-video-preview:-1\" \/>\n<link rel=\"canonical\" href=\"https:\/\/radiolifefm.com.br\/noticias\/projeto-de-lei-propoe-instituicao-do-dia-do-escritor-adamantinense-como-incentivo-a-escrita-e-a-leitura\/\" \/>\n<meta property=\"og:locale\" content=\"pt_BR\" \/>\n<meta property=\"og:type\" content=\"article\" \/>\n<meta property=\"og:title\" content=\"Projeto de Lei Prop\u00f5e Institui\u00e7\u00e3o do &quot;Dia do Escritor Adamantinense&quot; como Incentivo \u00e0 Escrita e \u00e0 Leitura - R\u00e1dio Life FM\" \/>\n<meta property=\"og:description\" content=\"Dando continuidade \u00e0 programa\u00e7\u00e3o da 1\u00aa Semana Liter\u00e1ria de Adamantina, um sarau foi realizado na Biblioteca Municipal Jurema Citeli na \u00faltima quinta-feira (24 de abril). O evento contou com a participa\u00e7\u00e3o de escritores locais e de outras regi\u00f5es, como o Vale do Para\u00edba. Durante o encontro, os autores compartilharam hist\u00f3rias e experi\u00eancias que deram origem [&hellip;]\" \/>\n<meta property=\"og:url\" content=\"https:\/\/radiolifefm.com.br\/noticias\/projeto-de-lei-propoe-instituicao-do-dia-do-escritor-adamantinense-como-incentivo-a-escrita-e-a-leitura\/\" \/>\n<meta property=\"og:site_name\" content=\"R\u00e1dio Life FM\" \/>\n<meta property=\"article:publisher\" content=\"https:\/\/www.facebook.com\/radiolifefm\/\" \/>\n<meta property=\"article:published_time\" content=\"2025-04-25T12:36:46+00:00\" \/>\n<meta property=\"article:modified_time\" content=\"2026-04-12T19:03:14+00:00\" \/>\n<meta property=\"og:image\" content=\"https:\/\/radiolifefm.com.br\/noticias\/wp-content\/uploads\/2025\/04\/81101F2B-EA6C-4AF3-860A-047F8449BBB7.jpeg\" \/>\n\t<meta property=\"og:image:width\" content=\"1280\" \/>\n\t<meta property=\"og:image:height\" content=\"720\" \/>\n\t<meta property=\"og:image:type\" content=\"image\/jpeg\" \/>\n<meta name=\"author\" content=\"joaograndao\" \/>\n<meta name=\"twitter:card\" content=\"summary_large_image\" \/>\n<meta name=\"twitter:label1\" content=\"Escrito por\" \/>\n\t<meta name=\"twitter:data1\" content=\"joaograndao\" \/>\n\t<meta name=\"twitter:label2\" content=\"Est. tempo de leitura\" \/>\n\t<meta name=\"twitter:data2\" content=\"2 minutos\" \/>\n<script type=\"application\/ld+json\" class=\"yoast-schema-graph\">{\"@context\":\"https:\/\/schema.org\",\"@graph\":[{\"@type\":\"Article\",\"@id\":\"https:\/\/radiolifefm.com.br\/noticias\/projeto-de-lei-propoe-instituicao-do-dia-do-escritor-adamantinense-como-incentivo-a-escrita-e-a-leitura\/#article\",\"isPartOf\":{\"@id\":\"https:\/\/radiolifefm.com.br\/noticias\/projeto-de-lei-propoe-instituicao-do-dia-do-escritor-adamantinense-como-incentivo-a-escrita-e-a-leitura\/\"},\"author\":{\"name\":\"joaograndao\",\"@id\":\"https:\/\/radiolifefm.com.br\/noticias\/#\/schema\/person\/6876e1240feffe6e1b63fd5cb85abf28\"},\"headline\":\"Projeto de Lei Prop\u00f5e Institui\u00e7\u00e3o do &#8220;Dia do Escritor Adamantinense&#8221; como Incentivo \u00e0 Escrita e \u00e0 Leitura\",\"datePublished\":\"2025-04-25T12:36:46+00:00\",\"dateModified\":\"2026-04-12T19:03:14+00:00\",\"mainEntityOfPage\":{\"@id\":\"https:\/\/radiolifefm.com.br\/noticias\/projeto-de-lei-propoe-instituicao-do-dia-do-escritor-adamantinense-como-incentivo-a-escrita-e-a-leitura\/\"},\"wordCount\":290,\"publisher\":{\"@id\":\"https:\/\/radiolifefm.com.br\/noticias\/#organization\"},\"image\":{\"@id\":\"https:\/\/radiolifefm.com.br\/noticias\/projeto-de-lei-propoe-instituicao-do-dia-do-escritor-adamantinense-como-incentivo-a-escrita-e-a-leitura\/#primaryimage\"},\"thumbnailUrl\":\"https:\/\/radiolifefm.com.br\/noticias\/wp-content\/uploads\/2025\/04\/81101F2B-EA6C-4AF3-860A-047F8449BBB7.jpeg\",\"articleSection\":[\"Geral\"],\"inLanguage\":\"pt-BR\"},{\"@type\":\"WebPage\",\"@id\":\"https:\/\/radiolifefm.com.br\/noticias\/projeto-de-lei-propoe-instituicao-do-dia-do-escritor-adamantinense-como-incentivo-a-escrita-e-a-leitura\/\",\"url\":\"https:\/\/radiolifefm.com.br\/noticias\/projeto-de-lei-propoe-instituicao-do-dia-do-escritor-adamantinense-como-incentivo-a-escrita-e-a-leitura\/\",\"name\":\"Projeto de Lei Prop\u00f5e Institui\u00e7\u00e3o do \\\"Dia do Escritor Adamantinense\\\" como Incentivo \u00e0 Escrita e \u00e0 Leitura - R\u00e1dio Life FM\",\"isPartOf\":{\"@id\":\"https:\/\/radiolifefm.com.br\/noticias\/#website\"},\"primaryImageOfPage\":{\"@id\":\"https:\/\/radiolifefm.com.br\/noticias\/projeto-de-lei-propoe-instituicao-do-dia-do-escritor-adamantinense-como-incentivo-a-escrita-e-a-leitura\/#primaryimage\"},\"image\":{\"@id\":\"https:\/\/radiolifefm.com.br\/noticias\/projeto-de-lei-propoe-instituicao-do-dia-do-escritor-adamantinense-como-incentivo-a-escrita-e-a-leitura\/#primaryimage\"},\"thumbnailUrl\":\"https:\/\/radiolifefm.com.br\/noticias\/wp-content\/uploads\/2025\/04\/81101F2B-EA6C-4AF3-860A-047F8449BBB7.jpeg\",\"datePublished\":\"2025-04-25T12:36:46+00:00\",\"dateModified\":\"2026-04-12T19:03:14+00:00\",\"breadcrumb\":{\"@id\":\"https:\/\/radiolifefm.com.br\/noticias\/projeto-de-lei-propoe-instituicao-do-dia-do-escritor-adamantinense-como-incentivo-a-escrita-e-a-leitura\/#breadcrumb\"},\"inLanguage\":\"pt-BR\",\"potentialAction\":[{\"@type\":\"ReadAction\",\"target\":[\"https:\/\/radiolifefm.com.br\/noticias\/projeto-de-lei-propoe-instituicao-do-dia-do-escritor-adamantinense-como-incentivo-a-escrita-e-a-leitura\/\"]}]},{\"@type\":\"ImageObject\",\"inLanguage\":\"pt-BR\",\"@id\":\"https:\/\/radiolifefm.com.br\/noticias\/projeto-de-lei-propoe-instituicao-do-dia-do-escritor-adamantinense-como-incentivo-a-escrita-e-a-leitura\/#primaryimage\",\"url\":\"https:\/\/radiolifefm.com.br\/noticias\/wp-content\/uploads\/2025\/04\/81101F2B-EA6C-4AF3-860A-047F8449BBB7.jpeg\",\"contentUrl\":\"https:\/\/radiolifefm.com.br\/noticias\/wp-content\/uploads\/2025\/04\/81101F2B-EA6C-4AF3-860A-047F8449BBB7.jpeg\",\"width\":1280,\"height\":720},{\"@type\":\"BreadcrumbList\",\"@id\":\"https:\/\/radiolifefm.com.br\/noticias\/projeto-de-lei-propoe-instituicao-do-dia-do-escritor-adamantinense-como-incentivo-a-escrita-e-a-leitura\/#breadcrumb\",\"itemListElement\":[{\"@type\":\"ListItem\",\"position\":1,\"name\":\"In\u00edcio\",\"item\":\"https:\/\/radiolifefm.com.br\/noticias\/\"},{\"@type\":\"ListItem\",\"position\":2,\"name\":\"Projeto de Lei Prop\u00f5e Institui\u00e7\u00e3o do &#8220;Dia do Escritor Adamantinense&#8221; como Incentivo \u00e0 Escrita e \u00e0 Leitura\"}]},{\"@type\":\"WebSite\",\"@id\":\"https:\/\/radiolifefm.com.br\/noticias\/#website\",\"url\":\"https:\/\/radiolifefm.com.br\/noticias\/\",\"name\":\"R\u00e1dio Life FM\",\"description\":\"O Portal de Not\u00edcias de Adamantina\",\"publisher\":{\"@id\":\"https:\/\/radiolifefm.com.br\/noticias\/#organization\"},\"alternateName\":\"Life FM\",\"potentialAction\":[{\"@type\":\"SearchAction\",\"target\":{\"@type\":\"EntryPoint\",\"urlTemplate\":\"https:\/\/radiolifefm.com.br\/noticias\/?s={search_term_string}\"},\"query-input\":{\"@type\":\"PropertyValueSpecification\",\"valueRequired\":true,\"valueName\":\"search_term_string\"}}],\"inLanguage\":\"pt-BR\"},{\"@type\":\"Organization\",\"@id\":\"https:\/\/radiolifefm.com.br\/noticias\/#organization\",\"name\":\"R\u00e1dio Life FM\",\"alternateName\":\"Life FM\",\"url\":\"https:\/\/radiolifefm.com.br\/noticias\/\",\"logo\":{\"@type\":\"ImageObject\",\"inLanguage\":\"pt-BR\",\"@id\":\"https:\/\/radiolifefm.com.br\/noticias\/#\/schema\/logo\/image\/\",\"url\":\"https:\/\/static.radiolifefm.com.br\/noticias\/wp-content\/uploads\/2019\/10\/logo-lifefm.png\",\"contentUrl\":\"https:\/\/static.radiolifefm.com.br\/noticias\/wp-content\/uploads\/2019\/10\/logo-lifefm.png\",\"width\":196,\"height\":47,\"caption\":\"R\u00e1dio Life FM\"},\"image\":{\"@id\":\"https:\/\/radiolifefm.com.br\/noticias\/#\/schema\/logo\/image\/\"},\"sameAs\":[\"https:\/\/www.facebook.com\/radiolifefm\/\",\"https:\/\/www.instagram.com\/life1079fm\/\"]},{\"@type\":\"Person\",\"@id\":\"https:\/\/radiolifefm.com.br\/noticias\/#\/schema\/person\/6876e1240feffe6e1b63fd5cb85abf28\",\"name\":\"joaograndao\",\"image\":{\"@type\":\"ImageObject\",\"inLanguage\":\"pt-BR\",\"@id\":\"https:\/\/secure.gravatar.com\/avatar\/d5b1a3cf357ed9c50404e256a1294083aa8ab5d2a994001567302786016cb32c?s=96&d=mm&r=g\",\"url\":\"https:\/\/secure.gravatar.com\/avatar\/d5b1a3cf357ed9c50404e256a1294083aa8ab5d2a994001567302786016cb32c?s=96&d=mm&r=g\",\"contentUrl\":\"https:\/\/secure.gravatar.com\/avatar\/d5b1a3cf357ed9c50404e256a1294083aa8ab5d2a994001567302786016cb32c?s=96&d=mm&r=g\",\"caption\":\"joaograndao\"}}]}<\/script>\n<!-- \/ Yoast SEO plugin. -->","yoast_head_json":{"title":"Projeto de Lei Prop\u00f5e Institui\u00e7\u00e3o do \"Dia do Escritor Adamantinense\" como Incentivo \u00e0 Escrita e \u00e0 Leitura - R\u00e1dio Life FM","robots":{"index":"index","follow":"follow","max-snippet":"max-snippet:-1","max-image-preview":"max-image-preview:large","max-video-preview":"max-video-preview:-1"},"canonical":"https:\/\/radiolifefm.com.br\/noticias\/projeto-de-lei-propoe-instituicao-do-dia-do-escritor-adamantinense-como-incentivo-a-escrita-e-a-leitura\/","og_locale":"pt_BR","og_type":"article","og_title":"Projeto de Lei Prop\u00f5e Institui\u00e7\u00e3o do \"Dia do Escritor Adamantinense\" como Incentivo \u00e0 Escrita e \u00e0 Leitura - R\u00e1dio Life FM","og_description":"Dando continuidade \u00e0 programa\u00e7\u00e3o da 1\u00aa Semana Liter\u00e1ria de Adamantina, um sarau foi realizado na Biblioteca Municipal Jurema Citeli na \u00faltima quinta-feira (24 de abril). O evento contou com a participa\u00e7\u00e3o de escritores locais e de outras regi\u00f5es, como o Vale do Para\u00edba. Durante o encontro, os autores compartilharam hist\u00f3rias e experi\u00eancias que deram origem [&hellip;]","og_url":"https:\/\/radiolifefm.com.br\/noticias\/projeto-de-lei-propoe-instituicao-do-dia-do-escritor-adamantinense-como-incentivo-a-escrita-e-a-leitura\/","og_site_name":"R\u00e1dio Life FM","article_publisher":"https:\/\/www.facebook.com\/radiolifefm\/","article_published_time":"2025-04-25T12:36:46+00:00","article_modified_time":"2026-04-12T19:03:14+00:00","og_image":[{"width":1280,"height":720,"url":"https:\/\/radiolifefm.com.br\/noticias\/wp-content\/uploads\/2025\/04\/81101F2B-EA6C-4AF3-860A-047F8449BBB7.jpeg","type":"image\/jpeg"}],"author":"joaograndao","twitter_card":"summary_large_image","twitter_misc":{"Escrito por":"joaograndao","Est. tempo de leitura":"2 minutos"},"schema":{"@context":"https:\/\/schema.org","@graph":[{"@type":"Article","@id":"https:\/\/radiolifefm.com.br\/noticias\/projeto-de-lei-propoe-instituicao-do-dia-do-escritor-adamantinense-como-incentivo-a-escrita-e-a-leitura\/#article","isPartOf":{"@id":"https:\/\/radiolifefm.com.br\/noticias\/projeto-de-lei-propoe-instituicao-do-dia-do-escritor-adamantinense-como-incentivo-a-escrita-e-a-leitura\/"},"author":{"name":"joaograndao","@id":"https:\/\/radiolifefm.com.br\/noticias\/#\/schema\/person\/6876e1240feffe6e1b63fd5cb85abf28"},"headline":"Projeto de Lei Prop\u00f5e Institui\u00e7\u00e3o do &#8220;Dia do Escritor Adamantinense&#8221; como Incentivo \u00e0 Escrita e \u00e0 Leitura","datePublished":"2025-04-25T12:36:46+00:00","dateModified":"2026-04-12T19:03:14+00:00","mainEntityOfPage":{"@id":"https:\/\/radiolifefm.com.br\/noticias\/projeto-de-lei-propoe-instituicao-do-dia-do-escritor-adamantinense-como-incentivo-a-escrita-e-a-leitura\/"},"wordCount":290,"publisher":{"@id":"https:\/\/radiolifefm.com.br\/noticias\/#organization"},"image":{"@id":"https:\/\/radiolifefm.com.br\/noticias\/projeto-de-lei-propoe-instituicao-do-dia-do-escritor-adamantinense-como-incentivo-a-escrita-e-a-leitura\/#primaryimage"},"thumbnailUrl":"https:\/\/radiolifefm.com.br\/noticias\/wp-content\/uploads\/2025\/04\/81101F2B-EA6C-4AF3-860A-047F8449BBB7.jpeg","articleSection":["Geral"],"inLanguage":"pt-BR"},{"@type":"WebPage","@id":"https:\/\/radiolifefm.com.br\/noticias\/projeto-de-lei-propoe-instituicao-do-dia-do-escritor-adamantinense-como-incentivo-a-escrita-e-a-leitura\/","url":"https:\/\/radiolifefm.com.br\/noticias\/projeto-de-lei-propoe-instituicao-do-dia-do-escritor-adamantinense-como-incentivo-a-escrita-e-a-leitura\/","name":"Projeto de Lei Prop\u00f5e Institui\u00e7\u00e3o do \"Dia do Escritor Adamantinense\" como Incentivo \u00e0 Escrita e \u00e0 Leitura - R\u00e1dio Life FM","isPartOf":{"@id":"https:\/\/radiolifefm.com.br\/noticias\/#website"},"primaryImageOfPage":{"@id":"https:\/\/radiolifefm.com.br\/noticias\/projeto-de-lei-propoe-instituicao-do-dia-do-escritor-adamantinense-como-incentivo-a-escrita-e-a-leitura\/#primaryimage"},"image":{"@id":"https:\/\/radiolifefm.com.br\/noticias\/projeto-de-lei-propoe-instituicao-do-dia-do-escritor-adamantinense-como-incentivo-a-escrita-e-a-leitura\/#primaryimage"},"thumbnailUrl":"https:\/\/radiolifefm.com.br\/noticias\/wp-content\/uploads\/2025\/04\/81101F2B-EA6C-4AF3-860A-047F8449BBB7.jpeg","datePublished":"2025-04-25T12:36:46+00:00","dateModified":"2026-04-12T19:03:14+00:00","breadcrumb":{"@id":"https:\/\/radiolifefm.com.br\/noticias\/projeto-de-lei-propoe-instituicao-do-dia-do-escritor-adamantinense-como-incentivo-a-escrita-e-a-leitura\/#breadcrumb"},"inLanguage":"pt-BR","potentialAction":[{"@type":"ReadAction","target":["https:\/\/radiolifefm.com.br\/noticias\/projeto-de-lei-propoe-instituicao-do-dia-do-escritor-adamantinense-como-incentivo-a-escrita-e-a-leitura\/"]}]},{"@type":"ImageObject","inLanguage":"pt-BR","@id":"https:\/\/radiolifefm.com.br\/noticias\/projeto-de-lei-propoe-instituicao-do-dia-do-escritor-adamantinense-como-incentivo-a-escrita-e-a-leitura\/#primaryimage","url":"https:\/\/radiolifefm.com.br\/noticias\/wp-content\/uploads\/2025\/04\/81101F2B-EA6C-4AF3-860A-047F8449BBB7.jpeg","contentUrl":"https:\/\/radiolifefm.com.br\/noticias\/wp-content\/uploads\/2025\/04\/81101F2B-EA6C-4AF3-860A-047F8449BBB7.jpeg","width":1280,"height":720},{"@type":"BreadcrumbList","@id":"https:\/\/radiolifefm.com.br\/noticias\/projeto-de-lei-propoe-instituicao-do-dia-do-escritor-adamantinense-como-incentivo-a-escrita-e-a-leitura\/#breadcrumb","itemListElement":[{"@type":"ListItem","position":1,"name":"In\u00edcio","item":"https:\/\/radiolifefm.com.br\/noticias\/"},{"@type":"ListItem","position":2,"name":"Projeto de Lei Prop\u00f5e Institui\u00e7\u00e3o do &#8220;Dia do Escritor Adamantinense&#8221; como Incentivo \u00e0 Escrita e \u00e0 Leitura"}]},{"@type":"WebSite","@id":"https:\/\/radiolifefm.com.br\/noticias\/#website","url":"https:\/\/radiolifefm.com.br\/noticias\/","name":"R\u00e1dio Life FM","description":"O Portal de Not\u00edcias de Adamantina","publisher":{"@id":"https:\/\/radiolifefm.com.br\/noticias\/#organization"},"alternateName":"Life FM","potentialAction":[{"@type":"SearchAction","target":{"@type":"EntryPoint","urlTemplate":"https:\/\/radiolifefm.com.br\/noticias\/?s={search_term_string}"},"query-input":{"@type":"PropertyValueSpecification","valueRequired":true,"valueName":"search_term_string"}}],"inLanguage":"pt-BR"},{"@type":"Organization","@id":"https:\/\/radiolifefm.com.br\/noticias\/#organization","name":"R\u00e1dio Life FM","alternateName":"Life FM","url":"https:\/\/radiolifefm.com.br\/noticias\/","logo":{"@type":"ImageObject","inLanguage":"pt-BR","@id":"https:\/\/radiolifefm.com.br\/noticias\/#\/schema\/logo\/image\/","url":"https:\/\/static.radiolifefm.com.br\/noticias\/wp-content\/uploads\/2019\/10\/logo-lifefm.png","contentUrl":"https:\/\/static.radiolifefm.com.br\/noticias\/wp-content\/uploads\/2019\/10\/logo-lifefm.png","width":196,"height":47,"caption":"R\u00e1dio Life FM"},"image":{"@id":"https:\/\/radiolifefm.com.br\/noticias\/#\/schema\/logo\/image\/"},"sameAs":["https:\/\/www.facebook.com\/radiolifefm\/","https:\/\/www.instagram.com\/life1079fm\/"]},{"@type":"Person","@id":"https:\/\/radiolifefm.com.br\/noticias\/#\/schema\/person\/6876e1240feffe6e1b63fd5cb85abf28","name":"joaograndao","image":{"@type":"ImageObject","inLanguage":"pt-BR","@id":"https:\/\/secure.gravatar.com\/avatar\/d5b1a3cf357ed9c50404e256a1294083aa8ab5d2a994001567302786016cb32c?s=96&d=mm&r=g","url":"https:\/\/secure.gravatar.com\/avatar\/d5b1a3cf357ed9c50404e256a1294083aa8ab5d2a994001567302786016cb32c?s=96&d=mm&r=g","contentUrl":"https:\/\/secure.gravatar.com\/avatar\/d5b1a3cf357ed9c50404e256a1294083aa8ab5d2a994001567302786016cb32c?s=96&d=mm&r=g","caption":"joaograndao"}}]}},"amp_enabled":true,"_links":{"self":[{"href":"https:\/\/radiolifefm.com.br\/noticias\/wp-json\/wp\/v2\/posts\/100239","targetHints":{"allow":["GET"]}}],"collection":[{"href":"https:\/\/radiolifefm.com.br\/noticias\/wp-json\/wp\/v2\/posts"}],"about":[{"href":"https:\/\/radiolifefm.com.br\/noticias\/wp-json\/wp\/v2\/types\/post"}],"author":[{"embeddable":true,"href":"https:\/\/radiolifefm.com.br\/noticias\/wp-json\/wp\/v2\/users\/8"}],"replies":[{"embeddable":true,"href":"https:\/\/radiolifefm.com.br\/noticias\/wp-json\/wp\/v2\/comments?post=100239"}],"version-history":[{"count":1,"href":"https:\/\/radiolifefm.com.br\/noticias\/wp-json\/wp\/v2\/posts\/100239\/revisions"}],"predecessor-version":[{"id":100242,"href":"https:\/\/radiolifefm.com.br\/noticias\/wp-json\/wp\/v2\/posts\/100239\/revisions\/100242"}],"wp:featuredmedia":[{"embeddable":true,"href":"https:\/\/radiolifefm.com.br\/noticias\/wp-json\/wp\/v2\/media\/100240"}],"wp:attachment":[{"href":"https:\/\/radiolifefm.com.br\/noticias\/wp-json\/wp\/v2\/media?parent=100239"}],"wp:term":[{"taxonomy":"category","embeddable":true,"href":"https:\/\/radiolifefm.com.br\/noticias\/wp-json\/wp\/v2\/categories?post=100239"},{"taxonomy":"post_tag","embeddable":true,"href":"https:\/\/radiolifefm.com.br\/noticias\/wp-json\/wp\/v2\/tags?post=100239"}],"curies":[{"name":"wp","href":"https:\/\/api.w.org\/{rel}","templated":true}]}}