{"id":100186,"date":"2025-04-24T10:12:04","date_gmt":"2025-04-24T13:12:04","guid":{"rendered":"https:\/\/radiolifefm.com.br\/noticias\/?p=100186"},"modified":"2026-04-09T08:36:12","modified_gmt":"2026-04-09T11:36:12","slug":"pec-do-fim-da-reeleicao-para-chefes-do-executivo-avanca-no-senado","status":"publish","type":"post","link":"https:\/\/radiolifefm.com.br\/noticias\/pec-do-fim-da-reeleicao-para-chefes-do-executivo-avanca-no-senado\/","title":{"rendered":"PEC do fim da reelei\u00e7\u00e3o para chefes do Executivo avan\u00e7a no Senado"},"content":{"rendered":"<div id=\"fb-root\"><\/div>\n<p>A\u00a0<a href=\"https:\/\/legis.senado.leg.br\/sdleg-getter\/documento?dm=9157002&amp;ts=1745410076946&amp;disposition=inline\" target=\"_blank\" rel=\"noopener\">proposta de emenda \u00e0 Constitui\u00e7\u00e3o (PEC) que acaba com a reelei\u00e7\u00e3o<\/a>\u00a0para presidente da Rep\u00fablica, governadores e prefeitos foi lida nesta quarta-feira (23) na Comiss\u00e3o de Constitui\u00e7\u00e3o e Justi\u00e7a (CCJ) do Senado.\u00a0<strong>Um pedido de vista adiou a vota\u00e7\u00e3o para o dia 7 de maio.<\/strong>\u00a0\u00a0<img decoding=\"async\" src=\"https:\/\/agenciabrasil.ebc.com.br\/ebc.png?id=1639913&amp;o=node\" \/><img decoding=\"async\" src=\"https:\/\/agenciabrasil.ebc.com.br\/ebc.gif?id=1639913&amp;o=node\" \/><\/p>\n<p>A PEC prev\u00ea uma regra de transi\u00e7\u00e3o com o fim da reelei\u00e7\u00e3o apenas para quem for eleito em 2034; prorroga os mandatos do Executivo de 4 para 5 anos, incluindo os vereadores e deputados federais, estaduais e distritais, e unifica todas as elei\u00e7\u00f5es para o mesmo ano. Em vez de elei\u00e7\u00f5es a cada 2 anos, o Brasil teria elei\u00e7\u00f5es a cada 5 anos. Prefeitos e vereadores eleitos em 2028 teriam mandato de 6 anos, sem direito \u00e0 reelei\u00e7\u00e3o para prefeitos. J\u00e1 os senadores teriam os mandatos ampliados de 8 para 10 anos.<\/p>\n<p><strong>Nenhum senador se manifestou contra o fim da reelei\u00e7\u00e3o na CCJ<\/strong>, sugerindo consenso para a proposta. Por\u00e9m, a regra de transi\u00e7\u00e3o foi criticada com um pedido para o fim da reelei\u00e7\u00e3o para os eleitos j\u00e1 em 2026.<\/p>\n<p><strong>O relator da mat\u00e9ria, senador Marcelo Castro (MDB-PI), justificou a medida argumentando que a reelei\u00e7\u00e3o fez mal ao Brasil.<\/strong><\/p>\n<blockquote><p>\u201cAo inv\u00e9s de possibilitar aos eleitores a op\u00e7\u00e3o pela recondu\u00e7\u00e3o de mandat\u00e1rios de sucesso, contribuindo para aprimorar a qualidade dos mandatos, a reelei\u00e7\u00e3o resultou num vi\u00e9s pernicioso, de est\u00edmulo aos chefes do Poder Executivo pela op\u00e7\u00e3o de agendas imediatistas, de f\u00e1cil retorno eleitoral, em preju\u00edzo de projetos estruturantes, de longa matura\u00e7\u00e3o, apesar de prefer\u00edveis\u201d, explicou Castro.<\/p><\/blockquote>\n<p>A possibilidade de reelei\u00e7\u00e3o foi inclu\u00edda no pa\u00eds no primeiro governo de Fernando Henrique Cardoso, em 1997, mudan\u00e7a que permitiu a reelei\u00e7\u00e3o do pol\u00edtico em 1998.<\/p>\n<p><strong>O senador Omar Aziz (PSD-AM) sustentou que \u00e9 melhor acabar logo com a reelei\u00e7\u00e3o porque at\u00e9 2034 novos legisladores podem mudar a regra novamente.<\/strong><\/p>\n<p>\u201cSe a gente for esperar 2034, ningu\u00e9m sabe se a gente vai estar aqui ainda. A reelei\u00e7\u00e3o no pa\u00eds foi a pior coisa que a gente poderia ter feito para o Brasil, para os brasileiros, para os governos, porque o cara vai para uma reelei\u00e7\u00e3o, e faz loucura para se reeleger. Caso ele perca, ele entrega o governo estra\u00e7alhado para o sucessor\u201d, avalia.<\/p>\n<p>O relator Marcelo Castro sugeriu a possibilidade de um acordo para antecipar o fim da reelei\u00e7\u00e3o para os eleitos em 2028.<\/p>\n<blockquote><p>\u201cPodemos chegar a um entendimento e encurtar um pouco [a regra de transi\u00e7\u00e3o]. O princ\u00edpio que tracei foi o de n\u00e3o ferir o direito adquirido, e at\u00e9 mesmo a expectativa de direito. Mas podemos chegar a um acordo\u201d.<\/p><\/blockquote>\n<p><strong>Foram apresentadas emendas \u00e0 PEC para reduzir o n\u00famero de senadores para dois por unidade da federa\u00e7\u00e3o.<\/strong>\u00a0Atualmente, s\u00e3o tr\u00eas por estado. Outra emenda pediu a redu\u00e7\u00e3o dos mandatos de senadores de 10 para 5 anos. Mas as propostas foram rejeitadas pelo relator, argumentando que n\u00e3o h\u00e1 consenso e debate suficiente para reduzir o tempo dos mandatos ou o n\u00famero de senadores.<\/p>\n<blockquote><p>\u201cO debate a respeito da redu\u00e7\u00e3o dos mandatos dos senadores \u00e9 insuficiente para construir um acordo m\u00ednimo sobre a mat\u00e9ria\u201d, disse.<\/p>\n<p>Fonte: Ag\u00eancia Brasil<\/p><\/blockquote>\n","protected":false},"excerpt":{"rendered":"<p>A\u00a0proposta de emenda \u00e0 Constitui\u00e7\u00e3o (PEC) que acaba com a reelei\u00e7\u00e3o\u00a0para presidente da Rep\u00fablica, governadores e prefeitos foi lida nesta quarta-feira (23) na Comiss\u00e3o de Constitui\u00e7\u00e3o e Justi\u00e7a (CCJ) do Senado.\u00a0Um pedido de vista adiou a vota\u00e7\u00e3o para o dia 7 de maio.\u00a0\u00a0 A PEC prev\u00ea uma regra de transi\u00e7\u00e3o com o fim da reelei\u00e7\u00e3o [&hellip;]<\/p>\n","protected":false},"author":13,"featured_media":100187,"comment_status":"closed","ping_status":"open","sticky":false,"template":"","format":"standard","meta":{"_acf_changed":false,"_exactmetrics_skip_tracking":false,"_exactmetrics_sitenote_active":false,"_exactmetrics_sitenote_note":"","_exactmetrics_sitenote_category":0,"footnotes":""},"categories":[1],"tags":[],"class_list":["post-100186","post","type-post","status-publish","format-standard","has-post-thumbnail","hentry","category-geral"],"acf":[],"yoast_head":"<!-- This site is optimized with the Yoast SEO plugin v27.2 - https:\/\/yoast.com\/product\/yoast-seo-wordpress\/ -->\n<title>PEC do fim da reelei\u00e7\u00e3o para chefes do Executivo avan\u00e7a no Senado - R\u00e1dio Life FM<\/title>\n<meta name=\"robots\" content=\"index, follow, max-snippet:-1, max-image-preview:large, max-video-preview:-1\" \/>\n<link rel=\"canonical\" href=\"https:\/\/radiolifefm.com.br\/noticias\/pec-do-fim-da-reeleicao-para-chefes-do-executivo-avanca-no-senado\/\" \/>\n<meta property=\"og:locale\" content=\"pt_BR\" \/>\n<meta property=\"og:type\" content=\"article\" \/>\n<meta property=\"og:title\" content=\"PEC do fim da reelei\u00e7\u00e3o para chefes do Executivo avan\u00e7a no Senado - R\u00e1dio Life FM\" \/>\n<meta property=\"og:description\" content=\"A\u00a0proposta de emenda \u00e0 Constitui\u00e7\u00e3o (PEC) que acaba com a reelei\u00e7\u00e3o\u00a0para presidente da Rep\u00fablica, governadores e prefeitos foi lida nesta quarta-feira (23) na Comiss\u00e3o de Constitui\u00e7\u00e3o e Justi\u00e7a (CCJ) do Senado.\u00a0Um pedido de vista adiou a vota\u00e7\u00e3o para o dia 7 de maio.\u00a0\u00a0 A PEC prev\u00ea uma regra de transi\u00e7\u00e3o com o fim da reelei\u00e7\u00e3o [&hellip;]\" \/>\n<meta property=\"og:url\" content=\"https:\/\/radiolifefm.com.br\/noticias\/pec-do-fim-da-reeleicao-para-chefes-do-executivo-avanca-no-senado\/\" \/>\n<meta property=\"og:site_name\" content=\"R\u00e1dio Life FM\" \/>\n<meta property=\"article:publisher\" content=\"https:\/\/www.facebook.com\/radiolifefm\/\" \/>\n<meta property=\"article:published_time\" content=\"2025-04-24T13:12:04+00:00\" \/>\n<meta property=\"article:modified_time\" content=\"2026-04-09T11:36:12+00:00\" \/>\n<meta property=\"og:image\" content=\"https:\/\/radiolifefm.com.br\/noticias\/wp-content\/uploads\/2025\/04\/cats-4.jpg\" \/>\n\t<meta property=\"og:image:width\" content=\"1170\" \/>\n\t<meta property=\"og:image:height\" content=\"700\" \/>\n\t<meta property=\"og:image:type\" content=\"image\/jpeg\" \/>\n<meta name=\"author\" content=\"ritanery\" \/>\n<meta name=\"twitter:card\" content=\"summary_large_image\" \/>\n<meta name=\"twitter:label1\" content=\"Escrito por\" \/>\n\t<meta name=\"twitter:data1\" content=\"ritanery\" \/>\n\t<meta name=\"twitter:label2\" content=\"Est. tempo de leitura\" \/>\n\t<meta name=\"twitter:data2\" content=\"3 minutos\" \/>\n<script type=\"application\/ld+json\" class=\"yoast-schema-graph\">{\"@context\":\"https:\/\/schema.org\",\"@graph\":[{\"@type\":\"Article\",\"@id\":\"https:\/\/radiolifefm.com.br\/noticias\/pec-do-fim-da-reeleicao-para-chefes-do-executivo-avanca-no-senado\/#article\",\"isPartOf\":{\"@id\":\"https:\/\/radiolifefm.com.br\/noticias\/pec-do-fim-da-reeleicao-para-chefes-do-executivo-avanca-no-senado\/\"},\"author\":{\"name\":\"ritanery\",\"@id\":\"https:\/\/radiolifefm.com.br\/noticias\/#\/schema\/person\/6339b9fac59d12b071dec680d7375d87\"},\"headline\":\"PEC do fim da reelei\u00e7\u00e3o para chefes do Executivo avan\u00e7a no Senado\",\"datePublished\":\"2025-04-24T13:12:04+00:00\",\"dateModified\":\"2026-04-09T11:36:12+00:00\",\"mainEntityOfPage\":{\"@id\":\"https:\/\/radiolifefm.com.br\/noticias\/pec-do-fim-da-reeleicao-para-chefes-do-executivo-avanca-no-senado\/\"},\"wordCount\":556,\"publisher\":{\"@id\":\"https:\/\/radiolifefm.com.br\/noticias\/#organization\"},\"image\":{\"@id\":\"https:\/\/radiolifefm.com.br\/noticias\/pec-do-fim-da-reeleicao-para-chefes-do-executivo-avanca-no-senado\/#primaryimage\"},\"thumbnailUrl\":\"https:\/\/radiolifefm.com.br\/noticias\/wp-content\/uploads\/2025\/04\/cats-4.jpg\",\"articleSection\":[\"Geral\"],\"inLanguage\":\"pt-BR\"},{\"@type\":\"WebPage\",\"@id\":\"https:\/\/radiolifefm.com.br\/noticias\/pec-do-fim-da-reeleicao-para-chefes-do-executivo-avanca-no-senado\/\",\"url\":\"https:\/\/radiolifefm.com.br\/noticias\/pec-do-fim-da-reeleicao-para-chefes-do-executivo-avanca-no-senado\/\",\"name\":\"PEC do fim da reelei\u00e7\u00e3o para chefes do Executivo avan\u00e7a no Senado - R\u00e1dio Life FM\",\"isPartOf\":{\"@id\":\"https:\/\/radiolifefm.com.br\/noticias\/#website\"},\"primaryImageOfPage\":{\"@id\":\"https:\/\/radiolifefm.com.br\/noticias\/pec-do-fim-da-reeleicao-para-chefes-do-executivo-avanca-no-senado\/#primaryimage\"},\"image\":{\"@id\":\"https:\/\/radiolifefm.com.br\/noticias\/pec-do-fim-da-reeleicao-para-chefes-do-executivo-avanca-no-senado\/#primaryimage\"},\"thumbnailUrl\":\"https:\/\/radiolifefm.com.br\/noticias\/wp-content\/uploads\/2025\/04\/cats-4.jpg\",\"datePublished\":\"2025-04-24T13:12:04+00:00\",\"dateModified\":\"2026-04-09T11:36:12+00:00\",\"breadcrumb\":{\"@id\":\"https:\/\/radiolifefm.com.br\/noticias\/pec-do-fim-da-reeleicao-para-chefes-do-executivo-avanca-no-senado\/#breadcrumb\"},\"inLanguage\":\"pt-BR\",\"potentialAction\":[{\"@type\":\"ReadAction\",\"target\":[\"https:\/\/radiolifefm.com.br\/noticias\/pec-do-fim-da-reeleicao-para-chefes-do-executivo-avanca-no-senado\/\"]}]},{\"@type\":\"ImageObject\",\"inLanguage\":\"pt-BR\",\"@id\":\"https:\/\/radiolifefm.com.br\/noticias\/pec-do-fim-da-reeleicao-para-chefes-do-executivo-avanca-no-senado\/#primaryimage\",\"url\":\"https:\/\/radiolifefm.com.br\/noticias\/wp-content\/uploads\/2025\/04\/cats-4.jpg\",\"contentUrl\":\"https:\/\/radiolifefm.com.br\/noticias\/wp-content\/uploads\/2025\/04\/cats-4.jpg\",\"width\":1170,\"height\":700},{\"@type\":\"BreadcrumbList\",\"@id\":\"https:\/\/radiolifefm.com.br\/noticias\/pec-do-fim-da-reeleicao-para-chefes-do-executivo-avanca-no-senado\/#breadcrumb\",\"itemListElement\":[{\"@type\":\"ListItem\",\"position\":1,\"name\":\"In\u00edcio\",\"item\":\"https:\/\/radiolifefm.com.br\/noticias\/\"},{\"@type\":\"ListItem\",\"position\":2,\"name\":\"PEC do fim da reelei\u00e7\u00e3o para chefes do Executivo avan\u00e7a no Senado\"}]},{\"@type\":\"WebSite\",\"@id\":\"https:\/\/radiolifefm.com.br\/noticias\/#website\",\"url\":\"https:\/\/radiolifefm.com.br\/noticias\/\",\"name\":\"R\u00e1dio Life FM\",\"description\":\"O Portal de Not\u00edcias de Adamantina\",\"publisher\":{\"@id\":\"https:\/\/radiolifefm.com.br\/noticias\/#organization\"},\"alternateName\":\"Life FM\",\"potentialAction\":[{\"@type\":\"SearchAction\",\"target\":{\"@type\":\"EntryPoint\",\"urlTemplate\":\"https:\/\/radiolifefm.com.br\/noticias\/?s={search_term_string}\"},\"query-input\":{\"@type\":\"PropertyValueSpecification\",\"valueRequired\":true,\"valueName\":\"search_term_string\"}}],\"inLanguage\":\"pt-BR\"},{\"@type\":\"Organization\",\"@id\":\"https:\/\/radiolifefm.com.br\/noticias\/#organization\",\"name\":\"R\u00e1dio Life FM\",\"alternateName\":\"Life FM\",\"url\":\"https:\/\/radiolifefm.com.br\/noticias\/\",\"logo\":{\"@type\":\"ImageObject\",\"inLanguage\":\"pt-BR\",\"@id\":\"https:\/\/radiolifefm.com.br\/noticias\/#\/schema\/logo\/image\/\",\"url\":\"https:\/\/static.radiolifefm.com.br\/noticias\/wp-content\/uploads\/2019\/10\/logo-lifefm.png\",\"contentUrl\":\"https:\/\/static.radiolifefm.com.br\/noticias\/wp-content\/uploads\/2019\/10\/logo-lifefm.png\",\"width\":196,\"height\":47,\"caption\":\"R\u00e1dio Life FM\"},\"image\":{\"@id\":\"https:\/\/radiolifefm.com.br\/noticias\/#\/schema\/logo\/image\/\"},\"sameAs\":[\"https:\/\/www.facebook.com\/radiolifefm\/\",\"https:\/\/www.instagram.com\/life1079fm\/\"]},{\"@type\":\"Person\",\"@id\":\"https:\/\/radiolifefm.com.br\/noticias\/#\/schema\/person\/6339b9fac59d12b071dec680d7375d87\",\"name\":\"ritanery\",\"image\":{\"@type\":\"ImageObject\",\"inLanguage\":\"pt-BR\",\"@id\":\"https:\/\/secure.gravatar.com\/avatar\/0e37bb19071f47c0b8a23f62a903df117c5a0e75f65a0c2901562f97cd41cf86?s=96&d=mm&r=g\",\"url\":\"https:\/\/secure.gravatar.com\/avatar\/0e37bb19071f47c0b8a23f62a903df117c5a0e75f65a0c2901562f97cd41cf86?s=96&d=mm&r=g\",\"contentUrl\":\"https:\/\/secure.gravatar.com\/avatar\/0e37bb19071f47c0b8a23f62a903df117c5a0e75f65a0c2901562f97cd41cf86?s=96&d=mm&r=g\",\"caption\":\"ritanery\"}}]}<\/script>\n<!-- \/ Yoast SEO plugin. -->","yoast_head_json":{"title":"PEC do fim da reelei\u00e7\u00e3o para chefes do Executivo avan\u00e7a no Senado - R\u00e1dio Life FM","robots":{"index":"index","follow":"follow","max-snippet":"max-snippet:-1","max-image-preview":"max-image-preview:large","max-video-preview":"max-video-preview:-1"},"canonical":"https:\/\/radiolifefm.com.br\/noticias\/pec-do-fim-da-reeleicao-para-chefes-do-executivo-avanca-no-senado\/","og_locale":"pt_BR","og_type":"article","og_title":"PEC do fim da reelei\u00e7\u00e3o para chefes do Executivo avan\u00e7a no Senado - R\u00e1dio Life FM","og_description":"A\u00a0proposta de emenda \u00e0 Constitui\u00e7\u00e3o (PEC) que acaba com a reelei\u00e7\u00e3o\u00a0para presidente da Rep\u00fablica, governadores e prefeitos foi lida nesta quarta-feira (23) na Comiss\u00e3o de Constitui\u00e7\u00e3o e Justi\u00e7a (CCJ) do Senado.\u00a0Um pedido de vista adiou a vota\u00e7\u00e3o para o dia 7 de maio.\u00a0\u00a0 A PEC prev\u00ea uma regra de transi\u00e7\u00e3o com o fim da reelei\u00e7\u00e3o [&hellip;]","og_url":"https:\/\/radiolifefm.com.br\/noticias\/pec-do-fim-da-reeleicao-para-chefes-do-executivo-avanca-no-senado\/","og_site_name":"R\u00e1dio Life FM","article_publisher":"https:\/\/www.facebook.com\/radiolifefm\/","article_published_time":"2025-04-24T13:12:04+00:00","article_modified_time":"2026-04-09T11:36:12+00:00","og_image":[{"width":1170,"height":700,"url":"https:\/\/radiolifefm.com.br\/noticias\/wp-content\/uploads\/2025\/04\/cats-4.jpg","type":"image\/jpeg"}],"author":"ritanery","twitter_card":"summary_large_image","twitter_misc":{"Escrito por":"ritanery","Est. tempo de leitura":"3 minutos"},"schema":{"@context":"https:\/\/schema.org","@graph":[{"@type":"Article","@id":"https:\/\/radiolifefm.com.br\/noticias\/pec-do-fim-da-reeleicao-para-chefes-do-executivo-avanca-no-senado\/#article","isPartOf":{"@id":"https:\/\/radiolifefm.com.br\/noticias\/pec-do-fim-da-reeleicao-para-chefes-do-executivo-avanca-no-senado\/"},"author":{"name":"ritanery","@id":"https:\/\/radiolifefm.com.br\/noticias\/#\/schema\/person\/6339b9fac59d12b071dec680d7375d87"},"headline":"PEC do fim da reelei\u00e7\u00e3o para chefes do Executivo avan\u00e7a no Senado","datePublished":"2025-04-24T13:12:04+00:00","dateModified":"2026-04-09T11:36:12+00:00","mainEntityOfPage":{"@id":"https:\/\/radiolifefm.com.br\/noticias\/pec-do-fim-da-reeleicao-para-chefes-do-executivo-avanca-no-senado\/"},"wordCount":556,"publisher":{"@id":"https:\/\/radiolifefm.com.br\/noticias\/#organization"},"image":{"@id":"https:\/\/radiolifefm.com.br\/noticias\/pec-do-fim-da-reeleicao-para-chefes-do-executivo-avanca-no-senado\/#primaryimage"},"thumbnailUrl":"https:\/\/radiolifefm.com.br\/noticias\/wp-content\/uploads\/2025\/04\/cats-4.jpg","articleSection":["Geral"],"inLanguage":"pt-BR"},{"@type":"WebPage","@id":"https:\/\/radiolifefm.com.br\/noticias\/pec-do-fim-da-reeleicao-para-chefes-do-executivo-avanca-no-senado\/","url":"https:\/\/radiolifefm.com.br\/noticias\/pec-do-fim-da-reeleicao-para-chefes-do-executivo-avanca-no-senado\/","name":"PEC do fim da reelei\u00e7\u00e3o para chefes do Executivo avan\u00e7a no Senado - R\u00e1dio Life FM","isPartOf":{"@id":"https:\/\/radiolifefm.com.br\/noticias\/#website"},"primaryImageOfPage":{"@id":"https:\/\/radiolifefm.com.br\/noticias\/pec-do-fim-da-reeleicao-para-chefes-do-executivo-avanca-no-senado\/#primaryimage"},"image":{"@id":"https:\/\/radiolifefm.com.br\/noticias\/pec-do-fim-da-reeleicao-para-chefes-do-executivo-avanca-no-senado\/#primaryimage"},"thumbnailUrl":"https:\/\/radiolifefm.com.br\/noticias\/wp-content\/uploads\/2025\/04\/cats-4.jpg","datePublished":"2025-04-24T13:12:04+00:00","dateModified":"2026-04-09T11:36:12+00:00","breadcrumb":{"@id":"https:\/\/radiolifefm.com.br\/noticias\/pec-do-fim-da-reeleicao-para-chefes-do-executivo-avanca-no-senado\/#breadcrumb"},"inLanguage":"pt-BR","potentialAction":[{"@type":"ReadAction","target":["https:\/\/radiolifefm.com.br\/noticias\/pec-do-fim-da-reeleicao-para-chefes-do-executivo-avanca-no-senado\/"]}]},{"@type":"ImageObject","inLanguage":"pt-BR","@id":"https:\/\/radiolifefm.com.br\/noticias\/pec-do-fim-da-reeleicao-para-chefes-do-executivo-avanca-no-senado\/#primaryimage","url":"https:\/\/radiolifefm.com.br\/noticias\/wp-content\/uploads\/2025\/04\/cats-4.jpg","contentUrl":"https:\/\/radiolifefm.com.br\/noticias\/wp-content\/uploads\/2025\/04\/cats-4.jpg","width":1170,"height":700},{"@type":"BreadcrumbList","@id":"https:\/\/radiolifefm.com.br\/noticias\/pec-do-fim-da-reeleicao-para-chefes-do-executivo-avanca-no-senado\/#breadcrumb","itemListElement":[{"@type":"ListItem","position":1,"name":"In\u00edcio","item":"https:\/\/radiolifefm.com.br\/noticias\/"},{"@type":"ListItem","position":2,"name":"PEC do fim da reelei\u00e7\u00e3o para chefes do Executivo avan\u00e7a no Senado"}]},{"@type":"WebSite","@id":"https:\/\/radiolifefm.com.br\/noticias\/#website","url":"https:\/\/radiolifefm.com.br\/noticias\/","name":"R\u00e1dio Life FM","description":"O Portal de Not\u00edcias de Adamantina","publisher":{"@id":"https:\/\/radiolifefm.com.br\/noticias\/#organization"},"alternateName":"Life FM","potentialAction":[{"@type":"SearchAction","target":{"@type":"EntryPoint","urlTemplate":"https:\/\/radiolifefm.com.br\/noticias\/?s={search_term_string}"},"query-input":{"@type":"PropertyValueSpecification","valueRequired":true,"valueName":"search_term_string"}}],"inLanguage":"pt-BR"},{"@type":"Organization","@id":"https:\/\/radiolifefm.com.br\/noticias\/#organization","name":"R\u00e1dio Life FM","alternateName":"Life FM","url":"https:\/\/radiolifefm.com.br\/noticias\/","logo":{"@type":"ImageObject","inLanguage":"pt-BR","@id":"https:\/\/radiolifefm.com.br\/noticias\/#\/schema\/logo\/image\/","url":"https:\/\/static.radiolifefm.com.br\/noticias\/wp-content\/uploads\/2019\/10\/logo-lifefm.png","contentUrl":"https:\/\/static.radiolifefm.com.br\/noticias\/wp-content\/uploads\/2019\/10\/logo-lifefm.png","width":196,"height":47,"caption":"R\u00e1dio Life FM"},"image":{"@id":"https:\/\/radiolifefm.com.br\/noticias\/#\/schema\/logo\/image\/"},"sameAs":["https:\/\/www.facebook.com\/radiolifefm\/","https:\/\/www.instagram.com\/life1079fm\/"]},{"@type":"Person","@id":"https:\/\/radiolifefm.com.br\/noticias\/#\/schema\/person\/6339b9fac59d12b071dec680d7375d87","name":"ritanery","image":{"@type":"ImageObject","inLanguage":"pt-BR","@id":"https:\/\/secure.gravatar.com\/avatar\/0e37bb19071f47c0b8a23f62a903df117c5a0e75f65a0c2901562f97cd41cf86?s=96&d=mm&r=g","url":"https:\/\/secure.gravatar.com\/avatar\/0e37bb19071f47c0b8a23f62a903df117c5a0e75f65a0c2901562f97cd41cf86?s=96&d=mm&r=g","contentUrl":"https:\/\/secure.gravatar.com\/avatar\/0e37bb19071f47c0b8a23f62a903df117c5a0e75f65a0c2901562f97cd41cf86?s=96&d=mm&r=g","caption":"ritanery"}}]}},"amp_enabled":true,"_links":{"self":[{"href":"https:\/\/radiolifefm.com.br\/noticias\/wp-json\/wp\/v2\/posts\/100186","targetHints":{"allow":["GET"]}}],"collection":[{"href":"https:\/\/radiolifefm.com.br\/noticias\/wp-json\/wp\/v2\/posts"}],"about":[{"href":"https:\/\/radiolifefm.com.br\/noticias\/wp-json\/wp\/v2\/types\/post"}],"author":[{"embeddable":true,"href":"https:\/\/radiolifefm.com.br\/noticias\/wp-json\/wp\/v2\/users\/13"}],"replies":[{"embeddable":true,"href":"https:\/\/radiolifefm.com.br\/noticias\/wp-json\/wp\/v2\/comments?post=100186"}],"version-history":[{"count":1,"href":"https:\/\/radiolifefm.com.br\/noticias\/wp-json\/wp\/v2\/posts\/100186\/revisions"}],"predecessor-version":[{"id":100188,"href":"https:\/\/radiolifefm.com.br\/noticias\/wp-json\/wp\/v2\/posts\/100186\/revisions\/100188"}],"wp:featuredmedia":[{"embeddable":true,"href":"https:\/\/radiolifefm.com.br\/noticias\/wp-json\/wp\/v2\/media\/100187"}],"wp:attachment":[{"href":"https:\/\/radiolifefm.com.br\/noticias\/wp-json\/wp\/v2\/media?parent=100186"}],"wp:term":[{"taxonomy":"category","embeddable":true,"href":"https:\/\/radiolifefm.com.br\/noticias\/wp-json\/wp\/v2\/categories?post=100186"},{"taxonomy":"post_tag","embeddable":true,"href":"https:\/\/radiolifefm.com.br\/noticias\/wp-json\/wp\/v2\/tags?post=100186"}],"curies":[{"name":"wp","href":"https:\/\/api.w.org\/{rel}","templated":true}]}}