{"id":100169,"date":"2025-04-24T09:42:23","date_gmt":"2025-04-24T12:42:23","guid":{"rendered":"https:\/\/radiolifefm.com.br\/noticias\/?p=100169"},"modified":"2026-01-07T03:51:57","modified_gmt":"2026-01-07T06:51:57","slug":"1a-semana-literaria-destaque-para-lancamento-do-livro-breve-historia-de-mariapolis-e-apresentacoes-teatrais","status":"publish","type":"post","link":"https:\/\/radiolifefm.com.br\/noticias\/1a-semana-literaria-destaque-para-lancamento-do-livro-breve-historia-de-mariapolis-e-apresentacoes-teatrais\/","title":{"rendered":"1\u00aa Semana Liter\u00e1ria: Destaque para Lan\u00e7amento do Livro &#8220;Breve Hist\u00f3ria de Mari\u00e1polis&#8221; e Apresenta\u00e7\u00f5es Teatrais"},"content":{"rendered":"<div id=\"fb-root\"><\/div>\n<p>O Anfiteatro Fernando Paloni, em Adamantina, foi palco de uma noite memor\u00e1vel na \u00faltima quarta-feira (23 de abril), durante o lan\u00e7amento do livro *&#8221;Breve Hist\u00f3ria de Mari\u00e1polis \u2013 1943 a 2024&#8243;. A obra, assinada pelo professor e historiador Tiago Rafael dos Santos Alves, foi apresentada em grande estilo como parte da programa\u00e7\u00e3o da 1\u00aa Semana Liter\u00e1ria.<\/p>\n<div class='flex flex-wrap items-center -mx-1'>\r\n<a class='thumbnail gallery p-1 w-1\/2 md:w-1\/4' href='https:\/\/radiolifefm.com.br\/noticias\/wp-content\/uploads\/2025\/04\/WhatsApp-Image-2025-04-23-at-22.28.50.jpeg'><img class='border border-white' src='https:\/\/radiolifefm.com.br\/noticias\/wp-content\/uploads\/2025\/04\/WhatsApp-Image-2025-04-23-at-22.28.50-200x200.jpeg' alt='WhatsApp Image 2025 04 23 At 22.28.50' \/><\/a><a class='thumbnail gallery p-1 w-1\/2 md:w-1\/4' href='https:\/\/radiolifefm.com.br\/noticias\/wp-content\/uploads\/2025\/04\/WhatsApp-Image-2025-04-23-at-23.00.21-2.jpeg'><img class='border border-white' src='https:\/\/radiolifefm.com.br\/noticias\/wp-content\/uploads\/2025\/04\/WhatsApp-Image-2025-04-23-at-23.00.21-2-200x200.jpeg' alt='WhatsApp Image 2025 04 23 At 23.00.21 (2)' \/><\/a><\/div>\n<p>A iniciativa, que teve in\u00edcio na ter\u00e7a-feira (22 de abril), foi promovida com o apoio da Lei Aldir Blanc (PENAB 2, Lei n\u00ba 14.017\/2020). Paralelamente ao lan\u00e7amento, o p\u00fablico foi agraciado com a apresenta\u00e7\u00e3o de tr\u00eas cenas teatrais do formato curta-metragem, encenadas por alunos de teatro da Multiverso Teatral. As performances foram inspiradas em poemas presentes no livro 1\u00aa Antologia de Contos, Cr\u00f4nicas e Poemas Regionais da Nova Alta, sob a dire\u00e7\u00e3o da professora Let\u00edcia Rodrigues.<\/p>\n<div class='flex flex-wrap items-center -mx-1'>\r\n<a class='thumbnail gallery p-1 w-1\/2 md:w-1\/4' href='https:\/\/radiolifefm.com.br\/noticias\/wp-content\/uploads\/2025\/04\/WhatsApp-Image-2025-04-23-at-22.28.49.jpeg'><img class='border border-white' src='https:\/\/radiolifefm.com.br\/noticias\/wp-content\/uploads\/2025\/04\/WhatsApp-Image-2025-04-23-at-22.28.49-200x200.jpeg' alt='WhatsApp Image 2025 04 23 At 22.28.49' \/><\/a><a class='thumbnail gallery p-1 w-1\/2 md:w-1\/4' href='https:\/\/radiolifefm.com.br\/noticias\/wp-content\/uploads\/2025\/04\/WhatsApp-Image-2025-04-23-at-23.00.21-1.jpeg'><img class='border border-white' src='https:\/\/radiolifefm.com.br\/noticias\/wp-content\/uploads\/2025\/04\/WhatsApp-Image-2025-04-23-at-23.00.21-1-200x200.jpeg' alt='WhatsApp Image 2025 04 23 At 23.00.21 (1)' \/><\/a><\/div>\n<p>O evento contou com a presen\u00e7a de autoridades das cidades vizinhas, como Dracena, Tupi Paulista e Mari\u00e1polis, al\u00e9m de moradores de Adamantina, que prestigiaram a celebra\u00e7\u00e3o cultural.<\/p>\n<div class='flex flex-wrap items-center -mx-1'>\r\n<a class='thumbnail gallery p-1 w-1\/2 md:w-1\/4' href='https:\/\/radiolifefm.com.br\/noticias\/wp-content\/uploads\/2025\/04\/WhatsApp-Image-2025-04-23-at-22.28.45.jpeg'><img class='border border-white' src='https:\/\/radiolifefm.com.br\/noticias\/wp-content\/uploads\/2025\/04\/WhatsApp-Image-2025-04-23-at-22.28.45-200x200.jpeg' alt='WhatsApp Image 2025 04 23 At 22.28.45' \/><\/a><a class='thumbnail gallery p-1 w-1\/2 md:w-1\/4' href='https:\/\/radiolifefm.com.br\/noticias\/wp-content\/uploads\/2025\/04\/WhatsApp-Image-2025-04-23-at-23.00.21.jpeg'><img class='border border-white' src='https:\/\/radiolifefm.com.br\/noticias\/wp-content\/uploads\/2025\/04\/WhatsApp-Image-2025-04-23-at-23.00.21-200x200.jpeg' alt='WhatsApp Image 2025 04 23 At 23.00.21' \/><\/a><\/div>\n<p>A programa\u00e7\u00e3o da 1\u00aa Semana Liter\u00e1ria continua nesta quinta-feira (24 de abril), \u00e0s 19h30, com um encontro especial na Biblioteca Municipal Jurema Citeli. A atividade, intitulada Desbravando Conversas, reunir\u00e1 escritores de Adamantina para um di\u00e1logo enriquecedor com o p\u00fablico.<\/p>\n<div class='flex flex-wrap items-center -mx-1'>\r\n<a class='thumbnail gallery p-1 w-1\/2 md:w-1\/4' href='https:\/\/radiolifefm.com.br\/noticias\/wp-content\/uploads\/2025\/04\/WhatsApp-Image-2025-04-23-at-22.28.44.jpeg'><img class='border border-white' src='https:\/\/radiolifefm.com.br\/noticias\/wp-content\/uploads\/2025\/04\/WhatsApp-Image-2025-04-23-at-22.28.44-200x200.jpeg' alt='WhatsApp Image 2025 04 23 At 22.28.44' \/><\/a><a class='thumbnail gallery p-1 w-1\/2 md:w-1\/4' href='https:\/\/radiolifefm.com.br\/noticias\/wp-content\/uploads\/2025\/04\/WhatsApp-Image-2025-04-23-at-23.00.20-1.jpeg'><img class='border border-white' src='https:\/\/radiolifefm.com.br\/noticias\/wp-content\/uploads\/2025\/04\/WhatsApp-Image-2025-04-23-at-23.00.20-1-200x200.jpeg' alt='WhatsApp Image 2025 04 23 At 23.00.20 (1)' \/><\/a><\/div>\n<p>A Semana Liter\u00e1ria tem se destacado como um marco cultural e liter\u00e1rio da regi\u00e3o, promovendo a valoriza\u00e7\u00e3o da hist\u00f3ria e da arte local.<img loading=\"lazy\" decoding=\"async\" class=\"aligncenter size-medium wp-image-100181\" src=\"https:\/\/static.radiolifefm.com.br\/noticias\/wp-content\/uploads\/2025\/04\/WhatsApp-Image-2025-04-23-at-23.00.20-300x135.jpeg\" alt=\"\" width=\"300\" height=\"135\" srcset=\"https:\/\/radiolifefm.com.br\/noticias\/wp-content\/uploads\/2025\/04\/WhatsApp-Image-2025-04-23-at-23.00.20-300x135.jpeg 300w, https:\/\/radiolifefm.com.br\/noticias\/wp-content\/uploads\/2025\/04\/WhatsApp-Image-2025-04-23-at-23.00.20-1024x461.jpeg 1024w, https:\/\/radiolifefm.com.br\/noticias\/wp-content\/uploads\/2025\/04\/WhatsApp-Image-2025-04-23-at-23.00.20-768x346.jpeg 768w, https:\/\/radiolifefm.com.br\/noticias\/wp-content\/uploads\/2025\/04\/WhatsApp-Image-2025-04-23-at-23.00.20.jpeg 1280w\" sizes=\"auto, (max-width: 300px) 100vw, 300px\" \/><\/p>\n","protected":false},"excerpt":{"rendered":"<p>O Anfiteatro Fernando Paloni, em Adamantina, foi palco de uma noite memor\u00e1vel na \u00faltima quarta-feira (23 de abril), durante o lan\u00e7amento do livro *&#8221;Breve Hist\u00f3ria de Mari\u00e1polis \u2013 1943 a 2024&#8243;. A obra, assinada pelo professor e historiador Tiago Rafael dos Santos Alves, foi apresentada em grande estilo como parte da programa\u00e7\u00e3o da 1\u00aa Semana [&hellip;]<\/p>\n","protected":false},"author":8,"featured_media":100182,"comment_status":"closed","ping_status":"open","sticky":false,"template":"","format":"standard","meta":{"_acf_changed":false,"_exactmetrics_skip_tracking":false,"_exactmetrics_sitenote_active":false,"_exactmetrics_sitenote_note":"","_exactmetrics_sitenote_category":0,"footnotes":""},"categories":[1],"tags":[],"class_list":["post-100169","post","type-post","status-publish","format-standard","has-post-thumbnail","hentry","category-geral"],"acf":[],"yoast_head":"<!-- This site is optimized with the Yoast SEO plugin v27.2 - https:\/\/yoast.com\/product\/yoast-seo-wordpress\/ -->\n<title>1\u00aa Semana Liter\u00e1ria: Destaque para Lan\u00e7amento do Livro &quot;Breve Hist\u00f3ria de Mari\u00e1polis&quot; e Apresenta\u00e7\u00f5es Teatrais - R\u00e1dio Life FM<\/title>\n<meta name=\"robots\" content=\"index, follow, max-snippet:-1, max-image-preview:large, max-video-preview:-1\" \/>\n<link rel=\"canonical\" href=\"https:\/\/radiolifefm.com.br\/noticias\/1a-semana-literaria-destaque-para-lancamento-do-livro-breve-historia-de-mariapolis-e-apresentacoes-teatrais\/\" \/>\n<meta property=\"og:locale\" content=\"pt_BR\" \/>\n<meta property=\"og:type\" content=\"article\" \/>\n<meta property=\"og:title\" content=\"1\u00aa Semana Liter\u00e1ria: Destaque para Lan\u00e7amento do Livro &quot;Breve Hist\u00f3ria de Mari\u00e1polis&quot; e Apresenta\u00e7\u00f5es Teatrais - R\u00e1dio Life FM\" \/>\n<meta property=\"og:description\" content=\"O Anfiteatro Fernando Paloni, em Adamantina, foi palco de uma noite memor\u00e1vel na \u00faltima quarta-feira (23 de abril), durante o lan\u00e7amento do livro *&#8221;Breve Hist\u00f3ria de Mari\u00e1polis \u2013 1943 a 2024&#8243;. A obra, assinada pelo professor e historiador Tiago Rafael dos Santos Alves, foi apresentada em grande estilo como parte da programa\u00e7\u00e3o da 1\u00aa Semana [&hellip;]\" \/>\n<meta property=\"og:url\" content=\"https:\/\/radiolifefm.com.br\/noticias\/1a-semana-literaria-destaque-para-lancamento-do-livro-breve-historia-de-mariapolis-e-apresentacoes-teatrais\/\" \/>\n<meta property=\"og:site_name\" content=\"R\u00e1dio Life FM\" \/>\n<meta property=\"article:publisher\" content=\"https:\/\/www.facebook.com\/radiolifefm\/\" \/>\n<meta property=\"article:published_time\" content=\"2025-04-24T12:42:23+00:00\" \/>\n<meta property=\"article:modified_time\" content=\"2026-01-07T06:51:57+00:00\" \/>\n<meta property=\"og:image\" content=\"https:\/\/radiolifefm.com.br\/noticias\/wp-content\/uploads\/2025\/04\/WhatsApp-Image-2025-04-23-at-23.00.19.jpeg\" \/>\n\t<meta property=\"og:image:width\" content=\"1280\" \/>\n\t<meta property=\"og:image:height\" content=\"576\" \/>\n\t<meta property=\"og:image:type\" content=\"image\/jpeg\" \/>\n<meta name=\"author\" content=\"joaograndao\" \/>\n<meta name=\"twitter:card\" content=\"summary_large_image\" \/>\n<meta name=\"twitter:label1\" content=\"Escrito por\" \/>\n\t<meta name=\"twitter:data1\" content=\"joaograndao\" \/>\n\t<meta name=\"twitter:label2\" content=\"Est. tempo de leitura\" \/>\n\t<meta name=\"twitter:data2\" content=\"2 minutos\" \/>\n<script type=\"application\/ld+json\" class=\"yoast-schema-graph\">{\"@context\":\"https:\/\/schema.org\",\"@graph\":[{\"@type\":\"Article\",\"@id\":\"https:\/\/radiolifefm.com.br\/noticias\/1a-semana-literaria-destaque-para-lancamento-do-livro-breve-historia-de-mariapolis-e-apresentacoes-teatrais\/#article\",\"isPartOf\":{\"@id\":\"https:\/\/radiolifefm.com.br\/noticias\/1a-semana-literaria-destaque-para-lancamento-do-livro-breve-historia-de-mariapolis-e-apresentacoes-teatrais\/\"},\"author\":{\"name\":\"joaograndao\",\"@id\":\"https:\/\/radiolifefm.com.br\/noticias\/#\/schema\/person\/6876e1240feffe6e1b63fd5cb85abf28\"},\"headline\":\"1\u00aa Semana Liter\u00e1ria: Destaque para Lan\u00e7amento do Livro &#8220;Breve Hist\u00f3ria de Mari\u00e1polis&#8221; e Apresenta\u00e7\u00f5es Teatrais\",\"datePublished\":\"2025-04-24T12:42:23+00:00\",\"dateModified\":\"2026-01-07T06:51:57+00:00\",\"mainEntityOfPage\":{\"@id\":\"https:\/\/radiolifefm.com.br\/noticias\/1a-semana-literaria-destaque-para-lancamento-do-livro-breve-historia-de-mariapolis-e-apresentacoes-teatrais\/\"},\"wordCount\":265,\"publisher\":{\"@id\":\"https:\/\/radiolifefm.com.br\/noticias\/#organization\"},\"image\":{\"@id\":\"https:\/\/radiolifefm.com.br\/noticias\/1a-semana-literaria-destaque-para-lancamento-do-livro-breve-historia-de-mariapolis-e-apresentacoes-teatrais\/#primaryimage\"},\"thumbnailUrl\":\"https:\/\/radiolifefm.com.br\/noticias\/wp-content\/uploads\/2025\/04\/WhatsApp-Image-2025-04-23-at-23.00.19.jpeg\",\"articleSection\":[\"Geral\"],\"inLanguage\":\"pt-BR\"},{\"@type\":\"WebPage\",\"@id\":\"https:\/\/radiolifefm.com.br\/noticias\/1a-semana-literaria-destaque-para-lancamento-do-livro-breve-historia-de-mariapolis-e-apresentacoes-teatrais\/\",\"url\":\"https:\/\/radiolifefm.com.br\/noticias\/1a-semana-literaria-destaque-para-lancamento-do-livro-breve-historia-de-mariapolis-e-apresentacoes-teatrais\/\",\"name\":\"1\u00aa Semana Liter\u00e1ria: Destaque para Lan\u00e7amento do Livro \\\"Breve Hist\u00f3ria de Mari\u00e1polis\\\" e Apresenta\u00e7\u00f5es Teatrais - R\u00e1dio Life FM\",\"isPartOf\":{\"@id\":\"https:\/\/radiolifefm.com.br\/noticias\/#website\"},\"primaryImageOfPage\":{\"@id\":\"https:\/\/radiolifefm.com.br\/noticias\/1a-semana-literaria-destaque-para-lancamento-do-livro-breve-historia-de-mariapolis-e-apresentacoes-teatrais\/#primaryimage\"},\"image\":{\"@id\":\"https:\/\/radiolifefm.com.br\/noticias\/1a-semana-literaria-destaque-para-lancamento-do-livro-breve-historia-de-mariapolis-e-apresentacoes-teatrais\/#primaryimage\"},\"thumbnailUrl\":\"https:\/\/radiolifefm.com.br\/noticias\/wp-content\/uploads\/2025\/04\/WhatsApp-Image-2025-04-23-at-23.00.19.jpeg\",\"datePublished\":\"2025-04-24T12:42:23+00:00\",\"dateModified\":\"2026-01-07T06:51:57+00:00\",\"breadcrumb\":{\"@id\":\"https:\/\/radiolifefm.com.br\/noticias\/1a-semana-literaria-destaque-para-lancamento-do-livro-breve-historia-de-mariapolis-e-apresentacoes-teatrais\/#breadcrumb\"},\"inLanguage\":\"pt-BR\",\"potentialAction\":[{\"@type\":\"ReadAction\",\"target\":[\"https:\/\/radiolifefm.com.br\/noticias\/1a-semana-literaria-destaque-para-lancamento-do-livro-breve-historia-de-mariapolis-e-apresentacoes-teatrais\/\"]}]},{\"@type\":\"ImageObject\",\"inLanguage\":\"pt-BR\",\"@id\":\"https:\/\/radiolifefm.com.br\/noticias\/1a-semana-literaria-destaque-para-lancamento-do-livro-breve-historia-de-mariapolis-e-apresentacoes-teatrais\/#primaryimage\",\"url\":\"https:\/\/radiolifefm.com.br\/noticias\/wp-content\/uploads\/2025\/04\/WhatsApp-Image-2025-04-23-at-23.00.19.jpeg\",\"contentUrl\":\"https:\/\/radiolifefm.com.br\/noticias\/wp-content\/uploads\/2025\/04\/WhatsApp-Image-2025-04-23-at-23.00.19.jpeg\",\"width\":1280,\"height\":576},{\"@type\":\"BreadcrumbList\",\"@id\":\"https:\/\/radiolifefm.com.br\/noticias\/1a-semana-literaria-destaque-para-lancamento-do-livro-breve-historia-de-mariapolis-e-apresentacoes-teatrais\/#breadcrumb\",\"itemListElement\":[{\"@type\":\"ListItem\",\"position\":1,\"name\":\"In\u00edcio\",\"item\":\"https:\/\/radiolifefm.com.br\/noticias\/\"},{\"@type\":\"ListItem\",\"position\":2,\"name\":\"1\u00aa Semana Liter\u00e1ria: Destaque para Lan\u00e7amento do Livro &#8220;Breve Hist\u00f3ria de Mari\u00e1polis&#8221; e Apresenta\u00e7\u00f5es Teatrais\"}]},{\"@type\":\"WebSite\",\"@id\":\"https:\/\/radiolifefm.com.br\/noticias\/#website\",\"url\":\"https:\/\/radiolifefm.com.br\/noticias\/\",\"name\":\"R\u00e1dio Life FM\",\"description\":\"O Portal de Not\u00edcias de Adamantina\",\"publisher\":{\"@id\":\"https:\/\/radiolifefm.com.br\/noticias\/#organization\"},\"alternateName\":\"Life FM\",\"potentialAction\":[{\"@type\":\"SearchAction\",\"target\":{\"@type\":\"EntryPoint\",\"urlTemplate\":\"https:\/\/radiolifefm.com.br\/noticias\/?s={search_term_string}\"},\"query-input\":{\"@type\":\"PropertyValueSpecification\",\"valueRequired\":true,\"valueName\":\"search_term_string\"}}],\"inLanguage\":\"pt-BR\"},{\"@type\":\"Organization\",\"@id\":\"https:\/\/radiolifefm.com.br\/noticias\/#organization\",\"name\":\"R\u00e1dio Life FM\",\"alternateName\":\"Life FM\",\"url\":\"https:\/\/radiolifefm.com.br\/noticias\/\",\"logo\":{\"@type\":\"ImageObject\",\"inLanguage\":\"pt-BR\",\"@id\":\"https:\/\/radiolifefm.com.br\/noticias\/#\/schema\/logo\/image\/\",\"url\":\"https:\/\/static.radiolifefm.com.br\/noticias\/wp-content\/uploads\/2019\/10\/logo-lifefm.png\",\"contentUrl\":\"https:\/\/static.radiolifefm.com.br\/noticias\/wp-content\/uploads\/2019\/10\/logo-lifefm.png\",\"width\":196,\"height\":47,\"caption\":\"R\u00e1dio Life FM\"},\"image\":{\"@id\":\"https:\/\/radiolifefm.com.br\/noticias\/#\/schema\/logo\/image\/\"},\"sameAs\":[\"https:\/\/www.facebook.com\/radiolifefm\/\",\"https:\/\/www.instagram.com\/life1079fm\/\"]},{\"@type\":\"Person\",\"@id\":\"https:\/\/radiolifefm.com.br\/noticias\/#\/schema\/person\/6876e1240feffe6e1b63fd5cb85abf28\",\"name\":\"joaograndao\",\"image\":{\"@type\":\"ImageObject\",\"inLanguage\":\"pt-BR\",\"@id\":\"https:\/\/secure.gravatar.com\/avatar\/d5b1a3cf357ed9c50404e256a1294083aa8ab5d2a994001567302786016cb32c?s=96&d=mm&r=g\",\"url\":\"https:\/\/secure.gravatar.com\/avatar\/d5b1a3cf357ed9c50404e256a1294083aa8ab5d2a994001567302786016cb32c?s=96&d=mm&r=g\",\"contentUrl\":\"https:\/\/secure.gravatar.com\/avatar\/d5b1a3cf357ed9c50404e256a1294083aa8ab5d2a994001567302786016cb32c?s=96&d=mm&r=g\",\"caption\":\"joaograndao\"}}]}<\/script>\n<!-- \/ Yoast SEO plugin. -->","yoast_head_json":{"title":"1\u00aa Semana Liter\u00e1ria: Destaque para Lan\u00e7amento do Livro \"Breve Hist\u00f3ria de Mari\u00e1polis\" e Apresenta\u00e7\u00f5es Teatrais - R\u00e1dio Life FM","robots":{"index":"index","follow":"follow","max-snippet":"max-snippet:-1","max-image-preview":"max-image-preview:large","max-video-preview":"max-video-preview:-1"},"canonical":"https:\/\/radiolifefm.com.br\/noticias\/1a-semana-literaria-destaque-para-lancamento-do-livro-breve-historia-de-mariapolis-e-apresentacoes-teatrais\/","og_locale":"pt_BR","og_type":"article","og_title":"1\u00aa Semana Liter\u00e1ria: Destaque para Lan\u00e7amento do Livro \"Breve Hist\u00f3ria de Mari\u00e1polis\" e Apresenta\u00e7\u00f5es Teatrais - R\u00e1dio Life FM","og_description":"O Anfiteatro Fernando Paloni, em Adamantina, foi palco de uma noite memor\u00e1vel na \u00faltima quarta-feira (23 de abril), durante o lan\u00e7amento do livro *&#8221;Breve Hist\u00f3ria de Mari\u00e1polis \u2013 1943 a 2024&#8243;. A obra, assinada pelo professor e historiador Tiago Rafael dos Santos Alves, foi apresentada em grande estilo como parte da programa\u00e7\u00e3o da 1\u00aa Semana [&hellip;]","og_url":"https:\/\/radiolifefm.com.br\/noticias\/1a-semana-literaria-destaque-para-lancamento-do-livro-breve-historia-de-mariapolis-e-apresentacoes-teatrais\/","og_site_name":"R\u00e1dio Life FM","article_publisher":"https:\/\/www.facebook.com\/radiolifefm\/","article_published_time":"2025-04-24T12:42:23+00:00","article_modified_time":"2026-01-07T06:51:57+00:00","og_image":[{"width":1280,"height":576,"url":"https:\/\/radiolifefm.com.br\/noticias\/wp-content\/uploads\/2025\/04\/WhatsApp-Image-2025-04-23-at-23.00.19.jpeg","type":"image\/jpeg"}],"author":"joaograndao","twitter_card":"summary_large_image","twitter_misc":{"Escrito por":"joaograndao","Est. tempo de leitura":"2 minutos"},"schema":{"@context":"https:\/\/schema.org","@graph":[{"@type":"Article","@id":"https:\/\/radiolifefm.com.br\/noticias\/1a-semana-literaria-destaque-para-lancamento-do-livro-breve-historia-de-mariapolis-e-apresentacoes-teatrais\/#article","isPartOf":{"@id":"https:\/\/radiolifefm.com.br\/noticias\/1a-semana-literaria-destaque-para-lancamento-do-livro-breve-historia-de-mariapolis-e-apresentacoes-teatrais\/"},"author":{"name":"joaograndao","@id":"https:\/\/radiolifefm.com.br\/noticias\/#\/schema\/person\/6876e1240feffe6e1b63fd5cb85abf28"},"headline":"1\u00aa Semana Liter\u00e1ria: Destaque para Lan\u00e7amento do Livro &#8220;Breve Hist\u00f3ria de Mari\u00e1polis&#8221; e Apresenta\u00e7\u00f5es Teatrais","datePublished":"2025-04-24T12:42:23+00:00","dateModified":"2026-01-07T06:51:57+00:00","mainEntityOfPage":{"@id":"https:\/\/radiolifefm.com.br\/noticias\/1a-semana-literaria-destaque-para-lancamento-do-livro-breve-historia-de-mariapolis-e-apresentacoes-teatrais\/"},"wordCount":265,"publisher":{"@id":"https:\/\/radiolifefm.com.br\/noticias\/#organization"},"image":{"@id":"https:\/\/radiolifefm.com.br\/noticias\/1a-semana-literaria-destaque-para-lancamento-do-livro-breve-historia-de-mariapolis-e-apresentacoes-teatrais\/#primaryimage"},"thumbnailUrl":"https:\/\/radiolifefm.com.br\/noticias\/wp-content\/uploads\/2025\/04\/WhatsApp-Image-2025-04-23-at-23.00.19.jpeg","articleSection":["Geral"],"inLanguage":"pt-BR"},{"@type":"WebPage","@id":"https:\/\/radiolifefm.com.br\/noticias\/1a-semana-literaria-destaque-para-lancamento-do-livro-breve-historia-de-mariapolis-e-apresentacoes-teatrais\/","url":"https:\/\/radiolifefm.com.br\/noticias\/1a-semana-literaria-destaque-para-lancamento-do-livro-breve-historia-de-mariapolis-e-apresentacoes-teatrais\/","name":"1\u00aa Semana Liter\u00e1ria: Destaque para Lan\u00e7amento do Livro \"Breve Hist\u00f3ria de Mari\u00e1polis\" e Apresenta\u00e7\u00f5es Teatrais - R\u00e1dio Life FM","isPartOf":{"@id":"https:\/\/radiolifefm.com.br\/noticias\/#website"},"primaryImageOfPage":{"@id":"https:\/\/radiolifefm.com.br\/noticias\/1a-semana-literaria-destaque-para-lancamento-do-livro-breve-historia-de-mariapolis-e-apresentacoes-teatrais\/#primaryimage"},"image":{"@id":"https:\/\/radiolifefm.com.br\/noticias\/1a-semana-literaria-destaque-para-lancamento-do-livro-breve-historia-de-mariapolis-e-apresentacoes-teatrais\/#primaryimage"},"thumbnailUrl":"https:\/\/radiolifefm.com.br\/noticias\/wp-content\/uploads\/2025\/04\/WhatsApp-Image-2025-04-23-at-23.00.19.jpeg","datePublished":"2025-04-24T12:42:23+00:00","dateModified":"2026-01-07T06:51:57+00:00","breadcrumb":{"@id":"https:\/\/radiolifefm.com.br\/noticias\/1a-semana-literaria-destaque-para-lancamento-do-livro-breve-historia-de-mariapolis-e-apresentacoes-teatrais\/#breadcrumb"},"inLanguage":"pt-BR","potentialAction":[{"@type":"ReadAction","target":["https:\/\/radiolifefm.com.br\/noticias\/1a-semana-literaria-destaque-para-lancamento-do-livro-breve-historia-de-mariapolis-e-apresentacoes-teatrais\/"]}]},{"@type":"ImageObject","inLanguage":"pt-BR","@id":"https:\/\/radiolifefm.com.br\/noticias\/1a-semana-literaria-destaque-para-lancamento-do-livro-breve-historia-de-mariapolis-e-apresentacoes-teatrais\/#primaryimage","url":"https:\/\/radiolifefm.com.br\/noticias\/wp-content\/uploads\/2025\/04\/WhatsApp-Image-2025-04-23-at-23.00.19.jpeg","contentUrl":"https:\/\/radiolifefm.com.br\/noticias\/wp-content\/uploads\/2025\/04\/WhatsApp-Image-2025-04-23-at-23.00.19.jpeg","width":1280,"height":576},{"@type":"BreadcrumbList","@id":"https:\/\/radiolifefm.com.br\/noticias\/1a-semana-literaria-destaque-para-lancamento-do-livro-breve-historia-de-mariapolis-e-apresentacoes-teatrais\/#breadcrumb","itemListElement":[{"@type":"ListItem","position":1,"name":"In\u00edcio","item":"https:\/\/radiolifefm.com.br\/noticias\/"},{"@type":"ListItem","position":2,"name":"1\u00aa Semana Liter\u00e1ria: Destaque para Lan\u00e7amento do Livro &#8220;Breve Hist\u00f3ria de Mari\u00e1polis&#8221; e Apresenta\u00e7\u00f5es Teatrais"}]},{"@type":"WebSite","@id":"https:\/\/radiolifefm.com.br\/noticias\/#website","url":"https:\/\/radiolifefm.com.br\/noticias\/","name":"R\u00e1dio Life FM","description":"O Portal de Not\u00edcias de Adamantina","publisher":{"@id":"https:\/\/radiolifefm.com.br\/noticias\/#organization"},"alternateName":"Life FM","potentialAction":[{"@type":"SearchAction","target":{"@type":"EntryPoint","urlTemplate":"https:\/\/radiolifefm.com.br\/noticias\/?s={search_term_string}"},"query-input":{"@type":"PropertyValueSpecification","valueRequired":true,"valueName":"search_term_string"}}],"inLanguage":"pt-BR"},{"@type":"Organization","@id":"https:\/\/radiolifefm.com.br\/noticias\/#organization","name":"R\u00e1dio Life FM","alternateName":"Life FM","url":"https:\/\/radiolifefm.com.br\/noticias\/","logo":{"@type":"ImageObject","inLanguage":"pt-BR","@id":"https:\/\/radiolifefm.com.br\/noticias\/#\/schema\/logo\/image\/","url":"https:\/\/static.radiolifefm.com.br\/noticias\/wp-content\/uploads\/2019\/10\/logo-lifefm.png","contentUrl":"https:\/\/static.radiolifefm.com.br\/noticias\/wp-content\/uploads\/2019\/10\/logo-lifefm.png","width":196,"height":47,"caption":"R\u00e1dio Life FM"},"image":{"@id":"https:\/\/radiolifefm.com.br\/noticias\/#\/schema\/logo\/image\/"},"sameAs":["https:\/\/www.facebook.com\/radiolifefm\/","https:\/\/www.instagram.com\/life1079fm\/"]},{"@type":"Person","@id":"https:\/\/radiolifefm.com.br\/noticias\/#\/schema\/person\/6876e1240feffe6e1b63fd5cb85abf28","name":"joaograndao","image":{"@type":"ImageObject","inLanguage":"pt-BR","@id":"https:\/\/secure.gravatar.com\/avatar\/d5b1a3cf357ed9c50404e256a1294083aa8ab5d2a994001567302786016cb32c?s=96&d=mm&r=g","url":"https:\/\/secure.gravatar.com\/avatar\/d5b1a3cf357ed9c50404e256a1294083aa8ab5d2a994001567302786016cb32c?s=96&d=mm&r=g","contentUrl":"https:\/\/secure.gravatar.com\/avatar\/d5b1a3cf357ed9c50404e256a1294083aa8ab5d2a994001567302786016cb32c?s=96&d=mm&r=g","caption":"joaograndao"}}]}},"amp_enabled":true,"_links":{"self":[{"href":"https:\/\/radiolifefm.com.br\/noticias\/wp-json\/wp\/v2\/posts\/100169","targetHints":{"allow":["GET"]}}],"collection":[{"href":"https:\/\/radiolifefm.com.br\/noticias\/wp-json\/wp\/v2\/posts"}],"about":[{"href":"https:\/\/radiolifefm.com.br\/noticias\/wp-json\/wp\/v2\/types\/post"}],"author":[{"embeddable":true,"href":"https:\/\/radiolifefm.com.br\/noticias\/wp-json\/wp\/v2\/users\/8"}],"replies":[{"embeddable":true,"href":"https:\/\/radiolifefm.com.br\/noticias\/wp-json\/wp\/v2\/comments?post=100169"}],"version-history":[{"count":3,"href":"https:\/\/radiolifefm.com.br\/noticias\/wp-json\/wp\/v2\/posts\/100169\/revisions"}],"predecessor-version":[{"id":100183,"href":"https:\/\/radiolifefm.com.br\/noticias\/wp-json\/wp\/v2\/posts\/100169\/revisions\/100183"}],"wp:featuredmedia":[{"embeddable":true,"href":"https:\/\/radiolifefm.com.br\/noticias\/wp-json\/wp\/v2\/media\/100182"}],"wp:attachment":[{"href":"https:\/\/radiolifefm.com.br\/noticias\/wp-json\/wp\/v2\/media?parent=100169"}],"wp:term":[{"taxonomy":"category","embeddable":true,"href":"https:\/\/radiolifefm.com.br\/noticias\/wp-json\/wp\/v2\/categories?post=100169"},{"taxonomy":"post_tag","embeddable":true,"href":"https:\/\/radiolifefm.com.br\/noticias\/wp-json\/wp\/v2\/tags?post=100169"}],"curies":[{"name":"wp","href":"https:\/\/api.w.org\/{rel}","templated":true}]}}