{"id":100111,"date":"2025-04-23T09:24:27","date_gmt":"2025-04-23T12:24:27","guid":{"rendered":"https:\/\/radiolifefm.com.br\/noticias\/?p=100111"},"modified":"2026-04-16T23:36:28","modified_gmt":"2026-04-17T02:36:28","slug":"provincia-personagens-e-ironias","status":"publish","type":"post","link":"https:\/\/radiolifefm.com.br\/noticias\/provincia-personagens-e-ironias\/","title":{"rendered":"Prov\u00edncia, \u201cpersonagens\u201d e ironias&#8230;"},"content":{"rendered":"<div id=\"fb-root\"><\/div>\n<p><strong><em>\u00a0\u201cNa vida somos:<br \/>\nPersonagens principais, figurantes, mocinho e vil\u00e3o.<br \/>\nVoc\u00ea escolhe viver de fic\u00e7\u00e3o ou encarar a realidade?\u201d<\/em><\/strong><\/p>\n<p><strong><em>(<a href=\"https:\/\/www.pensador.com\/autor\/neia_castro\/\">Neia Castro<\/a>)<\/em><\/strong><\/p>\n<p><strong>\u00a0<\/strong><\/p>\n<p><strong>By seb@r.<\/strong><\/p>\n<p>Nestes \u00faltimos anos, talvez, d\u00e9cadas, tendo em vista que desde o ano de 1.999, venho escrevendo textos sobre diversos temas e tem\u00e1ticas, ainda, buscando sempre estar em sintonia com os fatos e outros desencontros do cotidiano&#8230;<\/p>\n<p>Nestes anos e anos, muitos textos publicados nos jornais provincianos, depois, postados nos sites deste e do outro lado, tiveram e continuam tendo como PAUTA principal, o CEN\u00c1RIO PROVINCIANO e tudo mais em meio ao tudo de menos&#8230;<\/p>\n<p>Portanto, neste CONTEXTO PLURAL na perspectiva do SINGULAR, existiram e continuam existindo, infelizmente, muitos\/as PERSONAGENS PROVINCIANOS\/AS&#8230;<\/p>\n<p>Por exemplo, teve um per\u00edodo deste TEMPO do TEMPO que escrevi alguns artigos com os seguintes t\u00edtulos, a saber: O FARISEU; O ESCRIBA e O VIGILANTE, nestes ocasos, todos foram completados com a palavra PROVINCIANO&#8230;<\/p>\n<p>No outro TEMPO, tamb\u00e9m, deste TEMPO, apareceram a FORMIGA AT\u00d4MICA PROVINCIANA, isso \u00e9, sem esquecer da tal BELA que N\u00c3O ERA ADORMECIDA, ainda, do tal do PIN\u00d3QUIO que depois se transformou no BO.DO.QUIO (BOZZO+D\u00d3RIA+PIN\u00d2QUIO), todavia, depois voltou a ser o PIN\u00d3QUIO PROVINCIANO de sempre&#8230;<\/p>\n<p>Por isso e mais aquilo, ESCREVER por meio das muitas IRONIAS, proporciona muitos DESENCONTROS com os\/as LEITORES\/AS e muitos desses APELIDOS acabam \u201cpegando\u201d de um jeito ou de outro nos DITOS CUJOS que na maioria das vezes, at\u00e9 sabem que s\u00e3o os mesmos, por\u00e9m, se fazem de BOBOS DA PROV\u00cdNICA e assim por diante&#8230;<\/p>\n<p>Desta forma, faz-se necess\u00e1rio estar sempre ATUALIZANDO tais PERSONAGENS, considerando que tudo passa, tal qual aquela frase que diz, a saber: REI MORTO, REI POSTO ou pode ser RAINHA que vai dar na mesma&#8230;<\/p>\n<p>Como sempre escrevo, no MAIS em meio ao tudo de MENOS, desta vez apareceram outros\/as PERSONAGENS neste CEN\u00c1RIO DO FAZ DE CONTA na perspectiva da SUCUPIRA PROVINCIANA&#8230;<\/p>\n<p>Al\u00e9m do RESSURGIMENTO de um NOVO (sic) COLLORZINHO, alus\u00e3o ao famoso CA\u00c7ADOR DE MARAJ\u00c1S que veio das terras de ALAGOAS para se tornar PRESIDENTE deste PAIZ DO FAZ DE CONTA, tamb\u00e9m, apareceram as IRM\u00c3S CAZAGEIRAS e por a\u00ed vai as IRONIAS que fazem parte deste COTIDIANO de uma PROV\u00cdNCIA DO FAZ DE CONTA&#8230;<\/p>\n<p>Com certeza, outros\/as FIGURAS um tanto CARIMBADAS devem aparecer de um jeito ou de outro, mas, como disse o poeta, O TEMPO E O SENHOR DA RAZ\u00c3O e ponto quase final&#8230;<\/p>\n<p>Refor\u00e7ando aqui e ali, ainda, PERDERAM MAN\u00c9S!<\/p>\n<p>QUEM SOBREVIVER VAI SABER&#8230;<\/p>\n<p>&nbsp;<\/p>\n<p><strong>e-mail: <\/strong><a href=\"mailto:barbosa.sebar@gmail.com\"><strong>barbosa.sebar@gmail.com<\/strong><\/a><\/p>\n<p>&nbsp;<\/p>\n","protected":false},"excerpt":{"rendered":"<p>\u00a0\u201cNa vida somos: Personagens principais, figurantes, mocinho e vil\u00e3o. Voc\u00ea escolhe viver de fic\u00e7\u00e3o ou encarar a realidade?\u201d (Neia Castro) \u00a0 By seb@r. Nestes \u00faltimos anos, talvez, d\u00e9cadas, tendo em vista que desde o ano de 1.999, venho escrevendo textos sobre diversos temas e tem\u00e1ticas, ainda, buscando sempre estar em sintonia com os fatos e [&hellip;]<\/p>\n","protected":false},"author":13,"featured_media":51988,"comment_status":"closed","ping_status":"open","sticky":false,"template":"","format":"standard","meta":{"_acf_changed":false,"_exactmetrics_skip_tracking":false,"_exactmetrics_sitenote_active":false,"_exactmetrics_sitenote_note":"","_exactmetrics_sitenote_category":0,"footnotes":""},"categories":[59],"tags":[],"class_list":["post-100111","post","type-post","status-publish","format-standard","has-post-thumbnail","hentry","category-opiniao"],"acf":[],"yoast_head":"<!-- This site is optimized with the Yoast SEO plugin v27.2 - https:\/\/yoast.com\/product\/yoast-seo-wordpress\/ -->\n<title>Prov\u00edncia, \u201cpersonagens\u201d e ironias... - R\u00e1dio Life FM<\/title>\n<meta name=\"robots\" content=\"index, follow, max-snippet:-1, max-image-preview:large, max-video-preview:-1\" \/>\n<link rel=\"canonical\" href=\"https:\/\/radiolifefm.com.br\/noticias\/provincia-personagens-e-ironias\/\" \/>\n<meta property=\"og:locale\" content=\"pt_BR\" \/>\n<meta property=\"og:type\" content=\"article\" \/>\n<meta property=\"og:title\" content=\"Prov\u00edncia, \u201cpersonagens\u201d e ironias... - R\u00e1dio Life FM\" \/>\n<meta property=\"og:description\" content=\"\u00a0\u201cNa vida somos: Personagens principais, figurantes, mocinho e vil\u00e3o. Voc\u00ea escolhe viver de fic\u00e7\u00e3o ou encarar a realidade?\u201d (Neia Castro) \u00a0 By seb@r. Nestes \u00faltimos anos, talvez, d\u00e9cadas, tendo em vista que desde o ano de 1.999, venho escrevendo textos sobre diversos temas e tem\u00e1ticas, ainda, buscando sempre estar em sintonia com os fatos e [&hellip;]\" \/>\n<meta property=\"og:url\" content=\"https:\/\/radiolifefm.com.br\/noticias\/provincia-personagens-e-ironias\/\" \/>\n<meta property=\"og:site_name\" content=\"R\u00e1dio Life FM\" \/>\n<meta property=\"article:publisher\" content=\"https:\/\/www.facebook.com\/radiolifefm\/\" \/>\n<meta property=\"article:published_time\" content=\"2025-04-23T12:24:27+00:00\" \/>\n<meta property=\"article:modified_time\" content=\"2026-04-17T02:36:28+00:00\" \/>\n<meta property=\"og:image\" content=\"https:\/\/radiolifefm.com.br\/noticias\/wp-content\/uploads\/2022\/04\/WhatsApp-Image-2022-04-10-at-18.43.02.jpeg\" \/>\n\t<meta property=\"og:image:width\" content=\"972\" \/>\n\t<meta property=\"og:image:height\" content=\"1296\" \/>\n\t<meta property=\"og:image:type\" content=\"image\/jpeg\" \/>\n<meta name=\"author\" content=\"ritanery\" \/>\n<meta name=\"twitter:card\" content=\"summary_large_image\" \/>\n<meta name=\"twitter:label1\" content=\"Escrito por\" \/>\n\t<meta name=\"twitter:data1\" content=\"ritanery\" \/>\n\t<meta name=\"twitter:label2\" content=\"Est. tempo de leitura\" \/>\n\t<meta name=\"twitter:data2\" content=\"3 minutos\" \/>\n<script type=\"application\/ld+json\" class=\"yoast-schema-graph\">{\"@context\":\"https:\/\/schema.org\",\"@graph\":[{\"@type\":\"Article\",\"@id\":\"https:\/\/radiolifefm.com.br\/noticias\/provincia-personagens-e-ironias\/#article\",\"isPartOf\":{\"@id\":\"https:\/\/radiolifefm.com.br\/noticias\/provincia-personagens-e-ironias\/\"},\"author\":{\"name\":\"ritanery\",\"@id\":\"https:\/\/radiolifefm.com.br\/noticias\/#\/schema\/person\/6339b9fac59d12b071dec680d7375d87\"},\"headline\":\"Prov\u00edncia, \u201cpersonagens\u201d e ironias&#8230;\",\"datePublished\":\"2025-04-23T12:24:27+00:00\",\"dateModified\":\"2026-04-17T02:36:28+00:00\",\"mainEntityOfPage\":{\"@id\":\"https:\/\/radiolifefm.com.br\/noticias\/provincia-personagens-e-ironias\/\"},\"wordCount\":451,\"publisher\":{\"@id\":\"https:\/\/radiolifefm.com.br\/noticias\/#organization\"},\"image\":{\"@id\":\"https:\/\/radiolifefm.com.br\/noticias\/provincia-personagens-e-ironias\/#primaryimage\"},\"thumbnailUrl\":\"https:\/\/radiolifefm.com.br\/noticias\/wp-content\/uploads\/2022\/04\/WhatsApp-Image-2022-04-10-at-18.43.02.jpeg\",\"articleSection\":[\"Opini\u00e3o\"],\"inLanguage\":\"pt-BR\"},{\"@type\":\"WebPage\",\"@id\":\"https:\/\/radiolifefm.com.br\/noticias\/provincia-personagens-e-ironias\/\",\"url\":\"https:\/\/radiolifefm.com.br\/noticias\/provincia-personagens-e-ironias\/\",\"name\":\"Prov\u00edncia, \u201cpersonagens\u201d e ironias... - R\u00e1dio Life FM\",\"isPartOf\":{\"@id\":\"https:\/\/radiolifefm.com.br\/noticias\/#website\"},\"primaryImageOfPage\":{\"@id\":\"https:\/\/radiolifefm.com.br\/noticias\/provincia-personagens-e-ironias\/#primaryimage\"},\"image\":{\"@id\":\"https:\/\/radiolifefm.com.br\/noticias\/provincia-personagens-e-ironias\/#primaryimage\"},\"thumbnailUrl\":\"https:\/\/radiolifefm.com.br\/noticias\/wp-content\/uploads\/2022\/04\/WhatsApp-Image-2022-04-10-at-18.43.02.jpeg\",\"datePublished\":\"2025-04-23T12:24:27+00:00\",\"dateModified\":\"2026-04-17T02:36:28+00:00\",\"breadcrumb\":{\"@id\":\"https:\/\/radiolifefm.com.br\/noticias\/provincia-personagens-e-ironias\/#breadcrumb\"},\"inLanguage\":\"pt-BR\",\"potentialAction\":[{\"@type\":\"ReadAction\",\"target\":[\"https:\/\/radiolifefm.com.br\/noticias\/provincia-personagens-e-ironias\/\"]}]},{\"@type\":\"ImageObject\",\"inLanguage\":\"pt-BR\",\"@id\":\"https:\/\/radiolifefm.com.br\/noticias\/provincia-personagens-e-ironias\/#primaryimage\",\"url\":\"https:\/\/radiolifefm.com.br\/noticias\/wp-content\/uploads\/2022\/04\/WhatsApp-Image-2022-04-10-at-18.43.02.jpeg\",\"contentUrl\":\"https:\/\/radiolifefm.com.br\/noticias\/wp-content\/uploads\/2022\/04\/WhatsApp-Image-2022-04-10-at-18.43.02.jpeg\",\"width\":972,\"height\":1296,\"caption\":\"S\u00e9rgio Barbosa\"},{\"@type\":\"BreadcrumbList\",\"@id\":\"https:\/\/radiolifefm.com.br\/noticias\/provincia-personagens-e-ironias\/#breadcrumb\",\"itemListElement\":[{\"@type\":\"ListItem\",\"position\":1,\"name\":\"In\u00edcio\",\"item\":\"https:\/\/radiolifefm.com.br\/noticias\/\"},{\"@type\":\"ListItem\",\"position\":2,\"name\":\"Prov\u00edncia, \u201cpersonagens\u201d e ironias&#8230;\"}]},{\"@type\":\"WebSite\",\"@id\":\"https:\/\/radiolifefm.com.br\/noticias\/#website\",\"url\":\"https:\/\/radiolifefm.com.br\/noticias\/\",\"name\":\"R\u00e1dio Life FM\",\"description\":\"O Portal de Not\u00edcias de Adamantina\",\"publisher\":{\"@id\":\"https:\/\/radiolifefm.com.br\/noticias\/#organization\"},\"alternateName\":\"Life FM\",\"potentialAction\":[{\"@type\":\"SearchAction\",\"target\":{\"@type\":\"EntryPoint\",\"urlTemplate\":\"https:\/\/radiolifefm.com.br\/noticias\/?s={search_term_string}\"},\"query-input\":{\"@type\":\"PropertyValueSpecification\",\"valueRequired\":true,\"valueName\":\"search_term_string\"}}],\"inLanguage\":\"pt-BR\"},{\"@type\":\"Organization\",\"@id\":\"https:\/\/radiolifefm.com.br\/noticias\/#organization\",\"name\":\"R\u00e1dio Life FM\",\"alternateName\":\"Life FM\",\"url\":\"https:\/\/radiolifefm.com.br\/noticias\/\",\"logo\":{\"@type\":\"ImageObject\",\"inLanguage\":\"pt-BR\",\"@id\":\"https:\/\/radiolifefm.com.br\/noticias\/#\/schema\/logo\/image\/\",\"url\":\"https:\/\/static.radiolifefm.com.br\/noticias\/wp-content\/uploads\/2019\/10\/logo-lifefm.png\",\"contentUrl\":\"https:\/\/static.radiolifefm.com.br\/noticias\/wp-content\/uploads\/2019\/10\/logo-lifefm.png\",\"width\":196,\"height\":47,\"caption\":\"R\u00e1dio Life FM\"},\"image\":{\"@id\":\"https:\/\/radiolifefm.com.br\/noticias\/#\/schema\/logo\/image\/\"},\"sameAs\":[\"https:\/\/www.facebook.com\/radiolifefm\/\",\"https:\/\/www.instagram.com\/life1079fm\/\"]},{\"@type\":\"Person\",\"@id\":\"https:\/\/radiolifefm.com.br\/noticias\/#\/schema\/person\/6339b9fac59d12b071dec680d7375d87\",\"name\":\"ritanery\",\"image\":{\"@type\":\"ImageObject\",\"inLanguage\":\"pt-BR\",\"@id\":\"https:\/\/secure.gravatar.com\/avatar\/0e37bb19071f47c0b8a23f62a903df117c5a0e75f65a0c2901562f97cd41cf86?s=96&d=mm&r=g\",\"url\":\"https:\/\/secure.gravatar.com\/avatar\/0e37bb19071f47c0b8a23f62a903df117c5a0e75f65a0c2901562f97cd41cf86?s=96&d=mm&r=g\",\"contentUrl\":\"https:\/\/secure.gravatar.com\/avatar\/0e37bb19071f47c0b8a23f62a903df117c5a0e75f65a0c2901562f97cd41cf86?s=96&d=mm&r=g\",\"caption\":\"ritanery\"}}]}<\/script>\n<!-- \/ Yoast SEO plugin. -->","yoast_head_json":{"title":"Prov\u00edncia, \u201cpersonagens\u201d e ironias... - R\u00e1dio Life FM","robots":{"index":"index","follow":"follow","max-snippet":"max-snippet:-1","max-image-preview":"max-image-preview:large","max-video-preview":"max-video-preview:-1"},"canonical":"https:\/\/radiolifefm.com.br\/noticias\/provincia-personagens-e-ironias\/","og_locale":"pt_BR","og_type":"article","og_title":"Prov\u00edncia, \u201cpersonagens\u201d e ironias... - R\u00e1dio Life FM","og_description":"\u00a0\u201cNa vida somos: Personagens principais, figurantes, mocinho e vil\u00e3o. Voc\u00ea escolhe viver de fic\u00e7\u00e3o ou encarar a realidade?\u201d (Neia Castro) \u00a0 By seb@r. Nestes \u00faltimos anos, talvez, d\u00e9cadas, tendo em vista que desde o ano de 1.999, venho escrevendo textos sobre diversos temas e tem\u00e1ticas, ainda, buscando sempre estar em sintonia com os fatos e [&hellip;]","og_url":"https:\/\/radiolifefm.com.br\/noticias\/provincia-personagens-e-ironias\/","og_site_name":"R\u00e1dio Life FM","article_publisher":"https:\/\/www.facebook.com\/radiolifefm\/","article_published_time":"2025-04-23T12:24:27+00:00","article_modified_time":"2026-04-17T02:36:28+00:00","og_image":[{"width":972,"height":1296,"url":"https:\/\/radiolifefm.com.br\/noticias\/wp-content\/uploads\/2022\/04\/WhatsApp-Image-2022-04-10-at-18.43.02.jpeg","type":"image\/jpeg"}],"author":"ritanery","twitter_card":"summary_large_image","twitter_misc":{"Escrito por":"ritanery","Est. tempo de leitura":"3 minutos"},"schema":{"@context":"https:\/\/schema.org","@graph":[{"@type":"Article","@id":"https:\/\/radiolifefm.com.br\/noticias\/provincia-personagens-e-ironias\/#article","isPartOf":{"@id":"https:\/\/radiolifefm.com.br\/noticias\/provincia-personagens-e-ironias\/"},"author":{"name":"ritanery","@id":"https:\/\/radiolifefm.com.br\/noticias\/#\/schema\/person\/6339b9fac59d12b071dec680d7375d87"},"headline":"Prov\u00edncia, \u201cpersonagens\u201d e ironias&#8230;","datePublished":"2025-04-23T12:24:27+00:00","dateModified":"2026-04-17T02:36:28+00:00","mainEntityOfPage":{"@id":"https:\/\/radiolifefm.com.br\/noticias\/provincia-personagens-e-ironias\/"},"wordCount":451,"publisher":{"@id":"https:\/\/radiolifefm.com.br\/noticias\/#organization"},"image":{"@id":"https:\/\/radiolifefm.com.br\/noticias\/provincia-personagens-e-ironias\/#primaryimage"},"thumbnailUrl":"https:\/\/radiolifefm.com.br\/noticias\/wp-content\/uploads\/2022\/04\/WhatsApp-Image-2022-04-10-at-18.43.02.jpeg","articleSection":["Opini\u00e3o"],"inLanguage":"pt-BR"},{"@type":"WebPage","@id":"https:\/\/radiolifefm.com.br\/noticias\/provincia-personagens-e-ironias\/","url":"https:\/\/radiolifefm.com.br\/noticias\/provincia-personagens-e-ironias\/","name":"Prov\u00edncia, \u201cpersonagens\u201d e ironias... - R\u00e1dio Life FM","isPartOf":{"@id":"https:\/\/radiolifefm.com.br\/noticias\/#website"},"primaryImageOfPage":{"@id":"https:\/\/radiolifefm.com.br\/noticias\/provincia-personagens-e-ironias\/#primaryimage"},"image":{"@id":"https:\/\/radiolifefm.com.br\/noticias\/provincia-personagens-e-ironias\/#primaryimage"},"thumbnailUrl":"https:\/\/radiolifefm.com.br\/noticias\/wp-content\/uploads\/2022\/04\/WhatsApp-Image-2022-04-10-at-18.43.02.jpeg","datePublished":"2025-04-23T12:24:27+00:00","dateModified":"2026-04-17T02:36:28+00:00","breadcrumb":{"@id":"https:\/\/radiolifefm.com.br\/noticias\/provincia-personagens-e-ironias\/#breadcrumb"},"inLanguage":"pt-BR","potentialAction":[{"@type":"ReadAction","target":["https:\/\/radiolifefm.com.br\/noticias\/provincia-personagens-e-ironias\/"]}]},{"@type":"ImageObject","inLanguage":"pt-BR","@id":"https:\/\/radiolifefm.com.br\/noticias\/provincia-personagens-e-ironias\/#primaryimage","url":"https:\/\/radiolifefm.com.br\/noticias\/wp-content\/uploads\/2022\/04\/WhatsApp-Image-2022-04-10-at-18.43.02.jpeg","contentUrl":"https:\/\/radiolifefm.com.br\/noticias\/wp-content\/uploads\/2022\/04\/WhatsApp-Image-2022-04-10-at-18.43.02.jpeg","width":972,"height":1296,"caption":"S\u00e9rgio Barbosa"},{"@type":"BreadcrumbList","@id":"https:\/\/radiolifefm.com.br\/noticias\/provincia-personagens-e-ironias\/#breadcrumb","itemListElement":[{"@type":"ListItem","position":1,"name":"In\u00edcio","item":"https:\/\/radiolifefm.com.br\/noticias\/"},{"@type":"ListItem","position":2,"name":"Prov\u00edncia, \u201cpersonagens\u201d e ironias&#8230;"}]},{"@type":"WebSite","@id":"https:\/\/radiolifefm.com.br\/noticias\/#website","url":"https:\/\/radiolifefm.com.br\/noticias\/","name":"R\u00e1dio Life FM","description":"O Portal de Not\u00edcias de Adamantina","publisher":{"@id":"https:\/\/radiolifefm.com.br\/noticias\/#organization"},"alternateName":"Life FM","potentialAction":[{"@type":"SearchAction","target":{"@type":"EntryPoint","urlTemplate":"https:\/\/radiolifefm.com.br\/noticias\/?s={search_term_string}"},"query-input":{"@type":"PropertyValueSpecification","valueRequired":true,"valueName":"search_term_string"}}],"inLanguage":"pt-BR"},{"@type":"Organization","@id":"https:\/\/radiolifefm.com.br\/noticias\/#organization","name":"R\u00e1dio Life FM","alternateName":"Life FM","url":"https:\/\/radiolifefm.com.br\/noticias\/","logo":{"@type":"ImageObject","inLanguage":"pt-BR","@id":"https:\/\/radiolifefm.com.br\/noticias\/#\/schema\/logo\/image\/","url":"https:\/\/static.radiolifefm.com.br\/noticias\/wp-content\/uploads\/2019\/10\/logo-lifefm.png","contentUrl":"https:\/\/static.radiolifefm.com.br\/noticias\/wp-content\/uploads\/2019\/10\/logo-lifefm.png","width":196,"height":47,"caption":"R\u00e1dio Life FM"},"image":{"@id":"https:\/\/radiolifefm.com.br\/noticias\/#\/schema\/logo\/image\/"},"sameAs":["https:\/\/www.facebook.com\/radiolifefm\/","https:\/\/www.instagram.com\/life1079fm\/"]},{"@type":"Person","@id":"https:\/\/radiolifefm.com.br\/noticias\/#\/schema\/person\/6339b9fac59d12b071dec680d7375d87","name":"ritanery","image":{"@type":"ImageObject","inLanguage":"pt-BR","@id":"https:\/\/secure.gravatar.com\/avatar\/0e37bb19071f47c0b8a23f62a903df117c5a0e75f65a0c2901562f97cd41cf86?s=96&d=mm&r=g","url":"https:\/\/secure.gravatar.com\/avatar\/0e37bb19071f47c0b8a23f62a903df117c5a0e75f65a0c2901562f97cd41cf86?s=96&d=mm&r=g","contentUrl":"https:\/\/secure.gravatar.com\/avatar\/0e37bb19071f47c0b8a23f62a903df117c5a0e75f65a0c2901562f97cd41cf86?s=96&d=mm&r=g","caption":"ritanery"}}]}},"amp_enabled":true,"_links":{"self":[{"href":"https:\/\/radiolifefm.com.br\/noticias\/wp-json\/wp\/v2\/posts\/100111","targetHints":{"allow":["GET"]}}],"collection":[{"href":"https:\/\/radiolifefm.com.br\/noticias\/wp-json\/wp\/v2\/posts"}],"about":[{"href":"https:\/\/radiolifefm.com.br\/noticias\/wp-json\/wp\/v2\/types\/post"}],"author":[{"embeddable":true,"href":"https:\/\/radiolifefm.com.br\/noticias\/wp-json\/wp\/v2\/users\/13"}],"replies":[{"embeddable":true,"href":"https:\/\/radiolifefm.com.br\/noticias\/wp-json\/wp\/v2\/comments?post=100111"}],"version-history":[{"count":1,"href":"https:\/\/radiolifefm.com.br\/noticias\/wp-json\/wp\/v2\/posts\/100111\/revisions"}],"predecessor-version":[{"id":100112,"href":"https:\/\/radiolifefm.com.br\/noticias\/wp-json\/wp\/v2\/posts\/100111\/revisions\/100112"}],"wp:featuredmedia":[{"embeddable":true,"href":"https:\/\/radiolifefm.com.br\/noticias\/wp-json\/wp\/v2\/media\/51988"}],"wp:attachment":[{"href":"https:\/\/radiolifefm.com.br\/noticias\/wp-json\/wp\/v2\/media?parent=100111"}],"wp:term":[{"taxonomy":"category","embeddable":true,"href":"https:\/\/radiolifefm.com.br\/noticias\/wp-json\/wp\/v2\/categories?post=100111"},{"taxonomy":"post_tag","embeddable":true,"href":"https:\/\/radiolifefm.com.br\/noticias\/wp-json\/wp\/v2\/tags?post=100111"}],"curies":[{"name":"wp","href":"https:\/\/api.w.org\/{rel}","templated":true}]}}