{"id":100101,"date":"2025-04-22T10:24:01","date_gmt":"2025-04-22T13:24:01","guid":{"rendered":"https:\/\/radiolifefm.com.br\/noticias\/?p=100101"},"modified":"2026-03-20T15:25:43","modified_gmt":"2026-03-20T18:25:43","slug":"brasil-vive-raro-feriadao-de-quatro-dias-em-abril-de-2025-e-so-vera-novamente-em-2087","status":"publish","type":"post","link":"https:\/\/radiolifefm.com.br\/noticias\/brasil-vive-raro-feriadao-de-quatro-dias-em-abril-de-2025-e-so-vera-novamente-em-2087\/","title":{"rendered":"Brasil vive raro feriad\u00e3o de quatro dias em abril de 2025 \u2013 e s\u00f3 ver\u00e1 novamente em 2087"},"content":{"rendered":"<div id=\"fb-root\"><\/div>\n<p>&nbsp;<\/p>\n<p>A combina\u00e7\u00e3o dos feriados da P\u00e1scoa e de Tiradentes em 2025 proporcionou aos brasileiros um raro feriad\u00e3o prolongado de quatro dias, algo que s\u00f3 voltar\u00e1 a acontecer em 2087.<\/p>\n<p>Em abril deste ano, a Sexta-feira Santa caiu no dia 18, seguida pelo Domingo de P\u00e1scoa em 20 de abril e pelo feriado de Tiradentes no dia 21. A jun\u00e7\u00e3o dessas datas deu origem a um per\u00edodo estendido de descanso e celebra\u00e7\u00e3o, aproveitado por milhares de pessoas para viajar, reencontrar familiares ou simplesmente tirar um tempo para relaxar.<\/p>\n<p>Setores como turismo e com\u00e9rcio registraram impacto significativo, com aumento na movimenta\u00e7\u00e3o de passageiros em aeroportos e rodovi\u00e1rias, al\u00e9m do aquecimento das vendas em hot\u00e9is e restaurantes. Em algumas cidades tur\u00edsticas, a ocupa\u00e7\u00e3o hoteleira atingiu \u00edndices pr\u00f3ximos da lota\u00e7\u00e3o m\u00e1xima, evidenciando o efeito desse raro alinhamento de feriados no fluxo de visitantes.<\/p>\n<p>Enquanto o Brasil desfrutava da pausa prolongada, especialistas apontavam que a pr\u00f3xima vez que esse mesmo fen\u00f4meno ocorrer\u00e1 ser\u00e1 daqui a 62 anos, em 2087, tornando o evento de 2025 um marco na mem\u00f3ria dos que puderam aproveitar.<\/p>\n","protected":false},"excerpt":{"rendered":"<p>&nbsp; A combina\u00e7\u00e3o dos feriados da P\u00e1scoa e de Tiradentes em 2025 proporcionou aos brasileiros um raro feriad\u00e3o prolongado de quatro dias, algo que s\u00f3 voltar\u00e1 a acontecer em 2087. Em abril deste ano, a Sexta-feira Santa caiu no dia 18, seguida pelo Domingo de P\u00e1scoa em 20 de abril e pelo feriado de Tiradentes [&hellip;]<\/p>\n","protected":false},"author":8,"featured_media":100102,"comment_status":"closed","ping_status":"open","sticky":false,"template":"","format":"standard","meta":{"_acf_changed":false,"_exactmetrics_skip_tracking":false,"_exactmetrics_sitenote_active":false,"_exactmetrics_sitenote_note":"","_exactmetrics_sitenote_category":0,"footnotes":""},"categories":[1],"tags":[],"class_list":["post-100101","post","type-post","status-publish","format-standard","has-post-thumbnail","hentry","category-geral"],"acf":[],"yoast_head":"<!-- This site is optimized with the Yoast SEO plugin v27.2 - https:\/\/yoast.com\/product\/yoast-seo-wordpress\/ -->\n<title>Brasil vive raro feriad\u00e3o de quatro dias em abril de 2025 \u2013 e s\u00f3 ver\u00e1 novamente em 2087 - R\u00e1dio Life FM<\/title>\n<meta name=\"robots\" content=\"index, follow, max-snippet:-1, max-image-preview:large, max-video-preview:-1\" \/>\n<link rel=\"canonical\" href=\"https:\/\/radiolifefm.com.br\/noticias\/brasil-vive-raro-feriadao-de-quatro-dias-em-abril-de-2025-e-so-vera-novamente-em-2087\/\" \/>\n<meta property=\"og:locale\" content=\"pt_BR\" \/>\n<meta property=\"og:type\" content=\"article\" \/>\n<meta property=\"og:title\" content=\"Brasil vive raro feriad\u00e3o de quatro dias em abril de 2025 \u2013 e s\u00f3 ver\u00e1 novamente em 2087 - R\u00e1dio Life FM\" \/>\n<meta property=\"og:description\" content=\"&nbsp; A combina\u00e7\u00e3o dos feriados da P\u00e1scoa e de Tiradentes em 2025 proporcionou aos brasileiros um raro feriad\u00e3o prolongado de quatro dias, algo que s\u00f3 voltar\u00e1 a acontecer em 2087. Em abril deste ano, a Sexta-feira Santa caiu no dia 18, seguida pelo Domingo de P\u00e1scoa em 20 de abril e pelo feriado de Tiradentes [&hellip;]\" \/>\n<meta property=\"og:url\" content=\"https:\/\/radiolifefm.com.br\/noticias\/brasil-vive-raro-feriadao-de-quatro-dias-em-abril-de-2025-e-so-vera-novamente-em-2087\/\" \/>\n<meta property=\"og:site_name\" content=\"R\u00e1dio Life FM\" \/>\n<meta property=\"article:publisher\" content=\"https:\/\/www.facebook.com\/radiolifefm\/\" \/>\n<meta property=\"article:published_time\" content=\"2025-04-22T13:24:01+00:00\" \/>\n<meta property=\"article:modified_time\" content=\"2026-03-20T18:25:43+00:00\" \/>\n<meta property=\"og:image\" content=\"https:\/\/radiolifefm.com.br\/noticias\/wp-content\/uploads\/2025\/04\/WhatsApp-Image-2025-04-22-at-08.50.52.jpeg\" \/>\n\t<meta property=\"og:image:width\" content=\"275\" \/>\n\t<meta property=\"og:image:height\" content=\"183\" \/>\n\t<meta property=\"og:image:type\" content=\"image\/jpeg\" \/>\n<meta name=\"author\" content=\"joaograndao\" \/>\n<meta name=\"twitter:card\" content=\"summary_large_image\" \/>\n<meta name=\"twitter:label1\" content=\"Escrito por\" \/>\n\t<meta name=\"twitter:data1\" content=\"joaograndao\" \/>\n\t<meta name=\"twitter:label2\" content=\"Est. tempo de leitura\" \/>\n\t<meta name=\"twitter:data2\" content=\"2 minutos\" \/>\n<script type=\"application\/ld+json\" class=\"yoast-schema-graph\">{\"@context\":\"https:\/\/schema.org\",\"@graph\":[{\"@type\":\"Article\",\"@id\":\"https:\/\/radiolifefm.com.br\/noticias\/brasil-vive-raro-feriadao-de-quatro-dias-em-abril-de-2025-e-so-vera-novamente-em-2087\/#article\",\"isPartOf\":{\"@id\":\"https:\/\/radiolifefm.com.br\/noticias\/brasil-vive-raro-feriadao-de-quatro-dias-em-abril-de-2025-e-so-vera-novamente-em-2087\/\"},\"author\":{\"name\":\"joaograndao\",\"@id\":\"https:\/\/radiolifefm.com.br\/noticias\/#\/schema\/person\/6876e1240feffe6e1b63fd5cb85abf28\"},\"headline\":\"Brasil vive raro feriad\u00e3o de quatro dias em abril de 2025 \u2013 e s\u00f3 ver\u00e1 novamente em 2087\",\"datePublished\":\"2025-04-22T13:24:01+00:00\",\"dateModified\":\"2026-03-20T18:25:43+00:00\",\"mainEntityOfPage\":{\"@id\":\"https:\/\/radiolifefm.com.br\/noticias\/brasil-vive-raro-feriadao-de-quatro-dias-em-abril-de-2025-e-so-vera-novamente-em-2087\/\"},\"wordCount\":206,\"publisher\":{\"@id\":\"https:\/\/radiolifefm.com.br\/noticias\/#organization\"},\"image\":{\"@id\":\"https:\/\/radiolifefm.com.br\/noticias\/brasil-vive-raro-feriadao-de-quatro-dias-em-abril-de-2025-e-so-vera-novamente-em-2087\/#primaryimage\"},\"thumbnailUrl\":\"https:\/\/radiolifefm.com.br\/noticias\/wp-content\/uploads\/2025\/04\/WhatsApp-Image-2025-04-22-at-08.50.52.jpeg\",\"articleSection\":[\"Geral\"],\"inLanguage\":\"pt-BR\"},{\"@type\":\"WebPage\",\"@id\":\"https:\/\/radiolifefm.com.br\/noticias\/brasil-vive-raro-feriadao-de-quatro-dias-em-abril-de-2025-e-so-vera-novamente-em-2087\/\",\"url\":\"https:\/\/radiolifefm.com.br\/noticias\/brasil-vive-raro-feriadao-de-quatro-dias-em-abril-de-2025-e-so-vera-novamente-em-2087\/\",\"name\":\"Brasil vive raro feriad\u00e3o de quatro dias em abril de 2025 \u2013 e s\u00f3 ver\u00e1 novamente em 2087 - R\u00e1dio Life FM\",\"isPartOf\":{\"@id\":\"https:\/\/radiolifefm.com.br\/noticias\/#website\"},\"primaryImageOfPage\":{\"@id\":\"https:\/\/radiolifefm.com.br\/noticias\/brasil-vive-raro-feriadao-de-quatro-dias-em-abril-de-2025-e-so-vera-novamente-em-2087\/#primaryimage\"},\"image\":{\"@id\":\"https:\/\/radiolifefm.com.br\/noticias\/brasil-vive-raro-feriadao-de-quatro-dias-em-abril-de-2025-e-so-vera-novamente-em-2087\/#primaryimage\"},\"thumbnailUrl\":\"https:\/\/radiolifefm.com.br\/noticias\/wp-content\/uploads\/2025\/04\/WhatsApp-Image-2025-04-22-at-08.50.52.jpeg\",\"datePublished\":\"2025-04-22T13:24:01+00:00\",\"dateModified\":\"2026-03-20T18:25:43+00:00\",\"breadcrumb\":{\"@id\":\"https:\/\/radiolifefm.com.br\/noticias\/brasil-vive-raro-feriadao-de-quatro-dias-em-abril-de-2025-e-so-vera-novamente-em-2087\/#breadcrumb\"},\"inLanguage\":\"pt-BR\",\"potentialAction\":[{\"@type\":\"ReadAction\",\"target\":[\"https:\/\/radiolifefm.com.br\/noticias\/brasil-vive-raro-feriadao-de-quatro-dias-em-abril-de-2025-e-so-vera-novamente-em-2087\/\"]}]},{\"@type\":\"ImageObject\",\"inLanguage\":\"pt-BR\",\"@id\":\"https:\/\/radiolifefm.com.br\/noticias\/brasil-vive-raro-feriadao-de-quatro-dias-em-abril-de-2025-e-so-vera-novamente-em-2087\/#primaryimage\",\"url\":\"https:\/\/radiolifefm.com.br\/noticias\/wp-content\/uploads\/2025\/04\/WhatsApp-Image-2025-04-22-at-08.50.52.jpeg\",\"contentUrl\":\"https:\/\/radiolifefm.com.br\/noticias\/wp-content\/uploads\/2025\/04\/WhatsApp-Image-2025-04-22-at-08.50.52.jpeg\",\"width\":275,\"height\":183},{\"@type\":\"BreadcrumbList\",\"@id\":\"https:\/\/radiolifefm.com.br\/noticias\/brasil-vive-raro-feriadao-de-quatro-dias-em-abril-de-2025-e-so-vera-novamente-em-2087\/#breadcrumb\",\"itemListElement\":[{\"@type\":\"ListItem\",\"position\":1,\"name\":\"In\u00edcio\",\"item\":\"https:\/\/radiolifefm.com.br\/noticias\/\"},{\"@type\":\"ListItem\",\"position\":2,\"name\":\"Brasil vive raro feriad\u00e3o de quatro dias em abril de 2025 \u2013 e s\u00f3 ver\u00e1 novamente em 2087\"}]},{\"@type\":\"WebSite\",\"@id\":\"https:\/\/radiolifefm.com.br\/noticias\/#website\",\"url\":\"https:\/\/radiolifefm.com.br\/noticias\/\",\"name\":\"R\u00e1dio Life FM\",\"description\":\"O Portal de Not\u00edcias de Adamantina\",\"publisher\":{\"@id\":\"https:\/\/radiolifefm.com.br\/noticias\/#organization\"},\"alternateName\":\"Life FM\",\"potentialAction\":[{\"@type\":\"SearchAction\",\"target\":{\"@type\":\"EntryPoint\",\"urlTemplate\":\"https:\/\/radiolifefm.com.br\/noticias\/?s={search_term_string}\"},\"query-input\":{\"@type\":\"PropertyValueSpecification\",\"valueRequired\":true,\"valueName\":\"search_term_string\"}}],\"inLanguage\":\"pt-BR\"},{\"@type\":\"Organization\",\"@id\":\"https:\/\/radiolifefm.com.br\/noticias\/#organization\",\"name\":\"R\u00e1dio Life FM\",\"alternateName\":\"Life FM\",\"url\":\"https:\/\/radiolifefm.com.br\/noticias\/\",\"logo\":{\"@type\":\"ImageObject\",\"inLanguage\":\"pt-BR\",\"@id\":\"https:\/\/radiolifefm.com.br\/noticias\/#\/schema\/logo\/image\/\",\"url\":\"https:\/\/static.radiolifefm.com.br\/noticias\/wp-content\/uploads\/2019\/10\/logo-lifefm.png\",\"contentUrl\":\"https:\/\/static.radiolifefm.com.br\/noticias\/wp-content\/uploads\/2019\/10\/logo-lifefm.png\",\"width\":196,\"height\":47,\"caption\":\"R\u00e1dio Life FM\"},\"image\":{\"@id\":\"https:\/\/radiolifefm.com.br\/noticias\/#\/schema\/logo\/image\/\"},\"sameAs\":[\"https:\/\/www.facebook.com\/radiolifefm\/\",\"https:\/\/www.instagram.com\/life1079fm\/\"]},{\"@type\":\"Person\",\"@id\":\"https:\/\/radiolifefm.com.br\/noticias\/#\/schema\/person\/6876e1240feffe6e1b63fd5cb85abf28\",\"name\":\"joaograndao\",\"image\":{\"@type\":\"ImageObject\",\"inLanguage\":\"pt-BR\",\"@id\":\"https:\/\/secure.gravatar.com\/avatar\/d5b1a3cf357ed9c50404e256a1294083aa8ab5d2a994001567302786016cb32c?s=96&d=mm&r=g\",\"url\":\"https:\/\/secure.gravatar.com\/avatar\/d5b1a3cf357ed9c50404e256a1294083aa8ab5d2a994001567302786016cb32c?s=96&d=mm&r=g\",\"contentUrl\":\"https:\/\/secure.gravatar.com\/avatar\/d5b1a3cf357ed9c50404e256a1294083aa8ab5d2a994001567302786016cb32c?s=96&d=mm&r=g\",\"caption\":\"joaograndao\"}}]}<\/script>\n<!-- \/ Yoast SEO plugin. -->","yoast_head_json":{"title":"Brasil vive raro feriad\u00e3o de quatro dias em abril de 2025 \u2013 e s\u00f3 ver\u00e1 novamente em 2087 - R\u00e1dio Life FM","robots":{"index":"index","follow":"follow","max-snippet":"max-snippet:-1","max-image-preview":"max-image-preview:large","max-video-preview":"max-video-preview:-1"},"canonical":"https:\/\/radiolifefm.com.br\/noticias\/brasil-vive-raro-feriadao-de-quatro-dias-em-abril-de-2025-e-so-vera-novamente-em-2087\/","og_locale":"pt_BR","og_type":"article","og_title":"Brasil vive raro feriad\u00e3o de quatro dias em abril de 2025 \u2013 e s\u00f3 ver\u00e1 novamente em 2087 - R\u00e1dio Life FM","og_description":"&nbsp; A combina\u00e7\u00e3o dos feriados da P\u00e1scoa e de Tiradentes em 2025 proporcionou aos brasileiros um raro feriad\u00e3o prolongado de quatro dias, algo que s\u00f3 voltar\u00e1 a acontecer em 2087. Em abril deste ano, a Sexta-feira Santa caiu no dia 18, seguida pelo Domingo de P\u00e1scoa em 20 de abril e pelo feriado de Tiradentes [&hellip;]","og_url":"https:\/\/radiolifefm.com.br\/noticias\/brasil-vive-raro-feriadao-de-quatro-dias-em-abril-de-2025-e-so-vera-novamente-em-2087\/","og_site_name":"R\u00e1dio Life FM","article_publisher":"https:\/\/www.facebook.com\/radiolifefm\/","article_published_time":"2025-04-22T13:24:01+00:00","article_modified_time":"2026-03-20T18:25:43+00:00","og_image":[{"width":275,"height":183,"url":"https:\/\/radiolifefm.com.br\/noticias\/wp-content\/uploads\/2025\/04\/WhatsApp-Image-2025-04-22-at-08.50.52.jpeg","type":"image\/jpeg"}],"author":"joaograndao","twitter_card":"summary_large_image","twitter_misc":{"Escrito por":"joaograndao","Est. tempo de leitura":"2 minutos"},"schema":{"@context":"https:\/\/schema.org","@graph":[{"@type":"Article","@id":"https:\/\/radiolifefm.com.br\/noticias\/brasil-vive-raro-feriadao-de-quatro-dias-em-abril-de-2025-e-so-vera-novamente-em-2087\/#article","isPartOf":{"@id":"https:\/\/radiolifefm.com.br\/noticias\/brasil-vive-raro-feriadao-de-quatro-dias-em-abril-de-2025-e-so-vera-novamente-em-2087\/"},"author":{"name":"joaograndao","@id":"https:\/\/radiolifefm.com.br\/noticias\/#\/schema\/person\/6876e1240feffe6e1b63fd5cb85abf28"},"headline":"Brasil vive raro feriad\u00e3o de quatro dias em abril de 2025 \u2013 e s\u00f3 ver\u00e1 novamente em 2087","datePublished":"2025-04-22T13:24:01+00:00","dateModified":"2026-03-20T18:25:43+00:00","mainEntityOfPage":{"@id":"https:\/\/radiolifefm.com.br\/noticias\/brasil-vive-raro-feriadao-de-quatro-dias-em-abril-de-2025-e-so-vera-novamente-em-2087\/"},"wordCount":206,"publisher":{"@id":"https:\/\/radiolifefm.com.br\/noticias\/#organization"},"image":{"@id":"https:\/\/radiolifefm.com.br\/noticias\/brasil-vive-raro-feriadao-de-quatro-dias-em-abril-de-2025-e-so-vera-novamente-em-2087\/#primaryimage"},"thumbnailUrl":"https:\/\/radiolifefm.com.br\/noticias\/wp-content\/uploads\/2025\/04\/WhatsApp-Image-2025-04-22-at-08.50.52.jpeg","articleSection":["Geral"],"inLanguage":"pt-BR"},{"@type":"WebPage","@id":"https:\/\/radiolifefm.com.br\/noticias\/brasil-vive-raro-feriadao-de-quatro-dias-em-abril-de-2025-e-so-vera-novamente-em-2087\/","url":"https:\/\/radiolifefm.com.br\/noticias\/brasil-vive-raro-feriadao-de-quatro-dias-em-abril-de-2025-e-so-vera-novamente-em-2087\/","name":"Brasil vive raro feriad\u00e3o de quatro dias em abril de 2025 \u2013 e s\u00f3 ver\u00e1 novamente em 2087 - R\u00e1dio Life FM","isPartOf":{"@id":"https:\/\/radiolifefm.com.br\/noticias\/#website"},"primaryImageOfPage":{"@id":"https:\/\/radiolifefm.com.br\/noticias\/brasil-vive-raro-feriadao-de-quatro-dias-em-abril-de-2025-e-so-vera-novamente-em-2087\/#primaryimage"},"image":{"@id":"https:\/\/radiolifefm.com.br\/noticias\/brasil-vive-raro-feriadao-de-quatro-dias-em-abril-de-2025-e-so-vera-novamente-em-2087\/#primaryimage"},"thumbnailUrl":"https:\/\/radiolifefm.com.br\/noticias\/wp-content\/uploads\/2025\/04\/WhatsApp-Image-2025-04-22-at-08.50.52.jpeg","datePublished":"2025-04-22T13:24:01+00:00","dateModified":"2026-03-20T18:25:43+00:00","breadcrumb":{"@id":"https:\/\/radiolifefm.com.br\/noticias\/brasil-vive-raro-feriadao-de-quatro-dias-em-abril-de-2025-e-so-vera-novamente-em-2087\/#breadcrumb"},"inLanguage":"pt-BR","potentialAction":[{"@type":"ReadAction","target":["https:\/\/radiolifefm.com.br\/noticias\/brasil-vive-raro-feriadao-de-quatro-dias-em-abril-de-2025-e-so-vera-novamente-em-2087\/"]}]},{"@type":"ImageObject","inLanguage":"pt-BR","@id":"https:\/\/radiolifefm.com.br\/noticias\/brasil-vive-raro-feriadao-de-quatro-dias-em-abril-de-2025-e-so-vera-novamente-em-2087\/#primaryimage","url":"https:\/\/radiolifefm.com.br\/noticias\/wp-content\/uploads\/2025\/04\/WhatsApp-Image-2025-04-22-at-08.50.52.jpeg","contentUrl":"https:\/\/radiolifefm.com.br\/noticias\/wp-content\/uploads\/2025\/04\/WhatsApp-Image-2025-04-22-at-08.50.52.jpeg","width":275,"height":183},{"@type":"BreadcrumbList","@id":"https:\/\/radiolifefm.com.br\/noticias\/brasil-vive-raro-feriadao-de-quatro-dias-em-abril-de-2025-e-so-vera-novamente-em-2087\/#breadcrumb","itemListElement":[{"@type":"ListItem","position":1,"name":"In\u00edcio","item":"https:\/\/radiolifefm.com.br\/noticias\/"},{"@type":"ListItem","position":2,"name":"Brasil vive raro feriad\u00e3o de quatro dias em abril de 2025 \u2013 e s\u00f3 ver\u00e1 novamente em 2087"}]},{"@type":"WebSite","@id":"https:\/\/radiolifefm.com.br\/noticias\/#website","url":"https:\/\/radiolifefm.com.br\/noticias\/","name":"R\u00e1dio Life FM","description":"O Portal de Not\u00edcias de Adamantina","publisher":{"@id":"https:\/\/radiolifefm.com.br\/noticias\/#organization"},"alternateName":"Life FM","potentialAction":[{"@type":"SearchAction","target":{"@type":"EntryPoint","urlTemplate":"https:\/\/radiolifefm.com.br\/noticias\/?s={search_term_string}"},"query-input":{"@type":"PropertyValueSpecification","valueRequired":true,"valueName":"search_term_string"}}],"inLanguage":"pt-BR"},{"@type":"Organization","@id":"https:\/\/radiolifefm.com.br\/noticias\/#organization","name":"R\u00e1dio Life FM","alternateName":"Life FM","url":"https:\/\/radiolifefm.com.br\/noticias\/","logo":{"@type":"ImageObject","inLanguage":"pt-BR","@id":"https:\/\/radiolifefm.com.br\/noticias\/#\/schema\/logo\/image\/","url":"https:\/\/static.radiolifefm.com.br\/noticias\/wp-content\/uploads\/2019\/10\/logo-lifefm.png","contentUrl":"https:\/\/static.radiolifefm.com.br\/noticias\/wp-content\/uploads\/2019\/10\/logo-lifefm.png","width":196,"height":47,"caption":"R\u00e1dio Life FM"},"image":{"@id":"https:\/\/radiolifefm.com.br\/noticias\/#\/schema\/logo\/image\/"},"sameAs":["https:\/\/www.facebook.com\/radiolifefm\/","https:\/\/www.instagram.com\/life1079fm\/"]},{"@type":"Person","@id":"https:\/\/radiolifefm.com.br\/noticias\/#\/schema\/person\/6876e1240feffe6e1b63fd5cb85abf28","name":"joaograndao","image":{"@type":"ImageObject","inLanguage":"pt-BR","@id":"https:\/\/secure.gravatar.com\/avatar\/d5b1a3cf357ed9c50404e256a1294083aa8ab5d2a994001567302786016cb32c?s=96&d=mm&r=g","url":"https:\/\/secure.gravatar.com\/avatar\/d5b1a3cf357ed9c50404e256a1294083aa8ab5d2a994001567302786016cb32c?s=96&d=mm&r=g","contentUrl":"https:\/\/secure.gravatar.com\/avatar\/d5b1a3cf357ed9c50404e256a1294083aa8ab5d2a994001567302786016cb32c?s=96&d=mm&r=g","caption":"joaograndao"}}]}},"amp_enabled":true,"_links":{"self":[{"href":"https:\/\/radiolifefm.com.br\/noticias\/wp-json\/wp\/v2\/posts\/100101","targetHints":{"allow":["GET"]}}],"collection":[{"href":"https:\/\/radiolifefm.com.br\/noticias\/wp-json\/wp\/v2\/posts"}],"about":[{"href":"https:\/\/radiolifefm.com.br\/noticias\/wp-json\/wp\/v2\/types\/post"}],"author":[{"embeddable":true,"href":"https:\/\/radiolifefm.com.br\/noticias\/wp-json\/wp\/v2\/users\/8"}],"replies":[{"embeddable":true,"href":"https:\/\/radiolifefm.com.br\/noticias\/wp-json\/wp\/v2\/comments?post=100101"}],"version-history":[{"count":1,"href":"https:\/\/radiolifefm.com.br\/noticias\/wp-json\/wp\/v2\/posts\/100101\/revisions"}],"predecessor-version":[{"id":100103,"href":"https:\/\/radiolifefm.com.br\/noticias\/wp-json\/wp\/v2\/posts\/100101\/revisions\/100103"}],"wp:featuredmedia":[{"embeddable":true,"href":"https:\/\/radiolifefm.com.br\/noticias\/wp-json\/wp\/v2\/media\/100102"}],"wp:attachment":[{"href":"https:\/\/radiolifefm.com.br\/noticias\/wp-json\/wp\/v2\/media?parent=100101"}],"wp:term":[{"taxonomy":"category","embeddable":true,"href":"https:\/\/radiolifefm.com.br\/noticias\/wp-json\/wp\/v2\/categories?post=100101"},{"taxonomy":"post_tag","embeddable":true,"href":"https:\/\/radiolifefm.com.br\/noticias\/wp-json\/wp\/v2\/tags?post=100101"}],"curies":[{"name":"wp","href":"https:\/\/api.w.org\/{rel}","templated":true}]}}